{"id":22908,"date":"2022-12-15T12:48:14","date_gmt":"2022-12-15T09:48:14","guid":{"rendered":"http:\/\/akdenizolaygazetesi.com\/?p=22908"},"modified":"2022-12-15T12:48:14","modified_gmt":"2022-12-15T09:48:14","slug":"vali-ali-hamza-pehlivan-zirvedekiler-dergisi-odul-torenine-katildi","status":"publish","type":"post","link":"https:\/\/akdenizolaygazetesi.com\/?p=22908","title":{"rendered":"VAL\u0130 AL\u0130 HAMZA PEHL\u0130VAN, Z\u0130RVEDEK\u0130LER DERG\u0130S\u0130 \u00d6D\u00dcL T\u00d6REN\u0130NE KATILDI"},"content":{"rendered":"<p>Vali Ali Hamza Pehlivan, Burak Karata\u015f Medya&#8217;n\u0131n d\u00fczenledi\u011fi Zirvedekiler Dergisi \u00f6d\u00fcl t\u00f6renine kat\u0131ld\u0131. <\/p>\n<p>Bu y\u0131l 6.&#8217;s\u0131 d\u00fczenlenen \u00f6d\u00fcl t\u00f6reninde, &#8220;Y\u0131l\u0131n Kurumu&#8221; \u00f6d\u00fcl\u00fcn\u00fc Mersin Valili\u011fi ad\u0131na alan Vali Ali Hamza Pehlivan yapm\u0131\u015f oldu\u011fu konu\u015fmas\u0131nda;<br \/>\nZirvedekiler dergisini,d\u00fczenlemi\u015f olduklar\u0131 bu organizasyondan kutluyor, &#8220;Y\u0131l\u0131n Kurumu&#8221; \u00f6d\u00fcl\u00fcn\u00fc Mersin Valili\u011fimize verdikleri i\u00e7in te\u015fekk\u00fcr ediyorum.<\/p>\n<p>Valili\u011fimiz, b\u00fct\u00fcn illerde oldu\u011fu gibi, devletimizi, ba\u015fta Cumhurba\u015fkanl\u0131\u011f\u0131m\u0131z olmak \u00fczere b\u00fct\u00fcn Bakanl\u0131klar\u0131m\u0131z\u0131 temsil ediyor. \u0130ldeki b\u00fct\u00fcn kamu ad\u0131na yap\u0131lan yat\u0131r\u0131mlar\u0131, hizmetleri, himaye ediyor. Bununla birlikte de Valili\u011fimiz; vatanda\u015f\u0131m\u0131z\u0131, i\u015f d\u00fcnyas\u0131 dahil toplumumuzun b\u00fct\u00fcn kesimlerini, e\u011fitimden tar\u0131ma, sanayiye; k\u00fclt\u00fcr turizmden ula\u015f\u0131ma, sosyal hizmetlere, gen\u00e7lik spora kadar b\u00fct\u00fcn hizmet alanlar\u0131n\u0131 g\u00f6zeten bir anlay\u0131\u015fla Mersinli hem\u015ferilerimize etkin bir \u015fekilde hizmet etme gayreti i\u00e7indedir. Dolay\u0131s\u0131yla bu \u00f6d\u00fcl\u00fc Valili\u011fimizin himayesinde hizmet sunan b\u00fct\u00fcn kurum ve kurulu\u015flar\u0131m\u0131z ad\u0131na ve 100 binin \u00fczerindeki kamu \u00e7al\u0131\u015fanlar\u0131m\u0131z ad\u0131na almak istiyorum. <\/p>\n<p>Bu vesileyle de d\u00fcnden bug\u00fcne ba\u015fta bizden \u00f6nceki Say\u0131n Valilerimiz olmak \u00fczere, Valili\u011fimiz b\u00fcnyesine ba\u011fl\u0131 b\u00fct\u00fcn birimlerde \u00e7al\u0131\u015fm\u0131\u015f ve \u00e7al\u0131\u015f\u0131yor olan b\u00fct\u00fcn mesai arkada\u015flar\u0131m\u0131za \u015f\u00fckranlar\u0131m\u0131z\u0131 sunarak te\u015fekk\u00fcr ediyorum. <\/p>\n<p>E\u011fer devletimiz ve vatanda\u015f\u0131m\u0131z\u0131n kayna\u015fmas\u0131, kamu hizmetlerinin en etkin \u015fekilde vatanda\u015flar\u0131m\u0131za ula\u015fmas\u0131 m\u00fcmk\u00fcn oluyorsa i\u015fte bu kamu \u00e7al\u0131\u015fanlar\u0131m\u0131z\u0131n katk\u0131s\u0131yla, eme\u011fiyle oluyor.<\/p>\n<p>Mersin ilimiz, g\u00fczel T\u00fcrkiye&#8217;mizin g\u00fczel bir ili. Sadece Akdeniz&#8217;in de\u011fil, T\u00fcrkiye&#8217;mizin inci ve \u00f6nc\u00fc bir \u015fehri Mersin&#8217;imiz. B\u00f6yle g\u00fczel bir \u015fehre hizmet etmek, b\u00f6yle g\u00fczel bir \u015fehirde \u00e7al\u0131\u015fmak, b\u00f6yle g\u00fczel bir \u015fehirde ya\u015famak, b\u00f6yle kadir\u015finas Mersinli hem\u015ferilerimizle ayn\u0131 ortam\u0131 payla\u015fmak bizler i\u00e7in b\u00fcy\u00fck bir mutluluk b\u00fcy\u00fck bir gururdur. Bundan sonra da b\u00fct\u00fcn mesai arkada\u015flar\u0131m\u0131zla birlikte, sizlerle de hem sivil toplumla hem bizatihi vatanda\u015flar\u0131m\u0131zla bu g\u00fcne kadar oldu\u011fu gibi bundan sonra da g\u00f6n\u00fcl birli\u011fi ve el birli\u011fi i\u00e7erisinde hizmetlerimizin artarak devam edece\u011fini belirtmek istiyorum.<\/p>\n<p>Bu ak\u015fam \u00f6d\u00fcl alan her ki\u015fi, kurum ve kurulu\u015flar\u0131 tebrik ediyorum. Bu vesileyle, Zirvedekiler Dergisinin y\u0131l d\u00f6n\u00fcm\u00fcn\u00fcn kutlu olmas\u0131n\u0131 diliyorum.&#8221; ifadelerini kulland\u0131.<\/p>\n<p>Vali Ali Hamza Pehlivan, Y\u0131l-bor Boru Y\u00f6netim Kurulu Ba\u015fkan\u0131 Hasan Y\u0131ld\u0131r\u0131m&#8217;a Y\u0131l\u0131n \u0130\u015f \u0130nsan\u0131, Dicle Grup Y\u00f6netim Kurulu Ba\u015fkan\u0131 Serdar Y\u0131ld\u0131zg\u00f6rer&#8217;e Y\u0131l\u0131n Gen\u00e7 \u0130\u015f insan\u0131, Mersin Tarsus Organize Sanayi B\u00f6lgesi ad\u0131na Y\u00f6netim Kurulu Ba\u015fkan\u0131 Sabri Tekli&#8217;ye \u00f6d\u00fcllerini verdi.  <\/p>\n<p>\u00d6d\u00fcl t\u00f6renine Belediye Ba\u015fkanlar\u0131, sivil toplum ve meslek kurulu\u015flar\u0131n\u0131n temsilcileri, i\u015f insanlar\u0131 ve di\u011fer davetliler kat\u0131ld\u0131.<\/p>\n","protected":false},"excerpt":{"rendered":"<p>Vali Ali Hamza Pehlivan, Burak Karata\u015f Medya&#8217;n\u0131n d\u00fczenledi\u011fi Zirvedekiler Dergisi \u00f6d\u00fcl t\u00f6renine kat\u0131ld\u0131. Bu y\u0131l 6.&#8217;s\u0131 d\u00fczenlenen \u00f6d\u00fcl t\u00f6reninde, &#8220;Y\u0131l\u0131n Kurumu&#8221; \u00f6d\u00fcl\u00fcn\u00fc Mersin Valili\u011fi ad\u0131na alan Vali Ali Hamza Pehlivan &hellip; <a href=\"https:\/\/akdenizolaygazetesi.com\/?p=22908\" class=\"more-link\">Devam\u0131n\u0131 Oku&#8230;<\/a><\/p>\n","protected":false},"author":2,"featured_media":22909,"comment_status":"open","ping_status":"open","sticky":false,"template":"","format":"standard","meta":[],"categories":[2,3,5],"tags":[],"_links":{"self":[{"href":"https:\/\/akdenizolaygazetesi.com\/index.php?rest_route=\/wp\/v2\/posts\/22908"}],"collection":[{"href":"https:\/\/akdenizolaygazetesi.com\/index.php?rest_route=\/wp\/v2\/posts"}],"about":[{"href":"https:\/\/akdenizolaygazetesi.com\/index.php?rest_route=\/wp\/v2\/types\/post"}],"author":[{"embeddable":true,"href":"https:\/\/akdenizolaygazetesi.com\/index.php?rest_route=\/wp\/v2\/users\/2"}],"replies":[{"embeddable":true,"href":"https:\/\/akdenizolaygazetesi.com\/index.php?rest_route=%2Fwp%2Fv2%2Fcomments&post=22908"}],"version-history":[{"count":1,"href":"https:\/\/akdenizolaygazetesi.com\/index.php?rest_route=\/wp\/v2\/posts\/22908\/revisions"}],"predecessor-version":[{"id":22910,"href":"https:\/\/akdenizolaygazetesi.com\/index.php?rest_route=\/wp\/v2\/posts\/22908\/revisions\/22910"}],"wp:featuredmedia":[{"embeddable":true,"href":"https:\/\/akdenizolaygazetesi.com\/index.php?rest_route=\/wp\/v2\/media\/22909"}],"wp:attachment":[{"href":"https:\/\/akdenizolaygazetesi.com\/index.php?rest_route=%2Fwp%2Fv2%2Fmedia&parent=22908"}],"wp:term":[{"taxonomy":"category","embeddable":true,"href":"https:\/\/akdenizolaygazetesi.com\/index.php?rest_route=%2Fwp%2Fv2%2Fcategories&post=22908"},{"taxonomy":"post_tag","embeddable":true,"href":"https:\/\/akdenizolaygazetesi.com\/index.php?rest_route=%2Fwp%2Fv2%2Ftags&post=22908"}],"curies":[{"name":"wp","href":"https:\/\/api.w.org\/{rel}","templated":true}]}}