{"id":22914,"date":"2022-12-15T12:51:23","date_gmt":"2022-12-15T09:51:23","guid":{"rendered":"http:\/\/akdenizolaygazetesi.com\/?p=22914"},"modified":"2022-12-15T12:51:23","modified_gmt":"2022-12-15T09:51:23","slug":"minikbus-projesi-tum-kente-yayiliyor","status":"publish","type":"post","link":"https:\/\/akdenizolaygazetesi.com\/?p=22914","title":{"rendered":"&#8216;M\u0130N\u0130KB\u00dcS&#8217; PROJES\u0130 T\u00dcM KENTE YAYILIYOR"},"content":{"rendered":"<p>Mersin B\u00fcy\u00fck\u015fehir Belediyesi Sosyal Hizmetler Dairesi b\u00fcnyesinde hizmet veren MERC\u0130 \u00d6\u011frenci Dan\u0131\u015fmanl\u0131k Merkezi&#8217;nin &#8216;Minikb\u00fcs&#8217; projesinde, birinci etap tamamland\u0131.<br \/>\n\u00d6zellikle dezavantajl\u0131 b\u00f6lgelerde ya\u015fayan \u00f6\u011frencilerin gezerek ve g\u00f6rerek, farkl\u0131 bilgi sahibi olmalar\u0131 i\u00e7in s\u00fcrd\u00fcr\u00fclen projenin ilk etab\u0131nda, 16 okuldan toplam 3 bin 480 \u00f6\u011frenciye ula\u015f\u0131ld\u0131. Sosyal Hizmetler Dairesi&#8217;nin \u00f6nc\u00fcl\u00fc\u011f\u00fcnde y\u00fcr\u00fct\u00fclen projenin s\u0131n\u0131rlar\u0131 geni\u015fletilerek, ilgili di\u011fer daire ba\u015fkanl\u0131klar\u0131yla da ortak etkinlikler ve geziler ger\u00e7ekle\u015ftirildi. \u00d6\u011frenciler program kapsam\u0131nda Tarsus Do\u011fa Park\u0131, Silifke Gazi \u00c7iftli\u011fi, Macit \u00d6zcan Spor Kompleksi, Halkkent Engelsiz Ya\u015fam Merkezi ile m\u00fcze ve sinemaya g\u00f6t\u00fcr\u00fcld\u00fc.<br \/>\nKaraku\u015f: &#8220;\u00d6\u011frenciler Minikb\u00fcs ile kenti geziyor&#8221;<br \/>\nMersin B\u00fcy\u00fck\u015fehir Belediyesi Sosyal Hizmetler Dairesi E\u011fitim Hizmetleri \u015eube M\u00fcd\u00fcr\u00fc Cem Karaku\u015f proje hakk\u0131nda bilgi vererek, &#8220;\u00d6\u011frencilerimize, kentimizin k\u00fclt\u00fcrel ve e\u011fitsel mekanlar\u0131n\u0131 ve yerlerini g\u00f6stererek, e\u011flenceli bir \u015fekilde gezdirdik. Bundan sonraki geri d\u00f6n\u00fc\u015flerde hem \u00f6\u011frencilerimizden olsun, hem de velilerimizden olsun bu projenin daha da b\u00fcy\u00fcyerek devam etmesini istedik. Bu y\u0131l da 9 daire ba\u015fkanl\u0131\u011f\u0131m\u0131zla bir araya gelerek, bu projemizin daha da geni\u015f kitlelere ula\u015fmas\u0131n\u0131 hedefledik&#8221; diye konu\u015ftu.<br \/>\nYeni ismi &#8216;Minikb\u00fcs&#8217; olan projenin 2 a\u015famadan olu\u015ftu\u011funu s\u00f6zlerine ekleyen Karaku\u015f, &#8220;1. etab\u0131m\u0131zda Ekim ve Kas\u0131m ay\u0131ndaki turlar\u0131m\u0131z\u0131 ger\u00e7ekle\u015ftirdik. Bu kapsamda \u00f6\u011frencilerimiz, Silifke&#8217;den Tarsus&#8217;a kadar gezilecek yerleri g\u00f6rd\u00fc. Ayn\u0131 zamanda hi\u00e7 sinemay\u0131 g\u00f6rmeyen, tiyatroyu g\u00f6rmeyen \u00f6\u011frencilerimizi tiyatro ve sinema ile bulu\u015fturduk. 1. etab\u0131m\u0131z\u0131 ba\u015far\u0131l\u0131 bir \u015fekilde bitirdik. 2. etab\u0131m\u0131z\u0131 ise Mart, Nisan ve May\u0131s aylar\u0131nda ger\u00e7ekle\u015ftirece\u011fiz. 2. etab\u0131m\u0131z i\u00e7in \u00e7al\u0131\u015fmalara devam ediyoruz&#8221; dedi. <\/p>\n","protected":false},"excerpt":{"rendered":"<p>Mersin B\u00fcy\u00fck\u015fehir Belediyesi Sosyal Hizmetler Dairesi b\u00fcnyesinde hizmet veren MERC\u0130 \u00d6\u011frenci Dan\u0131\u015fmanl\u0131k Merkezi&#8217;nin &#8216;Minikb\u00fcs&#8217; projesinde, birinci etap tamamland\u0131. \u00d6zellikle dezavantajl\u0131 b\u00f6lgelerde ya\u015fayan \u00f6\u011frencilerin gezerek ve g\u00f6rerek, farkl\u0131 bilgi sahibi olmalar\u0131 &hellip; <a href=\"https:\/\/akdenizolaygazetesi.com\/?p=22914\" class=\"more-link\">Devam\u0131n\u0131 Oku&#8230;<\/a><\/p>\n","protected":false},"author":2,"featured_media":22915,"comment_status":"open","ping_status":"open","sticky":false,"template":"","format":"standard","meta":[],"categories":[3],"tags":[],"_links":{"self":[{"href":"https:\/\/akdenizolaygazetesi.com\/index.php?rest_route=\/wp\/v2\/posts\/22914"}],"collection":[{"href":"https:\/\/akdenizolaygazetesi.com\/index.php?rest_route=\/wp\/v2\/posts"}],"about":[{"href":"https:\/\/akdenizolaygazetesi.com\/index.php?rest_route=\/wp\/v2\/types\/post"}],"author":[{"embeddable":true,"href":"https:\/\/akdenizolaygazetesi.com\/index.php?rest_route=\/wp\/v2\/users\/2"}],"replies":[{"embeddable":true,"href":"https:\/\/akdenizolaygazetesi.com\/index.php?rest_route=%2Fwp%2Fv2%2Fcomments&post=22914"}],"version-history":[{"count":1,"href":"https:\/\/akdenizolaygazetesi.com\/index.php?rest_route=\/wp\/v2\/posts\/22914\/revisions"}],"predecessor-version":[{"id":22916,"href":"https:\/\/akdenizolaygazetesi.com\/index.php?rest_route=\/wp\/v2\/posts\/22914\/revisions\/22916"}],"wp:featuredmedia":[{"embeddable":true,"href":"https:\/\/akdenizolaygazetesi.com\/index.php?rest_route=\/wp\/v2\/media\/22915"}],"wp:attachment":[{"href":"https:\/\/akdenizolaygazetesi.com\/index.php?rest_route=%2Fwp%2Fv2%2Fmedia&parent=22914"}],"wp:term":[{"taxonomy":"category","embeddable":true,"href":"https:\/\/akdenizolaygazetesi.com\/index.php?rest_route=%2Fwp%2Fv2%2Fcategories&post=22914"},{"taxonomy":"post_tag","embeddable":true,"href":"https:\/\/akdenizolaygazetesi.com\/index.php?rest_route=%2Fwp%2Fv2%2Ftags&post=22914"}],"curies":[{"name":"wp","href":"https:\/\/api.w.org\/{rel}","templated":true}]}}