{"id":22923,"date":"2022-12-15T16:37:54","date_gmt":"2022-12-15T13:37:54","guid":{"rendered":"http:\/\/akdenizolaygazetesi.com\/?p=22923"},"modified":"2022-12-15T16:37:54","modified_gmt":"2022-12-15T13:37:54","slug":"gultak-camlibel-su-sporlari-merkezi-projenin-resmi-rakamlarini-acikladi","status":"publish","type":"post","link":"https:\/\/akdenizolaygazetesi.com\/?p=22923","title":{"rendered":"G\u00dcLTAK, \u00c7AMLIBEL SU SPORLARI MERKEZ\u0130 PROJEN\u0130N RESM\u0130 RAKAMLARINI A\u00c7IKLADI"},"content":{"rendered":"<p>\u00c7aml\u0131bel Su Sporlar\u0131 Merkezi Projesi\u2019nin Bakanl\u0131k\u00e7a a\u00e7\u0131klanan resmi rakamlar\u0131n\u0131 ve detaylar\u0131n\u0131 Mersin kamuoyu ile payla\u015fan Ba\u015fkan G\u00fcltak, \u201cProje, 13 bin metrekare kapal\u0131 alan i\u00e7erisinde AVM ve kafe restoran alanlar\u0131 toplamda 4 bin 500 metrekareyi ge\u00e7meyecek. Gerisi tamamen yat ve su sporlar\u0131 merkeziyle ilgili alanlar. Bu rakamlar\u0131n tamam\u0131 resmi rakamlard\u0131r\u201d dedi.<br \/>\n\u201c\u00c7aml\u0131bel Projesi, T\u00fcrkiye standartlar\u0131nda bir proje\u201d<br \/>\nAkdeniz Belediye Ba\u015fkan\u0131 M. Mustafa G\u00fcltak, kat\u0131ld\u0131\u011f\u0131 bir canl\u0131 televizyon program\u0131nda Ula\u015ft\u0131rma ve Altyap\u0131 Bakanl\u0131\u011f\u0131\u2019n\u0131n haz\u0131rlad\u0131\u011f\u0131 \u00c7aml\u0131bel Su Sporlar\u0131 Merkezi Projesi ile ilgili resmi rakamlar\u0131n\u0131 payla\u015ft\u0131. \u00c7aml\u0131bel\u2019de ger\u00e7ekle\u015fecek projenin, T\u00fcrkiye standartlar\u0131nda vizyon bir proje olaca\u011f\u0131n\u0131n alt\u0131n\u0131 \u00e7izen Ba\u015fkan G\u00fcltak; \u201cBurada toplamda 68 bin metrekare civar\u0131nda bir alan olacak. Bir k\u0131s\u0131m dolgu alanlar\u0131 yer alacak ve yeni mendirekler dikilecek.<br \/>\n\u00c7\u00fcnk\u00fc \u015fu anki mendirekler ve iskeleler de y\u0131k\u0131lacak durumda. Ayr\u0131ca amat\u00f6r bal\u0131k\u00e7\u0131lar\u0131n da olaca\u011f\u0131 yeni bir limandan bahsediyoruz. T\u00fcrkiye\u2019deki marinalar ve su sporlar\u0131 merkezi 0,20 yo\u011funlukta yap\u0131lm\u0131\u015ft\u0131r. Biz de projeyi, Bakanl\u0131ktan 0,20 yo\u011funluk ile ge\u00e7mesini sa\u011flad\u0131k. Bunu da \u00e7arpt\u0131\u011f\u0131n\u0131z zaman 13 bin metrekare kapal\u0131 alan yapar. Yap\u0131lacak binalar da 7 bu\u00e7uk metreyi ge\u00e7meyecek\u201d diye konu\u015ftu.<br \/>\n\u201cAVM ve kafe restoran alanlar\u0131 toplamda 4 bin 500 metrekareyi ge\u00e7miyor\u201d<br \/>\nBa\u015fkan G\u00fcltak; projede yer alan kara alan\u0131n toplamda net olarak 68 bin 310 metrekare oldu\u011funu, kapal\u0131 alan\u0131n ise 13 bin 662 metrekare oldu\u011funu belirterek s\u00f6zlerini \u015f\u00f6yle tamamlad\u0131:<br \/>\n\u201cBakanl\u0131\u011f\u0131m\u0131zdan proje ile ilgili a\u00e7\u0131klanan son rakamlar \u015f\u00f6yle; \u2018Yat\u00e7\u0131 emanet ve malzeme odalar\u0131 900 metrekare, yat\u00e7\u0131 tesisi\/WC\/du\u015f 315 metrekare, yat bak\u0131m ma\u011fazalar\u0131 200 metrekare, b\u00fcfe kafeterya 200 metrekare, yat\u00e7\u0131 e\u011flence tesisi 30 metrekare, yat\u00e7\u0131 m\u00fcdahale ve sa\u011fl\u0131k tesisleri 300 metrekare, yat\u00e7\u0131 kafeterya 200 metrekare. Al\u0131\u015fveri\u015f merkezi alan\u0131 2 bin metrekare ve kafe restoran alan\u0131 da 2 bin 520 metrekare&#8230; Bakt\u0131\u011f\u0131m\u0131zda 13 bin metrekare kapal\u0131 alan i\u00e7erisinde, AVM ve kafe restoran alanlar\u0131 toplamda 4 bin 500 metrekareyi ge\u00e7miyor. Gerisi, tamamen yat ve su sporlar\u0131 merkezi ile ilgili alanlar.\u201d<\/p>\n","protected":false},"excerpt":{"rendered":"<p>\u00c7aml\u0131bel Su Sporlar\u0131 Merkezi Projesi\u2019nin Bakanl\u0131k\u00e7a a\u00e7\u0131klanan resmi rakamlar\u0131n\u0131 ve detaylar\u0131n\u0131 Mersin kamuoyu ile payla\u015fan Ba\u015fkan G\u00fcltak, \u201cProje, 13 bin metrekare kapal\u0131 alan i\u00e7erisinde AVM ve kafe restoran alanlar\u0131 toplamda &hellip; <a href=\"https:\/\/akdenizolaygazetesi.com\/?p=22923\" class=\"more-link\">Devam\u0131n\u0131 Oku&#8230;<\/a><\/p>\n","protected":false},"author":2,"featured_media":22924,"comment_status":"open","ping_status":"open","sticky":false,"template":"","format":"standard","meta":[],"categories":[3],"tags":[],"_links":{"self":[{"href":"https:\/\/akdenizolaygazetesi.com\/index.php?rest_route=\/wp\/v2\/posts\/22923"}],"collection":[{"href":"https:\/\/akdenizolaygazetesi.com\/index.php?rest_route=\/wp\/v2\/posts"}],"about":[{"href":"https:\/\/akdenizolaygazetesi.com\/index.php?rest_route=\/wp\/v2\/types\/post"}],"author":[{"embeddable":true,"href":"https:\/\/akdenizolaygazetesi.com\/index.php?rest_route=\/wp\/v2\/users\/2"}],"replies":[{"embeddable":true,"href":"https:\/\/akdenizolaygazetesi.com\/index.php?rest_route=%2Fwp%2Fv2%2Fcomments&post=22923"}],"version-history":[{"count":1,"href":"https:\/\/akdenizolaygazetesi.com\/index.php?rest_route=\/wp\/v2\/posts\/22923\/revisions"}],"predecessor-version":[{"id":22925,"href":"https:\/\/akdenizolaygazetesi.com\/index.php?rest_route=\/wp\/v2\/posts\/22923\/revisions\/22925"}],"wp:featuredmedia":[{"embeddable":true,"href":"https:\/\/akdenizolaygazetesi.com\/index.php?rest_route=\/wp\/v2\/media\/22924"}],"wp:attachment":[{"href":"https:\/\/akdenizolaygazetesi.com\/index.php?rest_route=%2Fwp%2Fv2%2Fmedia&parent=22923"}],"wp:term":[{"taxonomy":"category","embeddable":true,"href":"https:\/\/akdenizolaygazetesi.com\/index.php?rest_route=%2Fwp%2Fv2%2Fcategories&post=22923"},{"taxonomy":"post_tag","embeddable":true,"href":"https:\/\/akdenizolaygazetesi.com\/index.php?rest_route=%2Fwp%2Fv2%2Ftags&post=22923"}],"curies":[{"name":"wp","href":"https:\/\/api.w.org\/{rel}","templated":true}]}}