{"id":22929,"date":"2022-12-15T16:40:45","date_gmt":"2022-12-15T13:40:45","guid":{"rendered":"http:\/\/akdenizolaygazetesi.com\/?p=22929"},"modified":"2022-12-15T16:40:45","modified_gmt":"2022-12-15T13:40:45","slug":"akdenizde-asfalt-serimi-ve-kaldirim-yenileme-calismalari-suruyor","status":"publish","type":"post","link":"https:\/\/akdenizolaygazetesi.com\/?p=22929","title":{"rendered":"AKDEN\u0130Z\u2019DE ASFALT SER\u0130M\u0130 VE KALDIRIM YEN\u0130LEME \u00c7ALI\u015eMALARI S\u00dcR\u00dcYOR"},"content":{"rendered":"<p>Akdeniz Belediyesi, ihtiya\u00e7 duyan mahallelerde so\u011fuk asfalt (sathi) kaplama, kilit ta\u015f\u0131 ve kald\u0131r\u0131m yenileme \u00e7al\u0131\u015fmalar\u0131yla vatanda\u015flar\u0131n hayat\u0131n\u0131 kolayla\u015ft\u0131rmaya, il\u00e7enin \u00e7ehresini de\u011fi\u015ftirmeye devam ediyor.<br \/>\nAkdeniz Belediyesi Fen \u0130\u015fleri M\u00fcd\u00fcrl\u00fc\u011f\u00fc\u2019ne ba\u011fl\u0131 ekipler, haz\u0131rlad\u0131klar\u0131 plan ve program kapsam\u0131nda, merkez-k\u0131rsal ay\u0131r\u0131m\u0131 yapmadan ihtiya\u00e7 duyan her mahallede so\u011fuk asfalt (sathi) serim \u00e7al\u0131\u015fmas\u0131, asfalt yama, kilit ta\u015f\u0131 ve kald\u0131r\u0131m yenileme ve tamir \u00e7al\u0131\u015fmalar\u0131yla vatanda\u015flar\u0131n hayat\u0131n\u0131 kolayla\u015ft\u0131rmaya devam ediyor.<br \/>\nKent merkezinin yan\u0131 s\u0131ra, k\u0131rsal b\u00f6lgelerde de \u00e7al\u0131\u015fmalar\u0131n\u0131 yo\u011funla\u015ft\u0131ran ekipler, bu kapsamda \u015eevket S\u00fcmer Mahallesi\u2019nin farkl\u0131 sokaklar\u0131nda \u00e7\u00f6kme ya\u015fanan yerlerde asfalt kaplama ve yama \u00e7al\u0131\u015fmas\u0131 yapt\u0131.<br \/>\nHuzurkent Gazi Mahallesi Kanal-2 Sokak \u00fczerindeki kald\u0131r\u0131mlar\u0131 kilit ta\u015flar\u0131n\u0131 yenileyen ekipler, Anadolu Cam Sanayi ile \u00c7\u0130MSA aras\u0131nda, Fabrikalar Soka\u011f\u0131 olarak bilinen b\u00f6lgede asfalta serimi i\u00e7in trimerle s\u00f6k\u00fcm i\u015flemi yapt\u0131.<br \/>\n\u00d6te yandan Bekirde, Sar\u0131ibrahimli, Hebilli ve Yanpar mahallelerinin yollar\u0131nda da so\u011fuk asfalt \u00e7al\u0131\u015fmas\u0131; M\u00fcfide \u0130lhan Mahallesi\u2019nde de asfalt yama \u00e7al\u0131\u015fmas\u0131 yapan ekipler, Mithat Pa\u015fa ile G\u00fcne\u015f mahallelerinin muhtelif sokaklar\u0131nda da kilit ta\u015f\u0131 ve kald\u0131r\u0131m tamirat\u0131 \u00e7al\u0131\u015fmas\u0131 ger\u00e7ekle\u015ftirdi.<\/p>\n","protected":false},"excerpt":{"rendered":"<p>Akdeniz Belediyesi, ihtiya\u00e7 duyan mahallelerde so\u011fuk asfalt (sathi) kaplama, kilit ta\u015f\u0131 ve kald\u0131r\u0131m yenileme \u00e7al\u0131\u015fmalar\u0131yla vatanda\u015flar\u0131n hayat\u0131n\u0131 kolayla\u015ft\u0131rmaya, il\u00e7enin \u00e7ehresini de\u011fi\u015ftirmeye devam ediyor. Akdeniz Belediyesi Fen \u0130\u015fleri M\u00fcd\u00fcrl\u00fc\u011f\u00fc\u2019ne ba\u011fl\u0131 ekipler, &hellip; <a href=\"https:\/\/akdenizolaygazetesi.com\/?p=22929\" class=\"more-link\">Devam\u0131n\u0131 Oku&#8230;<\/a><\/p>\n","protected":false},"author":2,"featured_media":22930,"comment_status":"open","ping_status":"open","sticky":false,"template":"","format":"standard","meta":[],"categories":[3],"tags":[],"_links":{"self":[{"href":"https:\/\/akdenizolaygazetesi.com\/index.php?rest_route=\/wp\/v2\/posts\/22929"}],"collection":[{"href":"https:\/\/akdenizolaygazetesi.com\/index.php?rest_route=\/wp\/v2\/posts"}],"about":[{"href":"https:\/\/akdenizolaygazetesi.com\/index.php?rest_route=\/wp\/v2\/types\/post"}],"author":[{"embeddable":true,"href":"https:\/\/akdenizolaygazetesi.com\/index.php?rest_route=\/wp\/v2\/users\/2"}],"replies":[{"embeddable":true,"href":"https:\/\/akdenizolaygazetesi.com\/index.php?rest_route=%2Fwp%2Fv2%2Fcomments&post=22929"}],"version-history":[{"count":1,"href":"https:\/\/akdenizolaygazetesi.com\/index.php?rest_route=\/wp\/v2\/posts\/22929\/revisions"}],"predecessor-version":[{"id":22931,"href":"https:\/\/akdenizolaygazetesi.com\/index.php?rest_route=\/wp\/v2\/posts\/22929\/revisions\/22931"}],"wp:featuredmedia":[{"embeddable":true,"href":"https:\/\/akdenizolaygazetesi.com\/index.php?rest_route=\/wp\/v2\/media\/22930"}],"wp:attachment":[{"href":"https:\/\/akdenizolaygazetesi.com\/index.php?rest_route=%2Fwp%2Fv2%2Fmedia&parent=22929"}],"wp:term":[{"taxonomy":"category","embeddable":true,"href":"https:\/\/akdenizolaygazetesi.com\/index.php?rest_route=%2Fwp%2Fv2%2Fcategories&post=22929"},{"taxonomy":"post_tag","embeddable":true,"href":"https:\/\/akdenizolaygazetesi.com\/index.php?rest_route=%2Fwp%2Fv2%2Ftags&post=22929"}],"curies":[{"name":"wp","href":"https:\/\/api.w.org\/{rel}","templated":true}]}}