{"id":22939,"date":"2022-12-16T12:43:30","date_gmt":"2022-12-16T09:43:30","guid":{"rendered":"http:\/\/akdenizolaygazetesi.com\/?p=22939"},"modified":"2022-12-16T12:43:30","modified_gmt":"2022-12-16T09:43:30","slug":"tarihi-ulu-carsi-meydanina-yeni-bir-guvercinevi","status":"publish","type":"post","link":"https:\/\/akdenizolaygazetesi.com\/?p=22939","title":{"rendered":"TAR\u0130H\u0130 ULU \u00c7AR\u015eI MEYDANI&#8217;NA YEN\u0130 B\u0130R &#8216;G\u00dcVERC\u0130NEV\u0130&#8217;"},"content":{"rendered":"<p>Mersin B\u00fcy\u00fck\u015fehir Belediyesi, Ulu \u00c7ar\u015f\u0131 Meydan\u0131&#8217;nda 20 y\u0131ld\u0131r ku\u015fyemi satan ve kul\u00fcbesi eski oldu\u011fu i\u00e7in zor \u015fartlarda \u00e7al\u0131\u015fan esnaf Ayhan Ekici&#8217;ye yeni bir &#8216;G\u00fcvercinevi&#8217; teslim etti.<br \/>\nKent tarihinde \u00f6nemli bir yere sahip ve sembolik bir mekan olan Ulu \u00c7ar\u015f\u0131 Meydan\u0131&#8217;nda 20 y\u0131ld\u0131r ku\u015fyemi satan Ayhan Ekici, eskiyen kul\u00fcbesi dolay\u0131s\u0131yla hem yaz hem de k\u0131\u015f aylar\u0131nda zor \u015fartlar alt\u0131nda \u00e7al\u0131\u015f\u0131yordu.<br \/>\nB\u00fcy\u00fck\u015fehir ekipleri, eski ve at\u0131l durumda olan kul\u00fcbenin yerine, daha modern ve kullan\u0131\u015fl\u0131 bir kul\u00fcbe yapt\u0131. &#8216;G\u00fcvencinevi&#8217; ad\u0131 verilen kul\u00fcbe, k\u0131sa s\u00fcrede yerine yerle\u015ftirildi. Yeni kul\u00fcbesine kavu\u015fan esnaf Ekici, art\u0131k yaz aylar\u0131nda s\u0131caktan, k\u0131\u015f aylar\u0131nda da so\u011fuktan korunacak.<br \/>\nDamar: &#8220;\u0130malat\u0131n\u0131 kendi at\u00f6lyemizde ger\u00e7ekle\u015ftirdik&#8221;<br \/>\nMersin B\u00fcy\u00fck\u015fehir Belediyesi Et\u00fct ve Projeler Dairesi&#8217;nde g\u00f6rev yapan Mimar Zeynep Damar, Ulu \u00c7ar\u015f\u0131&#8217;da 20 y\u0131ld\u0131r ku\u015fyemi satan esnaf\u0131n kul\u00fcbesini yenilediklerini belirterek, &#8220;Burada g\u00fcvercinlere yem sat\u0131\u015f\u0131 yapan esnaf\u0131m\u0131z\u0131n \u00e7ok k\u00f6t\u00fc \u015fartlarda \u00e7al\u0131\u015ft\u0131\u011f\u0131n\u0131 g\u00f6rd\u00fck. Kul\u00fcbe i\u00e7in Et\u00fct ve Projeler Dairesi tasar\u0131m ofisi olarak bir tasar\u0131m geli\u015ftirdik ve Fen \u0130\u015fleri Dairesi Ba\u015fkanl\u0131\u011f\u0131&#8217;nda kendi at\u00f6lyemizde imalat\u0131n\u0131 tamamlayarak esnaf\u0131m\u0131za teslim ettik&#8221; ifadelerini kulland\u0131.<br \/>\nEkici: &#8220;So\u011fuktan, ya\u011fmurdan korunaca\u011f\u0131z&#8221;<br \/>\n20 y\u0131ld\u0131r ayn\u0131 noktada ku\u015fyemi satan Ayhan Ekici, zor \u015fartlarda \u00e7al\u0131\u015ft\u0131\u011f\u0131 eski kul\u00fcbesinin de\u011fi\u015ftirilmesinden olduk\u00e7a memnun. Hem yaz aylar\u0131nda, hem de k\u0131\u015f aylar\u0131nda s\u0131k\u0131nt\u0131 ya\u015fad\u0131\u011f\u0131n\u0131 ifade eden Ekici, &#8220;20 y\u0131ld\u0131r ben bu i\u015f yap\u0131yorum. \u00c7ocuklu\u011fum burada ge\u00e7ti. Allah bin kere raz\u0131 olsun Vahap Ba\u015fkan\u0131m\u0131zdan. Kendisine \u00e7ok te\u015fekk\u00fcr ediyoruz, varl\u0131\u011f\u0131 daim olsun. Bu kul\u00fcbenin gelmesiyle, insan gibi ya\u015famay\u0131 hissettik. En az\u0131ndan k\u0131\u015ftan, so\u011fuktan, ya\u011fmurdan korunaca\u011f\u0131m\u0131z\u0131 d\u00fc\u015f\u00fcn\u00fcyoruz. Ayr\u0131ca Ulu Camimize, Ulu \u00c7ar\u015f\u0131m\u0131za \u00e7ok g\u00fczel bir g\u00f6rsellik sa\u011flad\u0131. Buraya gelen karde\u015flerimize, arkada\u015flar\u0131m\u0131za, \u00e7ocuklar\u0131m\u0131za ki; buras\u0131 \u00e7ocuk d\u00fcnyas\u0131; \u00e7ok g\u00fczel bir g\u00f6rsellik var. Daha sa\u011fl\u0131kl\u0131, daha g\u00fczel oldu\u011funu d\u00fc\u015f\u00fcn\u00fcyorum&#8221; dedi.<\/p>\n","protected":false},"excerpt":{"rendered":"<p>Mersin B\u00fcy\u00fck\u015fehir Belediyesi, Ulu \u00c7ar\u015f\u0131 Meydan\u0131&#8217;nda 20 y\u0131ld\u0131r ku\u015fyemi satan ve kul\u00fcbesi eski oldu\u011fu i\u00e7in zor \u015fartlarda \u00e7al\u0131\u015fan esnaf Ayhan Ekici&#8217;ye yeni bir &#8216;G\u00fcvercinevi&#8217; teslim etti. Kent tarihinde \u00f6nemli bir &hellip; <a href=\"https:\/\/akdenizolaygazetesi.com\/?p=22939\" class=\"more-link\">Devam\u0131n\u0131 Oku&#8230;<\/a><\/p>\n","protected":false},"author":2,"featured_media":22940,"comment_status":"open","ping_status":"open","sticky":false,"template":"","format":"standard","meta":[],"categories":[2,3],"tags":[],"_links":{"self":[{"href":"https:\/\/akdenizolaygazetesi.com\/index.php?rest_route=\/wp\/v2\/posts\/22939"}],"collection":[{"href":"https:\/\/akdenizolaygazetesi.com\/index.php?rest_route=\/wp\/v2\/posts"}],"about":[{"href":"https:\/\/akdenizolaygazetesi.com\/index.php?rest_route=\/wp\/v2\/types\/post"}],"author":[{"embeddable":true,"href":"https:\/\/akdenizolaygazetesi.com\/index.php?rest_route=\/wp\/v2\/users\/2"}],"replies":[{"embeddable":true,"href":"https:\/\/akdenizolaygazetesi.com\/index.php?rest_route=%2Fwp%2Fv2%2Fcomments&post=22939"}],"version-history":[{"count":1,"href":"https:\/\/akdenizolaygazetesi.com\/index.php?rest_route=\/wp\/v2\/posts\/22939\/revisions"}],"predecessor-version":[{"id":22941,"href":"https:\/\/akdenizolaygazetesi.com\/index.php?rest_route=\/wp\/v2\/posts\/22939\/revisions\/22941"}],"wp:featuredmedia":[{"embeddable":true,"href":"https:\/\/akdenizolaygazetesi.com\/index.php?rest_route=\/wp\/v2\/media\/22940"}],"wp:attachment":[{"href":"https:\/\/akdenizolaygazetesi.com\/index.php?rest_route=%2Fwp%2Fv2%2Fmedia&parent=22939"}],"wp:term":[{"taxonomy":"category","embeddable":true,"href":"https:\/\/akdenizolaygazetesi.com\/index.php?rest_route=%2Fwp%2Fv2%2Fcategories&post=22939"},{"taxonomy":"post_tag","embeddable":true,"href":"https:\/\/akdenizolaygazetesi.com\/index.php?rest_route=%2Fwp%2Fv2%2Ftags&post=22939"}],"curies":[{"name":"wp","href":"https:\/\/api.w.org\/{rel}","templated":true}]}}