{"id":22945,"date":"2022-12-16T12:47:17","date_gmt":"2022-12-16T09:47:17","guid":{"rendered":"http:\/\/akdenizolaygazetesi.com\/?p=22945"},"modified":"2022-12-16T12:47:17","modified_gmt":"2022-12-16T09:47:17","slug":"mersin-de-yanginla-mucadelede-kullanilan-arac-sayimiz-artiyor","status":"publish","type":"post","link":"https:\/\/akdenizolaygazetesi.com\/?p=22945","title":{"rendered":"Mersin\u2019 de Yang\u0131nla M\u00fccadelede Kullan\u0131lan Ara\u00e7 Say\u0131m\u0131z Art\u0131yor"},"content":{"rendered":"<p>Mersin Orman B\u00f6lge M\u00fcd\u00fcrl\u00fc\u011f\u00fcne ba\u011fl\u0131 Erdemli Orman \u0130\u015fletme M\u00fcd\u00fcrl\u00fc\u011f\u00fcne, Orman Genel M\u00fcd\u00fcrl\u00fc\u011f\u00fc taraf\u0131ndan g\u00f6nderilen, yang\u0131nla m\u00fccadele hizmetlerinde kullan\u0131lmak \u00fczere 12 tonluk su ikmal arac\u0131 teslim edildi.<br \/>\nSu \u0130kmal arac\u0131 teslim t\u00f6renine Mersin Orman B\u00f6lge M\u00fcd\u00fcr\u00fcm\u00fcz Mustafa Yal\u00e7\u0131n, B\u00f6lge M\u00fcd\u00fcr Yard\u0131mc\u0131lar\u0131 Mehmet Fulin, Ya\u015far Yaman Sa\u011flam, Makine ve \u0130kmal \u015eube M\u00fcd\u00fcr\u00fc Mehmet Tosun, Erdemli Orman \u0130\u015fletme M\u00fcd\u00fcr\u00fc Murat K\u00f6rl\u00fc, \u0130\u015fletme M\u00fcd\u00fcr Yard\u0131mc\u0131s\u0131, At\u00f6lye \u015eefi, \u0130\u015fletme \u015eefleri ve di\u011fer personeller kat\u0131ld\u0131.<br \/>\nOrman B\u00f6lge M\u00fcd\u00fcrl\u00fc\u011f\u00fcm\u00fcz 2023 y\u0131l\u0131 yang\u0131nla m\u00fccadelede 79 adet ilk m\u00fcdahale arac\u0131, 57 adet araz\u00f6z, 21 adet su ikmal arac\u0131 ve 1 adet su tankeri ile hizmet verilecektir.<br \/>\nB\u00f6lge M\u00fcd\u00fcr\u00fc Yal\u00e7\u0131n, \u201dYeni al\u0131nan ara\u00e7lar, B\u00f6lge M\u00fcd\u00fcrl\u00fc\u011f\u00fcm\u00fcze \u00f6zellikle yang\u0131nla m\u00fccadelede b\u00fcy\u00fck katk\u0131lar sa\u011flayacakt\u0131r. Bu kapsamda bu ara\u00e7lar\u0131n B\u00f6lge m\u00fcd\u00fcrl\u00fc\u011f\u00fcm\u00fcze kazand\u0131r\u0131lmas\u0131nda eme\u011fi ge\u00e7enlere te\u015fekk\u00fcr ederim \u201c dedi.<\/p>\n","protected":false},"excerpt":{"rendered":"<p>Mersin Orman B\u00f6lge M\u00fcd\u00fcrl\u00fc\u011f\u00fcne ba\u011fl\u0131 Erdemli Orman \u0130\u015fletme M\u00fcd\u00fcrl\u00fc\u011f\u00fcne, Orman Genel M\u00fcd\u00fcrl\u00fc\u011f\u00fc taraf\u0131ndan g\u00f6nderilen, yang\u0131nla m\u00fccadele hizmetlerinde kullan\u0131lmak \u00fczere 12 tonluk su ikmal arac\u0131 teslim edildi. Su \u0130kmal arac\u0131 teslim &hellip; <a href=\"https:\/\/akdenizolaygazetesi.com\/?p=22945\" class=\"more-link\">Devam\u0131n\u0131 Oku&#8230;<\/a><\/p>\n","protected":false},"author":2,"featured_media":22946,"comment_status":"open","ping_status":"open","sticky":false,"template":"","format":"standard","meta":[],"categories":[2,3],"tags":[],"_links":{"self":[{"href":"https:\/\/akdenizolaygazetesi.com\/index.php?rest_route=\/wp\/v2\/posts\/22945"}],"collection":[{"href":"https:\/\/akdenizolaygazetesi.com\/index.php?rest_route=\/wp\/v2\/posts"}],"about":[{"href":"https:\/\/akdenizolaygazetesi.com\/index.php?rest_route=\/wp\/v2\/types\/post"}],"author":[{"embeddable":true,"href":"https:\/\/akdenizolaygazetesi.com\/index.php?rest_route=\/wp\/v2\/users\/2"}],"replies":[{"embeddable":true,"href":"https:\/\/akdenizolaygazetesi.com\/index.php?rest_route=%2Fwp%2Fv2%2Fcomments&post=22945"}],"version-history":[{"count":1,"href":"https:\/\/akdenizolaygazetesi.com\/index.php?rest_route=\/wp\/v2\/posts\/22945\/revisions"}],"predecessor-version":[{"id":22947,"href":"https:\/\/akdenizolaygazetesi.com\/index.php?rest_route=\/wp\/v2\/posts\/22945\/revisions\/22947"}],"wp:featuredmedia":[{"embeddable":true,"href":"https:\/\/akdenizolaygazetesi.com\/index.php?rest_route=\/wp\/v2\/media\/22946"}],"wp:attachment":[{"href":"https:\/\/akdenizolaygazetesi.com\/index.php?rest_route=%2Fwp%2Fv2%2Fmedia&parent=22945"}],"wp:term":[{"taxonomy":"category","embeddable":true,"href":"https:\/\/akdenizolaygazetesi.com\/index.php?rest_route=%2Fwp%2Fv2%2Fcategories&post=22945"},{"taxonomy":"post_tag","embeddable":true,"href":"https:\/\/akdenizolaygazetesi.com\/index.php?rest_route=%2Fwp%2Fv2%2Ftags&post=22945"}],"curies":[{"name":"wp","href":"https:\/\/api.w.org\/{rel}","templated":true}]}}