{"id":22954,"date":"2022-12-16T16:58:16","date_gmt":"2022-12-16T13:58:16","guid":{"rendered":"http:\/\/akdenizolaygazetesi.com\/?p=22954"},"modified":"2022-12-16T16:58:16","modified_gmt":"2022-12-16T13:58:16","slug":"baskan-secerden-anamurlulara-mujde-hal-insaatini-baslatacagiz","status":"publish","type":"post","link":"https:\/\/akdenizolaygazetesi.com\/?p=22954","title":{"rendered":"BA\u015eKAN SE\u00c7ER&#8217;DEN ANAMURLULAR&#8217;A M\u00dcJDE: &#8220;HAL \u0130N\u015eAATINI BA\u015eLATACA\u011eIZ&#8221;"},"content":{"rendered":"<p>Mersin B\u00fcy\u00fck\u015fehir Belediye Meclisi 2022 y\u0131l\u0131 Aral\u0131k ay\u0131 2. Birle\u015fim Toplant\u0131s\u0131, B\u00fcy\u00fck\u015fehir Belediye Ba\u015fkan\u0131 Vahap Se\u00e7er&#8217;in ba\u015fkanl\u0131\u011f\u0131nda yap\u0131ld\u0131. B\u00fcy\u00fck\u015fehir Belediyesi Kongre ve Sergi Saray\u0131&#8217;nda ger\u00e7ekle\u015fen oturumda; komisyonlardan havale edilen 12 ve birimlerden gelen 1 olmak \u00fczere toplam 13 madde g\u00f6r\u00fc\u015f\u00fclerek oyland\u0131. Maddelere ge\u00e7ilmeden \u00f6nce Ba\u015fkan Se\u00e7er, g\u00fcndem d\u0131\u015f\u0131 konular\u0131n konu\u015fuldu\u011fu b\u00f6l\u00fcmde Anamur ve Bozyaz\u0131&#8217;da yap\u0131lacak hal projelerine ili\u015fkin de\u011ferlendirmede bulundu.<br \/>\n &#8220;Anamur Hali i\u00e7in 2 y\u0131ll\u0131k ge\u00e7ici tahsis verildi&#8221;<br \/>\nMersin B\u00fcy\u00fck\u015fehir Belediye Ba\u015fkan\u0131 Vahap Se\u00e7er, Meclis toplant\u0131s\u0131nda Diyarbak\u0131r-Mardin Karayolu&#8217;nda bu sabah g\u00f6reve giden polis servisinin ge\u00e7i\u015fi s\u0131ras\u0131nda d\u00fczenlenen bombal\u0131 sald\u0131r\u0131da yaralanan polislere ge\u00e7mi\u015f olsun dileklerini iletip, acil \u015fifalar diledi. Se\u00e7er, ter\u00f6r\u00fc bir kez daha \u015fiddetle lanetledi\u011fini ifade etti.<br \/>\nAnamur i\u00e7in bir ihtiya\u00e7 haline geldi\u011fini vurgulad\u0131klar\u0131 yeni bir Toptanc\u0131 Sebze ve Meyve Hali ile ilgili baz\u0131 geli\u015fmeler oldu\u011funu duyuran Ba\u015fkan Se\u00e7er, &#8220;Talebimiz do\u011frultusunda Milli Emlak Genel M\u00fcd\u00fcrl\u00fc\u011f\u00fc&#8217;nden taraf\u0131m\u0131za 152 bin 578 dekarl\u0131k alan\u0131n 2 y\u0131ll\u0131k ge\u00e7ici tahsisi verildi. Oraya hal in\u015faat\u0131 ba\u015flataca\u011f\u0131z ve bu s\u00fcre\u00e7 i\u00e7erisinde de daha sonra kesin tahsisini alaca\u011f\u0131z. Biz bunun Avan projesini zaten haz\u0131rlam\u0131\u015ft\u0131k. Kal\u0131n\u00f6ren Hal Tesisi Projemiz&#8217;de 3 ayr\u0131 tipte toplam 106 adet d\u00fckkan planlam\u0131\u015ft\u0131k. Bunun artma ihtimali y\u00fcksek. Bana taleplerin yo\u011fun oldu\u011fu bildirildi. Revize bir plan \u00e7al\u0131\u015fmas\u0131 olabilir. Yine sand\u0131k depolama alan\u0131, ticari alan, idari binalar; bunlar\u0131n \u015fimdi uygulama projesi yap\u0131lacak. Yaln\u0131z oras\u0131 e\u011fimli bir arazi, hafriyat \u00e7al\u0131\u015fmalar\u0131n\u0131 bir iki hafta i\u00e7erisinde ba\u015flatmam\u0131z gerekiyor&#8221; dedi.<br \/>\n&#8220;2 y\u0131l \u00f6nce bunlar\u0131n m\u00fcracaat\u0131 yap\u0131lm\u0131\u015ft\u0131. 2 y\u0131l \u00e7ok \u00f6nemli bir zaman kayb\u0131&#8221;<br \/>\nGe\u00e7ti\u011fimiz haftalarda, Anamur Ticaret ve Sanayi Odas\u0131&#8217;n\u0131n yeni se\u00e7ilen Ba\u015fkan\u0131 ve Y\u00f6netim Kurulu \u00dcyeleri&#8217;nin kendisini ziyaret ettiklerini de dile getiren Ba\u015fkan Se\u00e7er, Anamur&#8217;un genel sorunlar\u0131 \u00fczerine beraber \u00e7al\u0131\u015fma iradesini ortaya koyduklar\u0131n\u0131 ve bu durumun kendisini ziyadesiyle memnun etti\u011fini s\u00f6yledi. &#8220;\u0130\u015fte sivil toplumun hem g\u00f6revi hem g\u00fcc\u00fc budur&#8221; ifadesi ile konu\u015fmas\u0131n\u0131 s\u00fcrd\u00fcren Ba\u015fkan Se\u00e7er,  &#8220;S\u00fcratle onlar da \u00e7al\u0131\u015fmaya ba\u015flad\u0131lar ve temaslara ge\u00e7tiler. Sonu\u00e7 itibariyle uzun s\u00fcredir bekledi\u011fimiz bir karard\u0131. 2 y\u0131l \u00f6nce bunlar\u0131n m\u00fcracaat\u0131 yap\u0131lm\u0131\u015ft\u0131. \u00c7ok mesafe al\u0131nabilirdi. Yani 2 y\u0131l \u00f6nce ba\u015flanacak in\u015faat, 2 y\u0131l sonra ba\u015flam\u0131\u015f olacak. Buradan vatanda\u015flar\u0131m\u0131n da bilmesini istedim. Bu durum, Bozyaz\u0131 Hali i\u00e7in de ge\u00e7erli. Anamur Hali ve Bozyaz\u0131 Hali, Mersin s\u0131n\u0131rlar\u0131 i\u00e7erisindeki Toptanc\u0131 Halleri i\u00e7erisinde katma de\u011feri y\u00fcksek \u00fcr\u00fcnlerin sat\u0131ld\u0131\u011f\u0131 iki \u00f6nemli haldir. O b\u00f6lgenin Meclis \u00fcyeleri oradaki yeti\u015fen \u00fcr\u00fcnlerin ne derece pazar de\u011feri y\u00fcksek \u00fcr\u00fcnler oldu\u011funu bilirler. Anamur&#8217;un muzundan yeni tropikal meyvelerine, avokadosuna, ejder meyvesine kadar de\u011ferli \u00fcr\u00fcnler. Hakeza Bozyaz\u0131&#8217;da da \u00f6yle; \u00f6rt\u00fc alt\u0131 serac\u0131l\u0131k, sebze, meyve \u00fcretimi, her \u00e7e\u015fidinin yap\u0131ld\u0131\u011f\u0131 b\u00f6lgeler. Bozyaz\u0131 Hali&#8217;nin de talebini yakla\u015f\u0131k 2 y\u0131l \u00f6nce yapm\u0131\u015ft\u0131k. Buran\u0131n da bir an \u00f6nce Anamur Sebze Hali yeri gibi tahsisi sa\u011flan\u0131rsa oraya da 88 adet d\u00fckkan planlad\u0131k. Bunun da Avan projesi yap\u0131ld\u0131. 3 ayr\u0131 tipti. Yine ticari alanlar, depolama alanlar\u0131, idari binalar\u0131n Avan proje \u00e7al\u0131\u015fmalar\u0131n\u0131 biz tamamlam\u0131\u015ft\u0131k&#8221; diye konu\u015ftu.<br \/>\n&#8220;Trafik g\u00fcvenli\u011fi i\u00e7in gereken yerlere tabela ve \u0131\u015f\u0131kland\u0131rma \u00e7al\u0131\u015fmalar\u0131 uygulan\u0131yor&#8221;<br \/>\nMeclis&#8217;te trafik g\u00fcvenli\u011fini art\u0131racak \u0131\u015f\u0131kland\u0131rma ve tabelalar ile ilgili yap\u0131lan konu\u015fmay\u0131 de\u011ferlendiren Ba\u015fkan Se\u00e7er, \u0131\u015f\u0131kland\u0131rma ve yol tabelalar\u0131 konusunda tespit ettikleri yerlerle ilgili uygun olan her yere bu \u00e7al\u0131\u015fmalar\u0131 uygulad\u0131klar\u0131n\u0131 s\u00f6yledi.<br \/>\n&#8220;2023 y\u0131l\u0131nda da \u00f6nemli \u00e7al\u0131\u015fmalar\u0131n alt\u0131na imza ataca\u011f\u0131m\u0131z\u0131 umut ediyorum&#8221;<br \/>\nG\u00fcndem maddelerinin oylanmas\u0131n\u0131n ard\u0131ndan ise Ba\u015fkan Se\u00e7er, \u015funlar\u0131 s\u00f6yledi:<br \/>\n&#8220;Burada Mersin&#8217;in yarar\u0131na bir\u00e7ok konuyu tart\u0131\u015ft\u0131k. Bu konular\u0131n bir k\u0131sm\u0131 Meclis taraf\u0131ndan kabul g\u00f6rmedi, \u00f6nemli bir k\u0131sm\u0131 Meclis taraf\u0131ndan kabul g\u00f6rd\u00fc. \u0130yisiyle, k\u00f6t\u00fcs\u00fcyle, g\u00fczeliyle bir y\u0131l\u0131 geride b\u0131rakt\u0131k. 2023 y\u0131l\u0131n\u0131n da ba\u015fta tabi ki kentimizden yola \u00e7\u0131karak; \u00fclkemizde, t\u00fcm d\u00fcnyada herkesi mutlu edecek, bereket, mutluluk, huzur dolu, kavgas\u0131z, g\u00fcr\u00fclt\u00fcs\u00fcz, sava\u015fs\u0131z bir y\u0131l olmas\u0131n\u0131 diliyorum. Mersin B\u00fcy\u00fck\u015fehir Belediye Meclisi olarak bu y\u0131l ve ge\u00e7ti\u011fimiz y\u0131llarda oldu\u011fu gibi 2023 y\u0131l\u0131nda da \u00f6nemli \u00e7al\u0131\u015fmalar\u0131n alt\u0131na imza ataca\u011f\u0131m\u0131z\u0131 umut ediyorum. Mersin&#8217;in hayr\u0131na ve yarar\u0131na \u00f6nemli konular\u0131 hep beraber burada karara ba\u011flayaca\u011f\u0131m\u0131z\u0131 umut ediyorum. Hepinize te\u015fekk\u00fcr ediyorum.&#8221;<\/p>\n","protected":false},"excerpt":{"rendered":"<p>Mersin B\u00fcy\u00fck\u015fehir Belediye Meclisi 2022 y\u0131l\u0131 Aral\u0131k ay\u0131 2. Birle\u015fim Toplant\u0131s\u0131, B\u00fcy\u00fck\u015fehir Belediye Ba\u015fkan\u0131 Vahap Se\u00e7er&#8217;in ba\u015fkanl\u0131\u011f\u0131nda yap\u0131ld\u0131. B\u00fcy\u00fck\u015fehir Belediyesi Kongre ve Sergi Saray\u0131&#8217;nda ger\u00e7ekle\u015fen oturumda; komisyonlardan havale edilen 12 &hellip; <a href=\"https:\/\/akdenizolaygazetesi.com\/?p=22954\" class=\"more-link\">Devam\u0131n\u0131 Oku&#8230;<\/a><\/p>\n","protected":false},"author":2,"featured_media":22955,"comment_status":"open","ping_status":"open","sticky":false,"template":"","format":"standard","meta":[],"categories":[8,34,1,2,3],"tags":[],"_links":{"self":[{"href":"https:\/\/akdenizolaygazetesi.com\/index.php?rest_route=\/wp\/v2\/posts\/22954"}],"collection":[{"href":"https:\/\/akdenizolaygazetesi.com\/index.php?rest_route=\/wp\/v2\/posts"}],"about":[{"href":"https:\/\/akdenizolaygazetesi.com\/index.php?rest_route=\/wp\/v2\/types\/post"}],"author":[{"embeddable":true,"href":"https:\/\/akdenizolaygazetesi.com\/index.php?rest_route=\/wp\/v2\/users\/2"}],"replies":[{"embeddable":true,"href":"https:\/\/akdenizolaygazetesi.com\/index.php?rest_route=%2Fwp%2Fv2%2Fcomments&post=22954"}],"version-history":[{"count":1,"href":"https:\/\/akdenizolaygazetesi.com\/index.php?rest_route=\/wp\/v2\/posts\/22954\/revisions"}],"predecessor-version":[{"id":22956,"href":"https:\/\/akdenizolaygazetesi.com\/index.php?rest_route=\/wp\/v2\/posts\/22954\/revisions\/22956"}],"wp:featuredmedia":[{"embeddable":true,"href":"https:\/\/akdenizolaygazetesi.com\/index.php?rest_route=\/wp\/v2\/media\/22955"}],"wp:attachment":[{"href":"https:\/\/akdenizolaygazetesi.com\/index.php?rest_route=%2Fwp%2Fv2%2Fmedia&parent=22954"}],"wp:term":[{"taxonomy":"category","embeddable":true,"href":"https:\/\/akdenizolaygazetesi.com\/index.php?rest_route=%2Fwp%2Fv2%2Fcategories&post=22954"},{"taxonomy":"post_tag","embeddable":true,"href":"https:\/\/akdenizolaygazetesi.com\/index.php?rest_route=%2Fwp%2Fv2%2Ftags&post=22954"}],"curies":[{"name":"wp","href":"https:\/\/api.w.org\/{rel}","templated":true}]}}