{"id":22963,"date":"2022-12-17T16:33:01","date_gmt":"2022-12-17T13:33:01","guid":{"rendered":"http:\/\/akdenizolaygazetesi.com\/?p=22963"},"modified":"2022-12-17T16:33:01","modified_gmt":"2022-12-17T13:33:01","slug":"kariyer-merkezinden-21-yuzyil-is-dunyasi-trendleri-etkinligi","status":"publish","type":"post","link":"https:\/\/akdenizolaygazetesi.com\/?p=22963","title":{"rendered":"KAR\u0130YER MERKEZ\u0130&#8217;NDEN &#8220;21. Y\u00dcZYIL \u0130\u015e D\u00dcNYASI TRENDLER\u0130&#8221; ETK\u0130NL\u0130\u011e\u0130"},"content":{"rendered":"<p>Mersin B\u00fcy\u00fck\u015fehir Belediyesi Kariyer Merkezi ev sahipli\u011finde d\u00fczenlenen etkinli\u011fe; Mersin \u00dcniversitesi, Tarsus \u00dcniversitesi, \u00c7a\u011f \u00dcniversitesi, Toros \u00dcniversitesi, Mersin \u0130l Milli E\u011fitim M\u00fcd\u00fcrl\u00fc\u011f\u00fc, i\u015fverenler, profesyonel y\u00f6neticiler, akademisyenler, sivil toplum kurulu\u015flar\u0131 temsilcileri, gen\u00e7ler ve \u00f6\u011frenciler gibi i\u015fg\u00fcc\u00fc piyasas\u0131n\u0131n taraflar\u0131 kat\u0131l\u0131m sa\u011flarken, etkinli\u011fin mottosunu &#8220;Esneklik ve Yarat\u0131c\u0131l\u0131k&#8221; olu\u015fturdu.<\/p>\n<p>Mersin \u00dcniversitesi \u0130ktisadi \u0130dari Bilimler Fak\u00fcltesi \u00d6\u011fretim \u00dcyesi Prof. Dr. H\u00fcseyin Mualla Y\u00fcceol, \u00c7a\u011f \u00dcniversitesi Sosyal Bilimler Enstit\u00fcs\u00fc M\u00fcd\u00fcr\u00fc Prof. Dr. Murat Ko\u00e7 ve Kurumsal Y\u00f6netim Dan\u0131\u015fman\u0131 Dr. Cengiz Tavuk\u00e7uo\u011flu ile di\u011fer davetli konu\u015fmac\u0131lar, &#8220;Pandemi Sonras\u0131 \u0130\u015f D\u00fcnyas\u0131, \u0130stihdamda 21. Y\u00fczy\u0131l Yetkinlikleri, Kurumsalla\u015fma S\u00fcrecinde Ku\u015faklar&#8221; gibi konularda sunumlar\u0131n\u0131 ger\u00e7ekle\u015ftirdiler.<\/p>\n<p>\u00d6zada: &#8220;\u00d6\u011frencilere, i\u015f arayan ve i\u015fverenlere hizmet sunuyoruz&#8221;<\/p>\n<p>Etkinlikte konu\u015fan Kariyer Merkezi M\u00fcd\u00fcr\u00fc Serkan \u00d6zada, Kariyer Merkezi&#8217;nin 2019 y\u0131l\u0131ndan itibaren i\u015f arayanlara, liselilere, \u00fcniversitelere ve i\u015fverenlere hizmet sundu\u011funu belirtti. Yapay Zek\u00e2, otomasyon ve dijital teknolojilerin, sosyal hayat\u0131 oldu\u011fu kadar \u00e7al\u0131\u015fma hayat\u0131n\u0131 da derinden etkiledi\u011fini belirten \u00d6zada; i\u015flerin tan\u0131m\u0131, i\u00e7erikleri, yap\u0131l\u0131\u015f \u015fekilleri ve i\u015f d\u00fcnyas\u0131n\u0131n adaylardan bekledikleri yetkinlik setlerinin h\u0131zla de\u011fi\u015fti\u011fini ve i\u015f d\u00fcnyas\u0131n\u0131n de\u011fi\u015fim s\u00fcrecinde gelece\u011fi yakalamaya \u00e7al\u0131\u015ft\u0131\u011f\u0131n\u0131 s\u00f6yledi.<\/p>\n<p>Mersin B\u00fcy\u00fck\u015fehir Belediyesi Kariyer Merkezi olarak de\u011fi\u015fim s\u00fcrecine liderlik ederek, i\u015fg\u00fcc\u00fc piyasas\u0131n\u0131n t\u00fcm taraflar\u0131na y\u00f6nelik projeler ger\u00e7ekle\u015ftirdiklerinin alt\u0131n\u0131 \u00e7izen \u00d6zada, 2023 y\u0131l\u0131ndan itibaren i\u015fg\u00fcc\u00fc piyasas\u0131n\u0131n b\u00fct\u00fcn dinamikleri ile i\u015fbirliklerini art\u0131racaklar\u0131n\u0131 ve &#8216;M\u00fclakat Sim\u00fclasyonlar\u0131, Dan\u0131\u015fmanl\u0131k ve Y\u00f6nlendirme, Yeni Nesil Ment\u00f6rl\u00fck Program\u0131, \u0130stihdam Becerileri E\u011fitimleri, Kurumsalla\u015fma E\u011fitimleri, Yetenek D\u00f6n\u00fc\u015f\u00fcm Projesi&#8217; gibi \u00e7al\u0131\u015fmalara a\u011f\u0131rl\u0131k vereceklerini belirtti.<\/p>\n<p>&#8220;\u00d6\u011frencileri arac\u0131s\u0131z olarak firmalarla bulu\u015fturmay\u0131 planl\u0131yoruz&#8221;<\/p>\n<p>Kariyer Merkezi&#8217;nin birebir hizmet verdi\u011fine de dikkat \u00e7eken \u00d6zada, \u015fu anda ortalama 30 bin ki\u015finin Kariyer Merkezi&#8217;nde kay\u0131tl\u0131 oldu\u011funu s\u00f6yleyerek, &#8220;Biz bu 30 bin kay\u0131ttan rehberlik, dan\u0131\u015fmanl\u0131k, y\u00f6nlendirme g\u00f6revleri yapmak \u00fczere 20 bin ki\u015fiye geri d\u00f6n\u00fc\u015f sa\u011flam\u0131\u015f\u0131z. Asl\u0131nda rehberlik dedi\u011fimiz \u015feyi sadece kay\u0131t alma olarak g\u00f6rm\u00fcyoruz. Olabildi\u011fi kadar\u0131na geri d\u00f6n\u00fc\u015f, f\u0131rsat ve alternatif sunmak bizim \u00f6devimiz&#8221; ifadelerini kulland\u0131. \u00d6n\u00fcm\u00fczdeki y\u0131l &#8216;Gen\u00e7lik ve Kariyer Fuar\u0131&#8217;n\u0131 ger\u00e7ekle\u015ftirmek istediklerini belirten \u00d6zada, bu fuarla birlikte \u00f6\u011frencileri arac\u0131s\u0131z olarak firmalarla bulu\u015fturmay\u0131 planlad\u0131klar\u0131n\u0131 s\u00f6yledi.<\/p>\n<p>&#8220;Kaliteli etkinliklere imza ataca\u011f\u0131z&#8221;<\/p>\n<p>\u0130\u015fsizlik ve kariyerin zor konular oldu\u011funu, ancak B\u00fcy\u00fck\u015fehir Belediye Ba\u015fkan\u0131 Vahap Se\u00e7er&#8217;in bu konuda cesur ad\u0131mlar att\u0131\u011f\u0131n\u0131 vurgulayan \u00d6zada, &#8220;Kariyer Merkezi&#8217;ni kurmak \u00e7ok \u00f6nemli bir vizyondu. \u0130n\u015fallah bizler de bu vizyonu sizlerle birlikte geli\u015ftirece\u011fiz. Mersin&#8217;in de\u011ferleriyle ulusal de\u011ferleri bir araya getirdi\u011fimizde, \u00e7ok kaliteli etkinliklere imza ataca\u011f\u0131z. G\u00f6receksiniz bizler 2023&#8217;te \u00f6\u011frencilere, i\u015f arayanlara, gen\u00e7lere d\u00f6n\u00fck bir\u00e7ok etkinlikle sizlere fayda sa\u011flayaca\u011f\u0131z&#8221; diye konu\u015ftu.<\/p>\n","protected":false},"excerpt":{"rendered":"<p>Mersin B\u00fcy\u00fck\u015fehir Belediyesi Kariyer Merkezi ev sahipli\u011finde d\u00fczenlenen etkinli\u011fe; Mersin \u00dcniversitesi, Tarsus \u00dcniversitesi, \u00c7a\u011f \u00dcniversitesi, Toros \u00dcniversitesi, Mersin \u0130l Milli E\u011fitim M\u00fcd\u00fcrl\u00fc\u011f\u00fc, i\u015fverenler, profesyonel y\u00f6neticiler, akademisyenler, sivil toplum kurulu\u015flar\u0131 temsilcileri, &hellip; <a href=\"https:\/\/akdenizolaygazetesi.com\/?p=22963\" class=\"more-link\">Devam\u0131n\u0131 Oku&#8230;<\/a><\/p>\n","protected":false},"author":2,"featured_media":22964,"comment_status":"open","ping_status":"open","sticky":false,"template":"","format":"standard","meta":[],"categories":[2,3],"tags":[],"_links":{"self":[{"href":"https:\/\/akdenizolaygazetesi.com\/index.php?rest_route=\/wp\/v2\/posts\/22963"}],"collection":[{"href":"https:\/\/akdenizolaygazetesi.com\/index.php?rest_route=\/wp\/v2\/posts"}],"about":[{"href":"https:\/\/akdenizolaygazetesi.com\/index.php?rest_route=\/wp\/v2\/types\/post"}],"author":[{"embeddable":true,"href":"https:\/\/akdenizolaygazetesi.com\/index.php?rest_route=\/wp\/v2\/users\/2"}],"replies":[{"embeddable":true,"href":"https:\/\/akdenizolaygazetesi.com\/index.php?rest_route=%2Fwp%2Fv2%2Fcomments&post=22963"}],"version-history":[{"count":1,"href":"https:\/\/akdenizolaygazetesi.com\/index.php?rest_route=\/wp\/v2\/posts\/22963\/revisions"}],"predecessor-version":[{"id":22965,"href":"https:\/\/akdenizolaygazetesi.com\/index.php?rest_route=\/wp\/v2\/posts\/22963\/revisions\/22965"}],"wp:featuredmedia":[{"embeddable":true,"href":"https:\/\/akdenizolaygazetesi.com\/index.php?rest_route=\/wp\/v2\/media\/22964"}],"wp:attachment":[{"href":"https:\/\/akdenizolaygazetesi.com\/index.php?rest_route=%2Fwp%2Fv2%2Fmedia&parent=22963"}],"wp:term":[{"taxonomy":"category","embeddable":true,"href":"https:\/\/akdenizolaygazetesi.com\/index.php?rest_route=%2Fwp%2Fv2%2Fcategories&post=22963"},{"taxonomy":"post_tag","embeddable":true,"href":"https:\/\/akdenizolaygazetesi.com\/index.php?rest_route=%2Fwp%2Fv2%2Ftags&post=22963"}],"curies":[{"name":"wp","href":"https:\/\/api.w.org\/{rel}","templated":true}]}}