{"id":22966,"date":"2022-12-17T16:34:38","date_gmt":"2022-12-17T13:34:38","guid":{"rendered":"http:\/\/akdenizolaygazetesi.com\/?p=22966"},"modified":"2022-12-17T16:34:38","modified_gmt":"2022-12-17T13:34:38","slug":"secer-butun-ilcelerimizde-cocuk-gelisim-merkezi-acacagiz","status":"publish","type":"post","link":"https:\/\/akdenizolaygazetesi.com\/?p=22966","title":{"rendered":"SE\u00c7ER: &#8220;B\u00dcT\u00dcN \u0130L\u00c7ELER\u0130M\u0130ZDE \u00c7OCUK GEL\u0130\u015e\u0130M MERKEZ\u0130 A\u00c7ACA\u011eIZ&#8221;"},"content":{"rendered":"<p>Mersin B\u00fcy\u00fck\u015fehir Belediyesi&#8217;nin, &#8220;Mersin Y\u00fckseliyor, 41 Kere M\u00fcjde, 41 Yeni A\u00e7\u0131l\u0131\u015f&#8221; mottosuyla ba\u015flatt\u0131\u011f\u0131 a\u00e7\u0131l\u0131\u015flar\u0131n ikincisi, e\u011fitimde f\u0131rsat e\u015fitli\u011fi sa\u011flayacak &#8216;Begonvil \u00c7ocuk Geli\u015fim Merkezi&#8217; oldu. Vatanda\u015flar\u0131n \u00e7ocuklar\u0131n\u0131 g\u00fcvenle g\u00f6nderece\u011fi ve \u00e7ocuklar\u0131n keyifli vakit ge\u00e7irece\u011fi Merkez&#8217;in a\u00e7\u0131l\u0131\u015f\u0131na B\u00fcy\u00fck\u015fehir Belediye Ba\u015fkan\u0131 Vahap Se\u00e7er de kat\u0131ld\u0131. Tarsus&#8217;ta hizmete sunulan Merkez&#8217;in a\u00e7\u0131l\u0131\u015f kurdelesini Ba\u015fkan Se\u00e7er, protokol \u00fcyeleri ve \u00e7ocuklarla birlikte kesti. A\u00e7\u0131l\u0131\u015f\u0131n ard\u0131ndan protokol \u00fcyeleriyle merkezi gezip bilgi alan Ba\u015fkan Se\u00e7er, \u00e7ocuklarla birlikte boyama da yapt\u0131.<\/p>\n<p>Begonvil \u00c7ocuk Geli\u015fim Merkezi, 5 s\u0131n\u0131ftan olu\u015fuyor ve 70 \u00f6\u011frenci kapasitesi ile hizmet veriyor. \u00d6n\u00fcm\u00fczdeki hafta a\u00e7\u0131l\u0131\u015f\u0131 yap\u0131lacak olan Halkkent Sosyal Ya\u015fam Merkezi&#8217;nde de bir adet \u00c7ocuk Geli\u015fim Merkezi yer al\u0131yor. Begonvil \u00c7ocuk Geli\u015fim Merkezi&#8217;nde yer alan mobilyalar B\u00fcy\u00fck\u015fehir Belediyesi&#8217;nin Geri D\u00f6n\u00fc\u015f\u00fcm At\u00f6lyesi&#8217;nde \u00fcretildi.<\/p>\n<p>&#8220;\u00c7ocuklar\u0131m\u0131z i\u00e7in yapt\u0131\u011f\u0131m\u0131z her i\u015f g\u00fczel&#8221;<\/p>\n<p>Begonvil \u00c7ocuk Geli\u015fim Merkezi&#8217;nde Ba\u015fkan Se\u00e7er, protokol \u00fcyeleriyle birlikte bir konu\u015fma yapt\u0131. Ba\u015fkan Se\u00e7er, Begonvil \u00c7ocuk Geli\u015fim Merkezi&#8217;nin a\u00e7\u0131l\u0131\u015f\u0131nda e\u011fitimin \u00f6nemine vurgu yaparak ba\u015flad\u0131\u011f\u0131 konu\u015fmas\u0131nda, &#8220;\u00c7ocuklar\u0131m\u0131z i\u00e7in yapt\u0131\u011f\u0131m\u0131z her i\u015f g\u00fczel, her i\u015fin anlam\u0131 var. \u00c7ocuklar\u0131m\u0131zdan daha de\u011ferli bir varl\u0131\u011f\u0131m\u0131z var m\u0131 bizim? \u00c7ocuklar\u0131m\u0131z\u0131 iyi e\u011fitti\u011fimiz zaman hem ailemizi hem ya\u015fad\u0131\u011f\u0131m\u0131z toplumu hem de d\u00fcnyay\u0131 kurtar\u0131yoruz. \u00c7ocuklar\u0131m\u0131z\u0131 e\u011fitti\u011fimiz zaman k\u00f6t\u00fcl\u00fckleri bertaraf ediyoruz. A\u00e7l\u0131kla, sefaletle m\u00fccadele ediyoruz. \u00c7ocuklar\u0131m\u0131z\u0131 e\u011fiterek, daha modern bir T\u00fcrkiye daha modern bir d\u00fcnyada ya\u015faman\u0131n kap\u0131lar\u0131n\u0131 a\u00e7\u0131yoruz. \u00c7ocuklar\u0131m\u0131z\u0131 e\u011fiterek, asl\u0131nda bilinen yalanlardan uzakla\u015fmalar\u0131n\u0131, bilinmeyen ger\u00e7eklerin pe\u015finden ko\u015fmalar\u0131n\u0131 sa\u011fl\u0131yoruz&#8221; dedi.<\/p>\n<p>Ba\u015fkan Se\u00e7er, CHP Genel Ba\u015fkan\u0131 Kemal K\u0131l\u0131\u00e7daro\u011flu&#8217;yla yapt\u0131klar\u0131 toplant\u0131larda ald\u0131klar\u0131 en \u00f6nemli \u00f6nerinin ayr\u0131mc\u0131l\u0131k yapmadan herkese e\u015fit hizmet g\u00f6t\u00fcr\u00fclmesi oldu\u011funu aktararak, &#8220;Soral\u0131m her 10 ki\u015fiye; &#8216;T\u00fcrkiye&#8217;nin en b\u00fcy\u00fck sorunu ne?&#8217; diye. Bu toplulukta eminim her 10 ki\u015fiden 10&#8217;u &#8216;Adaletsizlik&#8217; diyecek. Onun i\u00e7in Say\u0131n Genel Ba\u015fkan\u0131m\u0131z, &#8216;Bizim maruz kalmay\u0131 istemedi\u011fimiz hareketlere ba\u015fkalar\u0131n\u0131 maruz b\u0131rakmay\u0131n.&#8217; diyor. \u00d6nce i\u011fneyi kendinize bat\u0131r\u0131n. Bir di\u011fer \u00f6nerisi de &#8216;Sak\u0131n kul hakk\u0131 yemeyin. Y\u00f6neticilik kutsal bir makamd\u0131r. Bu koltuklar halk\u0131n koltuklar\u0131d\u0131r. Y\u00f6neticilerin babas\u0131n\u0131n koltu\u011fu de\u011fildir. Mahkeme kad\u0131ya m\u00fclk de\u011fildir&#8217; diyor ama en \u00f6nemli talimatlar\u0131ndan bir tanesi de belediye ba\u015fkanlar\u0131na; &#8216;Kre\u015f a\u00e7\u0131n, yurt a\u00e7\u0131n. M\u00fcmk\u00fcnse yurt a\u00e7arken de \u00f6ncelikli olarak k\u0131z yurdu a\u00e7\u0131n&#8217; diyor. Biz bu temel talimatlar, \u00f6neriler \u00e7er\u00e7evesinde belediye ba\u015fkanl\u0131\u011f\u0131 yap\u0131yoruz&#8221; diye konu\u015ftu.<\/p>\n<p> &#8220;Belediyecilik imar i\u015flerinden ibaret de\u011fil, belediyecilik, toplumun, vatanda\u015f\u0131n kalbine girmek&#8221;<\/p>\n<p>Tarsus&#8217;tan Anamur&#8217;a Mut&#8217;tan \u00c7aml\u0131yayla&#8217;ya kadar her yere e\u015fit hizmet g\u00f6t\u00fcrd\u00fcklerini belirten Se\u00e7er, &#8220;Begonvil \u00c7ocuk Geli\u015fim Merkezi&#8217;ni de Tarsus&#8217;a kazand\u0131r\u0131lm\u0131\u015f en de\u011ferli hizmetlerden biri olarak g\u00f6r\u00fcyorum. Asfalt\u0131, sathi kaplama, kald\u0131r\u0131m yap\u0131l\u0131yor, sinekler de \u00f6ld\u00fcr\u00fcl\u00fcyor. Ne g\u00fczel. Bir de \u015fu imar i\u015fleri vard\u0131r belediyecilikte. Herkes belediyecili\u011fi bundan ibaret zannediyor. Her zaman s\u00f6yl\u00fcyoruz. Belediyecilik bundan ibaret de\u011fildir. Belediyecilik, toplumun, vatanda\u015f\u0131n kalbine girmek, a\u00e7\u0131n halinden anlamak, \u00e7ocu\u011fun ac\u0131s\u0131n\u0131 dindirmek, vatanda\u015f\u0131n \u00e7ocu\u011funa e\u011fitim vermesini sa\u011flamak. Belediyecilik budur. Belediyecilik, bir \u015fekilde hayatta yaln\u0131z kalm\u0131\u015f Ay\u015fe teyzeme 90 ya\u015f\u0131ndan sonra onu namerde muhta\u00e7 etmemektir. Yolu yapar\u0131z. Mersin B\u00fcy\u00fck\u015fehir Belediyesi, Mersin tarihinin g\u00f6rmedi\u011fi kalitede ve yo\u011funlukta yol \u00e7al\u0131\u015fmalar\u0131n\u0131 zaten yap\u0131yor&#8221; dedi.<\/p>\n<p>&#8220;En b\u00fcy\u00fck irade halk\u0131n iradesidir&#8221;<\/p>\n<p>Ba\u015fkan Se\u00e7er, en b\u00fcy\u00fck iradenin halk\u0131n iradesi oldu\u011funu vurgulad\u0131\u011f\u0131 konu\u015fmas\u0131nda, &#8220;Bu kadar s\u0131k\u0131nt\u0131lara ra\u011fmen daha \u00f6nceki gece belediye ba\u015fkanlar\u0131m\u0131zla beraber \u0130stanbul&#8217;dan geldik. Bir ba\u015fka yol arkada\u015f\u0131m\u0131za destek olal\u0131m diye. Halk bizleri se\u00e7mi\u015f. En b\u00fcy\u00fck irade halk\u0131n iradesidir. Onun \u00fczerinde bir irade tan\u0131m\u0131yoruz. Mahkeme kad\u0131ya m\u00fclk de\u011fil, onu s\u00f6yledik. Bu memleket halk\u0131n takdiri ile i\u015f ba\u015f\u0131na gelmi\u015f y\u00f6neticiler taraf\u0131ndan y\u00f6netilir. Devletin makamlar\u0131n\u0131 bir sopa gibi kullanarak kimse bizi terbiye edemez. Biz ulusal kurtulu\u015f m\u00fccadelesinden \u00e7\u0131km\u0131\u015f, yedi d\u00fcvele meydan okumu\u015f, T\u00fcrkiye Cumhuriyeti Devleti&#8217;ni kurmu\u015f, T\u00fcrkiye Cumhuriyeti Devleti&#8217;nin b\u00fct\u00fcn kurumlar\u0131n\u0131 kurmu\u015f, T\u00fcrkiye&#8217;ye \u00e7ok partili bir hayat\u0131 ve demokrasiyi getirmi\u015f bir iradenin kurdu\u011fu siyasi partinin belediye ba\u015fkanlar\u0131y\u0131z. Onun i\u00e7in \u00f6yle bizimle m\u00fccadele etmek kolay de\u011fil. Dimdik ayaktay\u0131z. Daha az uyuyaca\u011f\u0131z emin olun daha sakin olaca\u011f\u0131z. Daha \u00e7ok \u00e7al\u0131\u015faca\u011f\u0131z. Vatanda\u015flar\u0131m\u0131z bizi seviyor, \u00e7atlasalar da patlasalar da vatanda\u015flar\u0131m\u0131z bize sayg\u0131 duyuyor. Neden? Vatanda\u015flar\u0131m\u0131z diyor ki; bu ba\u015fkanlar \u00e7al\u0131\u015f\u0131yor. \u00c7alm\u0131yor, \u00e7al\u0131\u015f\u0131yor. \u00c7alm\u0131yor, ko\u015fturuyor. Hizmet yap\u0131yor, kimseye tepeden bakm\u0131yor. Halk\u0131n i\u00e7inde geziyor. Onun i\u00e7in pek bizden ho\u015flanm\u0131yorlar ama bakal\u0131m hodri meydan. Halk\u0131n \u00f6n\u00fcne \u00e7\u0131kaca\u011f\u0131z. El mi yaman bey mi yaman hep beraber g\u00f6r\u00fc\u015fece\u011fiz&#8221; ifadelerini de kulland\u0131.<\/p>\n<p>&#8220;B\u00fct\u00fcn il\u00e7elerimizde \u00e7ocuk geli\u015fim merkezleri a\u00e7aca\u011f\u0131z&#8221;<\/p>\n<p>70 mini\u011fin Merkez&#8217;de okul \u00f6ncesi e\u011fitim alaca\u011f\u0131 bilgisini veren Ba\u015fkan Se\u00e7er, &#8220;\u00c7ocu\u011fun karakteri 3 ya\u015f\u0131ndan sonra olu\u015fuyor. 6 ya\u015f\u0131nda okula ba\u015fl\u0131yor, ilk\u00f6\u011fretime. O s\u00fcre\u00e7 \u00e7ok \u00f6nemli. Hem beslenmesi \u00f6nemli, hem e\u011fitilmesi \u00f6nemli, bak\u0131m\u0131 \u00f6nemli. Belki de hayat\u0131 boyunca kendinin \u00fczerinde kalacak olan karakterini olu\u015fturaca\u011f\u0131z&#8221; dedi. Merkez&#8217;de e\u011fitim verecek \u00f6\u011fretmenlerin hepsinin birbirinden de\u011ferli oldu\u011funu vurgulayan Ba\u015fkan Se\u00e7er, &#8220;\u00c7ocuklar\u0131m\u0131z, annelerinin babalar\u0131n\u0131n onlara emanetidir. Onlara, g\u00f6zleri bakarlar hi\u00e7 merak etmeyin. Buras\u0131 halk\u0131n \u00e7ocuklar\u0131n\u0131n yuvas\u0131. Belediyelerimizin bu konudaki hizmetleri asl\u0131nda e\u011fitimde f\u0131rsat e\u015fitli\u011fini ortaya koyma yar\u0131\u015f\u0131d\u0131r. Hepimiz bir \u015feyler yap\u0131yoruz&#8221; diye konu\u015ftu.<\/p>\n<p>Ba\u015fkan Se\u00e7er, varl\u0131kl\u0131 olan ailelerin \u00e7ocuklar\u0131 da imkan\u0131 olmayan ailelerin \u00e7ocuklar\u0131 da iyi e\u011fitim als\u0131n diye bu \u00e7al\u0131\u015fmalar\u0131 hayata ge\u00e7irdiklerini belirtti. Tarsus ve mahallelerinde a\u00e7t\u0131klar\u0131 \u00e7ocuk at\u00f6lyelerinin de oldu\u011funu s\u00f6zlerine ekleyen Ba\u015fkan Se\u00e7er, Mersin Sebze ve Toptanc\u0131 Hali&#8217;nde T\u00fcrkiye&#8217;de hatta d\u00fcnya da belki de e\u015fi benzeri bulunmayan bir kre\u015f a\u00e7t\u0131klar\u0131n\u0131 an\u0131msatarak, &#8220;D\u00fcnyada duydunuz mu? Mersin&#8217;de var. \u00c7\u00fcnk\u00fc orada \u00e7al\u0131\u015fan kad\u0131nlar var. Kad\u0131nlar\u0131 ba\u015f tac\u0131 yapm\u0131\u015f\u0131z. Bundan sonra da Erdemli&#8217;de bir \u00e7ocuk geli\u015fim merkezi \u00e7al\u0131\u015fmas\u0131 var. S\u00fcratle onu tamamlay\u0131p onu hizmete a\u00e7aca\u011f\u0131z. B\u00fct\u00fcn il\u00e7elerimizde a\u00e7aca\u011f\u0131z&#8221; dedi.<\/p>\n<p>&#8220;Biz Mersin&#8217;e bir vizyon koyduk. Mersin&#8217;i \u00e7ok iyi noktalara getirece\u011fiz&#8221;<\/p>\n<p>B\u00fcy\u00fck\u015fehir b\u00fcnyesinde hizmet veren ve say\u0131lar\u0131 17&#8217;yi bulan e\u011fitim ve \u00f6\u011fretimi destekleme kurs merkezlerinde 6 bin 500 \u00f6\u011frenci yer ald\u0131\u011f\u0131n\u0131 s\u00f6yleyen Ba\u015fkan Se\u00e7er, \u00fcniversiteyi kazanan her \u00f6\u011frenciye Mersin B\u00fcy\u00fck\u015fehir Belediyesi olarak e\u011fitim yard\u0131m\u0131 verdiklerini an\u0131msatt\u0131.  &#8220;Biz Mersin&#8217;e bir vizyon koyduk. Mersin&#8217;i \u00e7ok iyi noktalara getirece\u011fiz&#8221; ifadesiyle konu\u015fmas\u0131n\u0131 s\u00fcrd\u00fcren Ba\u015fkan Se\u00e7er, &#8220;Mersin; b\u00f6lgenin de T\u00fcrkiye&#8217;nin de d\u00fcnyan\u0131n tan\u0131d\u0131\u011f\u0131, sayg\u0131 duydu\u011fu marka bir kent olacak. Bunu yaparken fakir fukara da bizim kalbimizde, bu i\u015fi onlarla beraber yaparak y\u00fcr\u00fcyece\u011fiz. Sadece g\u00fczel g\u00fczel binalar, konserler, yollar, parklar yapmak iyi g\u00fczel de; &#8216;Karn\u0131m a\u00e7, hastay\u0131m, ac\u0131m var, neyleyim konseri, yolu park\u0131?&#8217;. Onun i\u00e7in hep beraber y\u00fcr\u00fcyece\u011fiz&#8221; diye konu\u015ftu.<\/p>\n<p>Merkezin, Tarsuslular&#8217;a hay\u0131rl\u0131 olmas\u0131 dile\u011finde bulunan Ba\u015fkan Se\u00e7er, son olarak \u015funlar\u0131 s\u00f6yledi:<\/p>\n<p>&#8220;Kre\u015f \u00f6\u011fretmenlerime ba\u015far\u0131lara diliyorum. Onlara g\u00fcveniyorum. \u00c7ocuklar\u0131m\u0131z\u0131 uygar bir T\u00fcrkiye&#8217;de do\u011fan, uygar bir T\u00fcrkiye&#8217;de b\u00fcy\u00fcyen, Mustafa Kemal Atat\u00fcrk&#8217;\u00fcn \u00e7izdi\u011fi yolda, g\u00f6sterdi\u011fi hedefte y\u00fcr\u00fcyen birer birey olarak yeti\u015ftirecekler. Bundan hi\u00e7bir endi\u015fem yok.&#8221;<\/p>\n<p>Ba\u015fkan Bozdo\u011fan: &#8220;B\u00f6yle bir hizmetin Tarsus&#8217;a gelmesinden ger\u00e7ekten \u00e7ok mutlu oldum&#8221;<\/p>\n<p>Tarsus Belediye Ba\u015fkan\u0131 Haluk Bozdo\u011fan, \u00e7ocuklar\u0131n geli\u015fim s\u00fcrecine katk\u0131 sunmak amac\u0131yla il\u00e7eye kazand\u0131r\u0131lan Merkez&#8217;den dolay\u0131 B\u00fcy\u00fck\u015fehir Belediye Ba\u015fkan\u0131 Vahap Se\u00e7er&#8217;e te\u015fekk\u00fcr etti. Bozdo\u011fan, &#8220;\u0130ki \u00f6nemli olgu var. Biri s\u00fcrd\u00fcr\u00fclebilir, biri de i\u015flevsel olmas\u0131. Toplumcu belediyecilik yakla\u015f\u0131m\u0131nda da Vahap Ba\u015fkan\u0131m\u0131n yakla\u015f\u0131k 3,5 y\u0131ld\u0131r yapt\u0131\u011f\u0131 hizmetleri \u00e7ok yak\u0131ndan takip ediyorum. Bu halkalar\u0131n devam\u0131nda b\u00f6yle bir hizmetin Tarsus&#8217;a gelmesinden de ger\u00e7ekten \u00e7ok mutlu oldum&#8221; ifadelerini kulland\u0131.<\/p>\n<p>Ba\u015fkan Tarhan: &#8220;\u00c7ocuk geli\u015fim merkezlerini \u00f6nemsiyoruz&#8221;<\/p>\n<p>Mezitli Belediye Ba\u015fkan\u0131 Ne\u015fet Tarhan, Mezitli&#8217;de hayata ge\u00e7irdikleri kad\u0131n ve \u00e7ocuklar\u0131 \u00f6nceleyen projeleri anlatarak, &#8220;\u00c7ocuklar\u0131 \u00e7ok \u00f6nemsiyoruz. Bug\u00fcn de B\u00fcy\u00fck\u015fehir Belediye Ba\u015fkan\u0131m\u0131z b\u00f6yle bir projeye imza att\u0131. Eme\u011fi ge\u00e7en herkese te\u015fekk\u00fcr ediyorum&#8221; diye konu\u015ftu.<\/p>\n<p>Dokucu: &#8220;Kre\u015fimiz 70 ki\u015filik, \u015fu ana kadar 43 kay\u0131t ald\u0131k&#8221;<\/p>\n<p>B\u00fcy\u00fck\u015fehir Belediyesi Kad\u0131n ve Aile Hizmetleri Dairesi Ba\u015fkan\u0131 \u015eerife Haso\u011flu Dokucu, kad\u0131nlar ve \u00e7ocuklar ba\u015fta olmak \u00fczere t\u00fcm ailelere destek olmaya \u00e7al\u0131\u015ft\u0131klar\u0131n\u0131 belirterek, &#8220;Bug\u00fcn burada yeni bir \u00e7ocuk geli\u015fim merkezini daha hayata ge\u00e7iriyor olman\u0131n gururunu ya\u015f\u0131yoruz. Kre\u015fimiz 70 ki\u015filik, \u015fu ana kadar 43 kay\u0131t ald\u0131k. Kay\u0131tlar\u0131m\u0131z hala devam etmektedir&#8221; bilgilerini verdi.<\/p>\n<p>Aktay: &#8220;F\u0131rsat e\u015fitli\u011fi sa\u011flamay\u0131 ama\u00e7layan bu de\u011ferli \u00e7aban\u0131n \u00f6rnek olmas\u0131n\u0131 temenni ediyorum&#8221;<\/p>\n<p>CHP Mersin \u0130l Ba\u015fkan\u0131 Adil Aktay, &#8220;\u0130stisnas\u0131z her \u00e7ocu\u011fumuzun okul \u00f6ncesi e\u011fitim almas\u0131n\u0131 sa\u011flamak zorunday\u0131z. \u00c7\u00fcnk\u00fc bu d\u00f6nemde ald\u0131klar\u0131 e\u011fitim, \u00e7ocuklar\u0131n b\u00fct\u00fcn hayat\u0131n\u0131 etkiliyor. Okul \u00f6ncesi e\u011fitim alan \u00e7ocuklar daha sonraki okul ve i\u015f hayat\u0131nda \u00e7ok daha ba\u015far\u0131l\u0131 oluyorlar. B\u00fcy\u00fck\u015fehir Belediye Ba\u015fkan\u0131m\u0131z Say\u0131n Vahap Se\u00e7er, asl\u0131nda merkezi h\u00fck\u00fcmetin sorumlulu\u011funda olan bu konuya el atmas\u0131n\u0131 ve \u015fehrimize b\u00f6yle g\u00fczel e\u011fitim kurumlar\u0131n\u0131 kazand\u0131rmas\u0131n\u0131 \u00e7ok \u00f6nemsiyoruz. Buradaki en \u00f6nemli konu; e\u011fitimde herkese imkan ve f\u0131rsat e\u015fitli\u011fi sa\u011flamay\u0131 ama\u00e7layan bu de\u011ferli \u00e7aban\u0131n \u00f6rnek olmas\u0131n\u0131 temenni ediyorum&#8221; dedi.<\/p>\n<p>Velilerin i\u00e7i rahat, minikler mutlu<\/p>\n<p>\u00c7ocu\u011funun kendini bu kre\u015fte mutlu hissetti\u011fini s\u00f6yleyen Neslihan Cengiz, \u00f6\u011fretmenlerden de gayet memnun olduklar\u0131n\u0131 belirterek, &#8220;\u00c7ok g\u00fczel etkinlikleri oluyor. E\u011fitimi \u00e7ok iyi. Zaten s\u00fcrekli foto\u011fraf da at\u0131yorlar bize. G\u00fcvenli. O konuda hi\u00e7 \u00e7ekincemiz yok&#8221; dedi. Bu kre\u015fi arkada\u015f\u0131n\u0131n tavsiyesi \u00fczerine buldu\u011funu dile getiren G\u00fcler K\u00fc\u00e7\u00fck, &#8220;Biz asl\u0131nda k\u0131z\u0131m\u0131z \u015fu an k\u00fc\u00e7\u00fck diye d\u00fc\u015f\u00fcnm\u00fcyorduk ama Belediyemizin b\u00f6yle bir \u015fey yapt\u0131\u011f\u0131n\u0131 \u00f6\u011frenince g\u00f6n\u00fcl rahatl\u0131\u011f\u0131yla karar verdik. Burada 10 g\u00fcnl\u00fck s\u00fcrecimiz oldu. K\u0131z\u0131m gayet memnun. E\u011fleniyor. Daha \u00e7ok g\u00fcvende oldu\u011funa inan\u0131yorum. \u0130\u00e7im rahat&#8221; diye konu\u015ftu.<\/p>\n<p>Kendisinin de bir e\u011fitimci oldu\u011funu belirten \u00d6zge Uslan, kre\u015fi tesad\u00fcfen buldu\u011funu ve ortam\u0131n ne\u015fesi ile \u00f6\u011fretmenlerin g\u00fcler y\u00fcz\u00fcn\u00fcn kendisini etkiledi\u011fini ifade etti. Uslu, &#8220;Daha \u00f6nce \u00f6zel kre\u015flere de g\u00f6nderdim ama bu memnuniyeti kesinlikle g\u00f6rmedim. Buradaki g\u00fcler y\u00fcz, \u00f6\u011fretmenlerin \u00f6zellikle ilgilenmesi, samimiyet, i\u00e7tenlik inan\u0131lmaz mutlu olduk. \u0130yi ki varlar. Burada \u00e7ocu\u011fumun g\u00fcvende oldu\u011funu d\u00fc\u015f\u00fcn\u00fcyorum. \u015e\u00f6yle s\u00f6yleyeyim; \u0130stanbul&#8217;da b\u00fct\u00fcn g\u00fcn okuldayken &#8216;Acaba \u00e7ocuk ne yap\u0131yor? Acaba uydu mu? Acaba kalkt\u0131 m\u0131? Acaba bir \u015fey yedi mi? B\u00f6yle hep bir alg\u0131 oluyordu i\u00e7imde. Ama burada o tamamen yani o ilk g\u00fcn bile olmad\u0131. Okulda \u00e7ok rahat. Hi\u00e7 akl\u0131m kalmad\u0131. G\u00fcvenle bir s\u0131cakl\u0131k hissettim burada&#8221; dedi.<\/p>\n<p>&#8220;\u00c7ok memnunuz&#8221; diyerek duygular\u0131n\u0131 payla\u015fan Yeliz Karaca, &#8220;\u00c7\u00fcnk\u00fc k\u0131z\u0131m g\u00fclerek gidiyor, g\u00fclerek geliyor. \u00d6\u011fretmenlerimiz harika. Vahap Se\u00e7er Ba\u015fkan\u0131m\u0131za \u00e7ok te\u015fekk\u00fcr etmek istiyoruz. Bu yapt\u0131\u011f\u0131 e\u011fitim hizmetinden dolay\u0131. Yine harikalar yaratt\u0131. \u0130nan\u0131n bu kre\u015fte \u00f6zel kre\u015ften daha iyi e\u011fitim veriyorlar. G\u00fcven daha \u00f6nemli. Ben burada k\u0131z\u0131mla birlikte g\u00fcvendeyim&#8221; ifadelerini kulland\u0131. Kre\u015fin a\u00e7\u0131laca\u011f\u0131n\u0131 ilk duyduklar\u0131nda heyecanl\u0131 bir bekleyi\u015f i\u00e7erisine girdiklerini s\u00f6yleyen Eren Aslanpen\u00e7e de, &#8220;\u0130lk duydu\u011fumuzda \u00e7ok sevindik ve \u00e7ocu\u011fumuz buraya geldi\u011finden beri \u00e7ok mutlu. \u00c7ok g\u00fczel zaman ge\u00e7irdi\u011fini s\u00f6yl\u00fcyor. \u00d6\u011fretmenleri \u00e7ok ilgili&#8221; diye konu\u015ftu.<\/p>\n","protected":false},"excerpt":{"rendered":"<p>Mersin B\u00fcy\u00fck\u015fehir Belediyesi&#8217;nin, &#8220;Mersin Y\u00fckseliyor, 41 Kere M\u00fcjde, 41 Yeni A\u00e7\u0131l\u0131\u015f&#8221; mottosuyla ba\u015flatt\u0131\u011f\u0131 a\u00e7\u0131l\u0131\u015flar\u0131n ikincisi, e\u011fitimde f\u0131rsat e\u015fitli\u011fi sa\u011flayacak &#8216;Begonvil \u00c7ocuk Geli\u015fim Merkezi&#8217; oldu. Vatanda\u015flar\u0131n \u00e7ocuklar\u0131n\u0131 g\u00fcvenle g\u00f6nderece\u011fi ve \u00e7ocuklar\u0131n &hellip; <a href=\"https:\/\/akdenizolaygazetesi.com\/?p=22966\" class=\"more-link\">Devam\u0131n\u0131 Oku&#8230;<\/a><\/p>\n","protected":false},"author":2,"featured_media":22967,"comment_status":"open","ping_status":"open","sticky":false,"template":"","format":"standard","meta":[],"categories":[2,3,5],"tags":[],"_links":{"self":[{"href":"https:\/\/akdenizolaygazetesi.com\/index.php?rest_route=\/wp\/v2\/posts\/22966"}],"collection":[{"href":"https:\/\/akdenizolaygazetesi.com\/index.php?rest_route=\/wp\/v2\/posts"}],"about":[{"href":"https:\/\/akdenizolaygazetesi.com\/index.php?rest_route=\/wp\/v2\/types\/post"}],"author":[{"embeddable":true,"href":"https:\/\/akdenizolaygazetesi.com\/index.php?rest_route=\/wp\/v2\/users\/2"}],"replies":[{"embeddable":true,"href":"https:\/\/akdenizolaygazetesi.com\/index.php?rest_route=%2Fwp%2Fv2%2Fcomments&post=22966"}],"version-history":[{"count":1,"href":"https:\/\/akdenizolaygazetesi.com\/index.php?rest_route=\/wp\/v2\/posts\/22966\/revisions"}],"predecessor-version":[{"id":22968,"href":"https:\/\/akdenizolaygazetesi.com\/index.php?rest_route=\/wp\/v2\/posts\/22966\/revisions\/22968"}],"wp:featuredmedia":[{"embeddable":true,"href":"https:\/\/akdenizolaygazetesi.com\/index.php?rest_route=\/wp\/v2\/media\/22967"}],"wp:attachment":[{"href":"https:\/\/akdenizolaygazetesi.com\/index.php?rest_route=%2Fwp%2Fv2%2Fmedia&parent=22966"}],"wp:term":[{"taxonomy":"category","embeddable":true,"href":"https:\/\/akdenizolaygazetesi.com\/index.php?rest_route=%2Fwp%2Fv2%2Fcategories&post=22966"},{"taxonomy":"post_tag","embeddable":true,"href":"https:\/\/akdenizolaygazetesi.com\/index.php?rest_route=%2Fwp%2Fv2%2Ftags&post=22966"}],"curies":[{"name":"wp","href":"https:\/\/api.w.org\/{rel}","templated":true}]}}