{"id":22975,"date":"2022-12-18T10:59:12","date_gmt":"2022-12-18T07:59:12","guid":{"rendered":"http:\/\/akdenizolaygazetesi.com\/?p=22975"},"modified":"2022-12-18T10:59:12","modified_gmt":"2022-12-18T07:59:12","slug":"buyuksehirin-sosyal-etkinlikleri-cocuklari-memnun-ediyor","status":"publish","type":"post","link":"https:\/\/akdenizolaygazetesi.com\/?p=22975","title":{"rendered":"B\u00dcY\u00dcK\u015eEH\u0130R\u0130N SOSYAL ETK\u0130NL\u0130KLER\u0130 \u00c7OCUKLARI MEMNUN ED\u0130YOR"},"content":{"rendered":"<p>Mersin B\u00fcy\u00fck\u015fehir Belediyesi Kad\u0131n ve Aile Hizmetleri Dairesi Ba\u015fkanl\u0131\u011f\u0131 taraf\u0131ndan &#8216;Y\u0131lba\u015f\u0131 Kurabiyesi Yap\u0131m At\u00f6lyesi&#8217; d\u00fczenlendi. Mevlana Kad\u0131n ve \u00c7ocuk At\u00f6lyesi&#8217;nde e\u011fitim alan 4-6 ya\u015f aras\u0131 \u00e7ocuklar\u0131n kat\u0131l\u0131m\u0131yla ger\u00e7ekle\u015ftirilen etkinlikte 30 \u00e7ocuk, Pasta \u015eefi Ay\u015femine Uludo\u011fan e\u015fli\u011finde y\u0131lba\u015f\u0131 kurabiyesi yapmay\u0131 \u00f6\u011frendiler. \u00c7ocuklar, Palm City AVM&#8217;de ger\u00e7ekle\u015ftirilen etkinlik \u00f6ncesinde T\u0131rt\u0131l Tren ile de gezinti yapt\u0131lar.<\/p>\n<p>Uludo\u011fan: &#8220;\u00c7ocuklar\u0131n hi\u00e7 bilmedikleri bir alanda hayal kurmalar\u0131 \u00e7ok keyifli&#8221;<\/p>\n<p>Etkinli\u011fe g\u00f6n\u00fcll\u00fc olarak destek veren Pasta \u015eefi Ay\u015femine Uludo\u011fan, \u00e7ocuklar i\u00e7in yap\u0131lan bir \u00e7al\u0131\u015fmada mesleki olarak katk\u0131 sunabilmenin mutlulu\u011funu ya\u015fad\u0131\u011f\u0131n\u0131 belirterek, &#8220;Muhtemelen bu \u00e7ocuklar hayat\u0131nda ilk kez \u015feker hamuruyla ya da kurabiyeyle yap\u0131lan b\u00f6yle bir etkinlikle kar\u015f\u0131la\u015f\u0131yorlar. Bunun i\u00e7in \u00e7ok heyecanl\u0131yd\u0131m. Hi\u00e7 bilmedikleri bir alanda hayal kurmalar\u0131 ya da bir meslekle ilgili bilgi sahibi olmalar\u0131 \u00e7ok keyifliydi. Her biri \u00e7ok tatl\u0131 ve \u00e7ok enerjik. Buraya \u00e7ok isteyerek gelmi\u015fler, o y\u00fczden \u00e7ok g\u00fczel ge\u00e7ti&#8221; dedi.<\/p>\n<p>\u00c7ocuklarla birebir ilgilenen Uludo\u011fan, &#8220;Bu \u00e7ocuklar\u0131n ihtiya\u00e7lar\u0131n\u0131n ke\u015ffedilip, hangi alanlara y\u00f6nlendirilebilece\u011fini bilip, buna uygun alanlar yarat\u0131l\u0131yor olmas\u0131 beni \u00e7ok mutlu etti. Bu grupla bulu\u015fabilmek ve mesleki olarak da b\u00f6yle bir katk\u0131 sa\u011flayabilmek, benim i\u00e7in \u00e7ok k\u0131ymetli. B\u00fcy\u00fck\u015fehir Belediyesi b\u00f6yle bir organizasyon haz\u0131rlamasayd\u0131, belki de hi\u00e7bir zaman bu \u00e7ocuklarla kar\u015f\u0131la\u015fmayacakt\u0131k&#8221; diye konu\u015ftu.<\/p>\n<p>Arslan: &#8220;B\u00fcy\u00fck\u015fehir&#8217;in sosyal ya\u015fama etki eden departmanlar\u0131yla birlikte hareket ediyor olmak \u00e7ok g\u00fczel&#8221;<\/p>\n<p>Etkinli\u011fe ev sahipli\u011fi yapmaktan mutluluk duyduklar\u0131n\u0131 belirten Palm City AVM Genel Koordinat\u00f6r\u00fc Aykut Arslan ise, &#8220;Al\u0131\u015fveri\u015f merkezimizde \u00e7ocuklar\u0131m\u0131z, kurabiye at\u00f6lyesinde i\u015flevsel bir faaliyet g\u00f6steriyorlar. Bundan da memnuniyet duyuyoruz. Bu t\u00fcr sosyal sorumluluk projelerine ev sahipli\u011fi yapmaktan ayr\u0131ca \u00e7ok mutluyuz. B\u00fcy\u00fck\u015fehir Belediyemizin sosyal ya\u015fama etki eden departmanlar\u0131yla birlikte hareket ediyor olmak, insanlar\u0131n tercih etti\u011fi yerlerde bu tip faaliyetlere katk\u0131 sunmak bize ayr\u0131ca mutluluk veriyor&#8221; \u015feklinde konu\u015ftu.<\/p>\n<p>&#8220;\u00c7ocuklar\u0131m bu etkinlikler sayesinde ileti\u015fim kurmay\u0131 \u00f6\u011frendiler&#8221;<\/p>\n<p>Mevlana Kad\u0131n ve \u00c7ocuk At\u00f6lyesi&#8217;nde ald\u0131klar\u0131 e\u011fitimin, 3 \u00e7ocu\u011funun da geli\u015fimine \u00e7ok ciddi oranda katk\u0131 sa\u011flad\u0131\u011f\u0131n\u0131 s\u00f6yleyen velilerden Burcu Orhan, &#8220;Ben durumdan \u00e7ok memnunum, \u00e7\u00fcnk\u00fc bana uyurken &#8216;iyi geceler&#8217; dahi demeyen \u00e7ocuklar\u0131m vard\u0131. Bu etkinlikler sayesinde, \u015fimdi \u00e7ocuklar\u0131m benimle gayet g\u00fczel ileti\u015fim kuruyorlar. Maddi imkanlar\u0131m do\u011frultusunda belli yerlere g\u00f6t\u00fcremeyecekken, belediyenin imkanlar\u0131 sayesinde bir\u00e7ok etkinli\u011fe kat\u0131l\u0131yorlar. \u00c7ocuklar ileti\u015fim kurmay\u0131 \u00f6\u011frendiler. Evime gelen misafir \u00e7ocuklarla kavga eden \u00e7ocuklar\u0131m, oyun oynamay\u0131 \u00f6\u011frendiler. Telefondan uzak kalmay\u0131, daha \u00e7ok oyun oynamay\u0131, kitaplarla boyama yapmay\u0131 \u00f6\u011frendiler&#8221; ifadelerini kulland\u0131.<\/p>\n<p>Kat\u0131ld\u0131klar\u0131 etkinlikten \u00e7ok mutlu oldu\u011funu s\u00f6yleyen 5 ya\u015f\u0131ndaki Hamza Kiraz isimli \u00e7ocuk, &#8220;\u00c7ok mutlu oldum. Daha \u00f6nce yapmam\u0131\u015ft\u0131m, bizi buraya Vahap Amca g\u00f6nderdi, kendisinin yeni y\u0131l\u0131n\u0131 kutluyorum, \u00f6p\u00fcyorum&#8221; diye konu\u015furken, Elif \u00d6zengin ise &#8220;Burada \u00e7ok mutlu oldum, Vahap Amca&#8217;y\u0131 ben de \u00f6p\u00fcyorum&#8221; dedi.<\/p>\n","protected":false},"excerpt":{"rendered":"<p>Mersin B\u00fcy\u00fck\u015fehir Belediyesi Kad\u0131n ve Aile Hizmetleri Dairesi Ba\u015fkanl\u0131\u011f\u0131 taraf\u0131ndan &#8216;Y\u0131lba\u015f\u0131 Kurabiyesi Yap\u0131m At\u00f6lyesi&#8217; d\u00fczenlendi. Mevlana Kad\u0131n ve \u00c7ocuk At\u00f6lyesi&#8217;nde e\u011fitim alan 4-6 ya\u015f aras\u0131 \u00e7ocuklar\u0131n kat\u0131l\u0131m\u0131yla ger\u00e7ekle\u015ftirilen etkinlikte 30 &hellip; <a href=\"https:\/\/akdenizolaygazetesi.com\/?p=22975\" class=\"more-link\">Devam\u0131n\u0131 Oku&#8230;<\/a><\/p>\n","protected":false},"author":2,"featured_media":22976,"comment_status":"open","ping_status":"open","sticky":false,"template":"","format":"standard","meta":[],"categories":[2,3,5],"tags":[],"_links":{"self":[{"href":"https:\/\/akdenizolaygazetesi.com\/index.php?rest_route=\/wp\/v2\/posts\/22975"}],"collection":[{"href":"https:\/\/akdenizolaygazetesi.com\/index.php?rest_route=\/wp\/v2\/posts"}],"about":[{"href":"https:\/\/akdenizolaygazetesi.com\/index.php?rest_route=\/wp\/v2\/types\/post"}],"author":[{"embeddable":true,"href":"https:\/\/akdenizolaygazetesi.com\/index.php?rest_route=\/wp\/v2\/users\/2"}],"replies":[{"embeddable":true,"href":"https:\/\/akdenizolaygazetesi.com\/index.php?rest_route=%2Fwp%2Fv2%2Fcomments&post=22975"}],"version-history":[{"count":1,"href":"https:\/\/akdenizolaygazetesi.com\/index.php?rest_route=\/wp\/v2\/posts\/22975\/revisions"}],"predecessor-version":[{"id":22977,"href":"https:\/\/akdenizolaygazetesi.com\/index.php?rest_route=\/wp\/v2\/posts\/22975\/revisions\/22977"}],"wp:featuredmedia":[{"embeddable":true,"href":"https:\/\/akdenizolaygazetesi.com\/index.php?rest_route=\/wp\/v2\/media\/22976"}],"wp:attachment":[{"href":"https:\/\/akdenizolaygazetesi.com\/index.php?rest_route=%2Fwp%2Fv2%2Fmedia&parent=22975"}],"wp:term":[{"taxonomy":"category","embeddable":true,"href":"https:\/\/akdenizolaygazetesi.com\/index.php?rest_route=%2Fwp%2Fv2%2Fcategories&post=22975"},{"taxonomy":"post_tag","embeddable":true,"href":"https:\/\/akdenizolaygazetesi.com\/index.php?rest_route=%2Fwp%2Fv2%2Ftags&post=22975"}],"curies":[{"name":"wp","href":"https:\/\/api.w.org\/{rel}","templated":true}]}}