{"id":22996,"date":"2022-12-19T16:42:20","date_gmt":"2022-12-19T13:42:20","guid":{"rendered":"http:\/\/akdenizolaygazetesi.com\/?p=22996"},"modified":"2022-12-19T16:42:20","modified_gmt":"2022-12-19T13:42:20","slug":"meryad-baskani-dogmus-sarikamis-sehitlerini-andi","status":"publish","type":"post","link":"https:\/\/akdenizolaygazetesi.com\/?p=22996","title":{"rendered":"MERYAD Ba\u015fkan\u0131 Do\u011fmu\u015f, Sar\u0131kam\u0131\u015f \u015eehitlerini And\u0131"},"content":{"rendered":"<p>Mersin Yat\u0131r\u0131mc\u0131 \u0130\u015f \u0130nsanlar\u0131 Derne\u011fi (MERYAD) Ba\u015fkan\u0131 Co\u015fkun Do\u011fmu\u015f, Sar\u0131kam\u0131\u015f \u015eehitlerini Anma G\u00fcn\u00fc dolay\u0131s\u0131 ile mesaj yay\u0131nlad\u0131.<\/p>\n<p>&#8220;Aziz Milletimiz, kahraman askerlerimiz, bayra\u011f\u0131m\u0131z u\u011fruna, vatan u\u011fruna, ba\u011f\u0131ms\u0131zl\u0131\u011f\u0131m\u0131z u\u011fruna geri d\u00f6nmeyi hi\u00e7 d\u00fc\u015f\u00fcnmeden vatan topra\u011f\u0131 i\u00e7in adeta \u00f6l\u00fcme gitmi\u015flerdir&#8221; diyen Do\u011fmu\u015f, &#8221; Sar\u0131kam\u0131\u015f, d\u00fc\u015fman\u0131n \u00fcst\u00fcn g\u00fcc\u00fcne kar\u015f\u0131 can\u0131n\u0131 siper eden engin ruhlu kahraman askerlerimizin destan\u0131d\u0131r. Sar\u0131kam\u0131\u015f,  vatan \u00e2\u015f\u0131klar\u0131n\u0131n miras\u0131, kahramanl\u0131k ve yi\u011fitlik destan\u0131d\u0131r. Sar\u0131kam\u0131\u015f, d\u00fcnyaya kafa tutan milletimizin vatan\u0131 i\u00e7in yapabileceklerinin ispat\u0131d\u0131r.<br \/>\nAskerlerimizin Allahuekber Da\u011flar\u0131&#8217;n\u0131n Sar\u0131kam\u0131\u015f&#8217;taki cesareti, vatan  ate\u015fini bembeyaz karlar s\u00f6nd\u00fcrememi\u015f, vatan i\u00e7in \u00e7arpan y\u00fcreklerin heyecan\u0131n\u0131 so\u011fuk dindirememi\u015ftir.<\/p>\n<p>A\u011f\u0131r hava ko\u015fullar\u0131 alt\u0131nda m\u00fccadele veren T\u00fcrk askerimiz, muharebenin sonuna kadar direnmi\u015f; m\u00fccadeleyi b\u0131rakmam\u0131\u015f,  \u015fehitlik mertebesine ula\u015fan vatan evlatlar\u0131m\u0131z T\u00fcrk milletinin ba\u011fr\u0131na defnedilmi\u015ftir. Mart-Nisan 1915&#8217;te karlar\u0131n erimeye ba\u015flamas\u0131 \u00fczerine \u015fehitlerimiz kardelenler gibi ortaya \u00e7\u0131km\u0131\u015ft\u0131r. Kardelen bu nedenle Sar\u0131kam\u0131\u015f \u015fehitlerimizin sembol\u00fcd\u00fcr.<br \/>\nVatan\u0131m\u0131z i\u00e7in, Aziz milletimizin i\u00e7in Allahuekber Da\u011flar\u0131nda \u015fehadete y\u00fcr\u00fcyen kahramanlar\u0131m\u0131z\u0131 rahmetle, minnetle ve \u015f\u00fckranla an\u0131yorum, mek\u00e2nlar\u0131 cennet olsun&#8221; dedi.<\/p>\n","protected":false},"excerpt":{"rendered":"<p>Mersin Yat\u0131r\u0131mc\u0131 \u0130\u015f \u0130nsanlar\u0131 Derne\u011fi (MERYAD) Ba\u015fkan\u0131 Co\u015fkun Do\u011fmu\u015f, Sar\u0131kam\u0131\u015f \u015eehitlerini Anma G\u00fcn\u00fc dolay\u0131s\u0131 ile mesaj yay\u0131nlad\u0131. &#8220;Aziz Milletimiz, kahraman askerlerimiz, bayra\u011f\u0131m\u0131z u\u011fruna, vatan u\u011fruna, ba\u011f\u0131ms\u0131zl\u0131\u011f\u0131m\u0131z u\u011fruna geri d\u00f6nmeyi hi\u00e7 &hellip; <a href=\"https:\/\/akdenizolaygazetesi.com\/?p=22996\" class=\"more-link\">Devam\u0131n\u0131 Oku&#8230;<\/a><\/p>\n","protected":false},"author":2,"featured_media":22997,"comment_status":"open","ping_status":"open","sticky":false,"template":"","format":"standard","meta":[],"categories":[3],"tags":[],"_links":{"self":[{"href":"https:\/\/akdenizolaygazetesi.com\/index.php?rest_route=\/wp\/v2\/posts\/22996"}],"collection":[{"href":"https:\/\/akdenizolaygazetesi.com\/index.php?rest_route=\/wp\/v2\/posts"}],"about":[{"href":"https:\/\/akdenizolaygazetesi.com\/index.php?rest_route=\/wp\/v2\/types\/post"}],"author":[{"embeddable":true,"href":"https:\/\/akdenizolaygazetesi.com\/index.php?rest_route=\/wp\/v2\/users\/2"}],"replies":[{"embeddable":true,"href":"https:\/\/akdenizolaygazetesi.com\/index.php?rest_route=%2Fwp%2Fv2%2Fcomments&post=22996"}],"version-history":[{"count":1,"href":"https:\/\/akdenizolaygazetesi.com\/index.php?rest_route=\/wp\/v2\/posts\/22996\/revisions"}],"predecessor-version":[{"id":22998,"href":"https:\/\/akdenizolaygazetesi.com\/index.php?rest_route=\/wp\/v2\/posts\/22996\/revisions\/22998"}],"wp:featuredmedia":[{"embeddable":true,"href":"https:\/\/akdenizolaygazetesi.com\/index.php?rest_route=\/wp\/v2\/media\/22997"}],"wp:attachment":[{"href":"https:\/\/akdenizolaygazetesi.com\/index.php?rest_route=%2Fwp%2Fv2%2Fmedia&parent=22996"}],"wp:term":[{"taxonomy":"category","embeddable":true,"href":"https:\/\/akdenizolaygazetesi.com\/index.php?rest_route=%2Fwp%2Fv2%2Fcategories&post=22996"},{"taxonomy":"post_tag","embeddable":true,"href":"https:\/\/akdenizolaygazetesi.com\/index.php?rest_route=%2Fwp%2Fv2%2Ftags&post=22996"}],"curies":[{"name":"wp","href":"https:\/\/api.w.org\/{rel}","templated":true}]}}