{"id":23005,"date":"2022-12-20T12:42:21","date_gmt":"2022-12-20T09:42:21","guid":{"rendered":"http:\/\/akdenizolaygazetesi.com\/?p=23005"},"modified":"2022-12-20T12:42:21","modified_gmt":"2022-12-20T09:42:21","slug":"aile-okulu-egitimleri-devam-ediyor","status":"publish","type":"post","link":"https:\/\/akdenizolaygazetesi.com\/?p=23005","title":{"rendered":"A\u0130LE OKULU E\u011e\u0130T\u0130MLER\u0130 DEVAM ED\u0130YOR"},"content":{"rendered":"<p>Mersin \u0130l Milli E\u011fitim M\u00fcd\u00fcrl\u00fc\u011f\u00fc olarak &#8220;Aile Okulu Projesi&#8221; kapsam\u0131nda \u00e7al\u0131\u015fmalar\u0131m\u0131z h\u0131zla devam etmektedir. &#8220;Aile Okulu Projesi&#8221;, Cumhurba\u015fkan\u0131m\u0131z\u0131n E\u015fleri Sn. Emine Erdo\u011fan Han\u0131mefendi himayelerinde, Mill\u00ee E\u011fitim Bakan\u0131m\u0131z Sn. Mahmut \u00d6zer&#8217;in talimatlar\u0131yla 28 Mart 2022&#8217;de ba\u015flat\u0131lm\u0131\u015ft\u0131r. Proje kapsam\u0131nda velilerimize y\u00f6nelik e\u011fitimler verilmektedir.<br \/>\n\u0130limizde; Aile Okulu Projesi&#8217;nde velilere y\u00f6nelik a\u00e7\u0131lan; &#8220;Aile Okulu (Veliler i\u00e7in), Ailede \u0130lk Yard\u0131m, \u00c7evre ve \u0130klim De\u011fi\u015fikli\u011fi Fark\u0131ndal\u0131k, Trafik \u00d6\u011freniyorum&#8221; kurs mod\u00fcllerinde 01.08.2022 \/31.12.2022 tarihleri aras\u0131nda y\u00fcr\u00fct\u00fclen \u00e7al\u0131\u015fmalar neticesinde;<\/p>\n<p>\u00b7      Proje kapsam\u0131nda ilimizde 2790 e\u011fitmenimiz bulunmakta, e\u011fitici e\u011fitimi mod\u00fcllerimiz devam etmektedir.<br \/>\n\u00b7      Proje kapsam\u0131nda ilimizde 959 kurs a\u00e7\u0131lm\u0131\u015ft\u0131r.<br \/>\n\u00b7      Proje kapsam\u0131nda bug\u00fcne kadar 44.156 veliye ula\u015f\u0131lm\u0131\u015ft\u0131r.<br \/>\n\u00b7      \u0130limizde projenin tan\u0131t\u0131lmas\u0131 ve velilerimizin projeye kat\u0131l\u0131m\u0131n\u0131 artt\u0131rmak amac\u0131yla d\u00fczenli aral\u0131klarla Aile Sofras\u0131 Bulu\u015fmalar\u0131, s\u00f6yle\u015filer, piknikler ve \u00e7e\u015fitli etkinlikler d\u00fczenlenmektedir.<\/p>\n","protected":false},"excerpt":{"rendered":"<p>Mersin \u0130l Milli E\u011fitim M\u00fcd\u00fcrl\u00fc\u011f\u00fc olarak &#8220;Aile Okulu Projesi&#8221; kapsam\u0131nda \u00e7al\u0131\u015fmalar\u0131m\u0131z h\u0131zla devam etmektedir. &#8220;Aile Okulu Projesi&#8221;, Cumhurba\u015fkan\u0131m\u0131z\u0131n E\u015fleri Sn. Emine Erdo\u011fan Han\u0131mefendi himayelerinde, Mill\u00ee E\u011fitim Bakan\u0131m\u0131z Sn. Mahmut \u00d6zer&#8217;in &hellip; <a href=\"https:\/\/akdenizolaygazetesi.com\/?p=23005\" class=\"more-link\">Devam\u0131n\u0131 Oku&#8230;<\/a><\/p>\n","protected":false},"author":2,"featured_media":23006,"comment_status":"open","ping_status":"open","sticky":false,"template":"","format":"standard","meta":[],"categories":[3],"tags":[],"_links":{"self":[{"href":"https:\/\/akdenizolaygazetesi.com\/index.php?rest_route=\/wp\/v2\/posts\/23005"}],"collection":[{"href":"https:\/\/akdenizolaygazetesi.com\/index.php?rest_route=\/wp\/v2\/posts"}],"about":[{"href":"https:\/\/akdenizolaygazetesi.com\/index.php?rest_route=\/wp\/v2\/types\/post"}],"author":[{"embeddable":true,"href":"https:\/\/akdenizolaygazetesi.com\/index.php?rest_route=\/wp\/v2\/users\/2"}],"replies":[{"embeddable":true,"href":"https:\/\/akdenizolaygazetesi.com\/index.php?rest_route=%2Fwp%2Fv2%2Fcomments&post=23005"}],"version-history":[{"count":1,"href":"https:\/\/akdenizolaygazetesi.com\/index.php?rest_route=\/wp\/v2\/posts\/23005\/revisions"}],"predecessor-version":[{"id":23007,"href":"https:\/\/akdenizolaygazetesi.com\/index.php?rest_route=\/wp\/v2\/posts\/23005\/revisions\/23007"}],"wp:featuredmedia":[{"embeddable":true,"href":"https:\/\/akdenizolaygazetesi.com\/index.php?rest_route=\/wp\/v2\/media\/23006"}],"wp:attachment":[{"href":"https:\/\/akdenizolaygazetesi.com\/index.php?rest_route=%2Fwp%2Fv2%2Fmedia&parent=23005"}],"wp:term":[{"taxonomy":"category","embeddable":true,"href":"https:\/\/akdenizolaygazetesi.com\/index.php?rest_route=%2Fwp%2Fv2%2Fcategories&post=23005"},{"taxonomy":"post_tag","embeddable":true,"href":"https:\/\/akdenizolaygazetesi.com\/index.php?rest_route=%2Fwp%2Fv2%2Ftags&post=23005"}],"curies":[{"name":"wp","href":"https:\/\/api.w.org\/{rel}","templated":true}]}}