{"id":23011,"date":"2022-12-20T12:45:46","date_gmt":"2022-12-20T09:45:46","guid":{"rendered":"http:\/\/akdenizolaygazetesi.com\/?p=23011"},"modified":"2022-12-20T12:45:46","modified_gmt":"2022-12-20T09:45:46","slug":"buyuksehirin-doga-bizi-cagiriyor-etkinliginin-bir-rotasi-da-erdemli-dogusandal-mahallesi-oldu","status":"publish","type":"post","link":"https:\/\/akdenizolaygazetesi.com\/?p=23011","title":{"rendered":"B\u00dcY\u00dcK\u015eEH\u0130R&#8217;\u0130N &#8216;DO\u011eA B\u0130Z\u0130 \u00c7A\u011eIRIYOR&#8217; ETK\u0130NL\u0130\u011e\u0130N\u0130N B\u0130R ROTASI DA ERDEML\u0130 DO\u011eUSANDAL MAHALLES\u0130 OLDU"},"content":{"rendered":"<p>Mersin B\u00fcy\u00fck\u015fehir Belediyesi Kad\u0131n ve Aile Hizmetleri Dairesi b\u00fcnyesinde geleneksel hale getirilen &#8216;Do\u011fa Bizi \u00c7a\u011f\u0131r\u0131yor&#8217; etkinlikleri, yeni gezi rotalar\u0131yla devam ediyor. Vatanda\u015flar farkl\u0131 yerleri deneyimlemenin keyfini ya\u015farken, do\u011fayla da i\u00e7 i\u00e7e bir g\u00fcn ge\u00e7iriyor. B\u00fcy\u00fck\u015fehir&#8217;in bir dura\u011f\u0131 da Erdemli il\u00e7esi Do\u011fusandal Mahallesi oldu. Mersinden Kad\u0131n Kooperatifi Ba\u015fkan\u0131 Meral Se\u00e7er&#8217;in de kat\u0131l\u0131m\u0131yla ger\u00e7ekle\u015fen gezide kat\u0131l\u0131mc\u0131lar hem 7 kilometrelik do\u011fa y\u00fcr\u00fcy\u00fc\u015f\u00fc yapt\u0131, hem de b\u00f6lgede ya\u015fayan kad\u0131nlar\u0131n el eme\u011fi \u00fcr\u00fcnlerinden tatma ve sat\u0131n alma f\u0131rsat\u0131 buldu.<br \/>\nMersinliler do\u011fan\u0131n tad\u0131n\u0131 \u00e7\u0131kar\u0131yor<br \/>\n&#8220;Do\u011fa Bizi \u00c7a\u011f\u0131r\u0131yor&#8221; etkinlikleri ile do\u011faseverler, her defas\u0131nda yeni bir rota ile farkl\u0131 bir do\u011fal g\u00fczelli\u011fin ke\u015ffine \u00e7\u0131k\u0131yor. \u00dccretsiz olarak d\u00fczenlenen etkinlikler \u00f6ncesinde kay\u0131t yapt\u0131rarak ba\u015fvuran vatanda\u015flar i\u00e7in, Mersin Forum AVM Ba\u011flant\u0131 K\u00f6pr\u00fcs\u00fc alt\u0131ndan ve Tarsus K\u00fclt\u00fcr Merkezi&#8217;nin \u00f6n\u00fcnden servis kald\u0131r\u0131ld\u0131. Erdemli&#8217;nin do\u011fal g\u00fczelli\u011fi i\u00e7erisinde d\u00fczenlenen gezi rotas\u0131nda \u00e7o\u011funlu\u011funu kad\u0131nlar\u0131n olu\u015fturdu\u011fu kat\u0131l\u0131mc\u0131lar, Mersinden Kad\u0131n Kooperatifi Ba\u015fkan\u0131 Meral Se\u00e7er ile birlikte y\u00fcr\u00fcy\u00fc\u015f parkurunu tamamlad\u0131. Kad\u0131nlarla bir araya gelen Meral Se\u00e7er, y\u00f6resel \u00fcr\u00fcnleri inceledi ve kad\u0131nlarla sohbet etti.<br \/>\nMeral Se\u00e7er: &#8220;Bu geziler, k\u0131rsalda ya\u015fayan kad\u0131nlar\u0131m\u0131zla kent merkezinde ya\u015fayan kad\u0131nlar\u0131m\u0131z\u0131 bulu\u015fturuyor&#8221;<br \/>\nMersinden Kad\u0131n Kooperatifi Ba\u015fkan\u0131 Meral Se\u00e7er, \u00f6zellikle k\u0131rsalda ger\u00e7ekle\u015ftirilen bu gezilerin, merkezde ya\u015fayan vatanda\u015flarla k\u0131rsalda ya\u015fayan vatanda\u015flar\u0131 bir araya getirdi\u011fine dikkat \u00e7ekerek, &#8220;Kad\u0131n ve Aile Hizmetleri Dairesi G\u00f6n\u00fcll\u00fcler \u015eubesi&#8217;nin ilk g\u00f6n\u00fcll\u00fcs\u00fcy\u00fcm, g\u00f6n\u00fcll\u00fc olarak \u00e7al\u0131\u015f\u0131yorum. Bu \u00e7al\u0131\u015fmalara da g\u00f6n\u00fcll\u00fc olarak kat\u0131l\u0131yorum. 2019&#8217;da &#8216;K\u0131rsal Bulu\u015fma G\u00fcnleri&#8217; olarak yola \u00e7\u0131k\u0131lm\u0131\u015ft\u0131 Kad\u0131n Dairesi ile birlikte. K\u0131rsal Bulu\u015fma Gezileri&#8217;nde amac\u0131m\u0131z, k\u0131rsaldaki kad\u0131nlar\u0131m\u0131zla kentteki kad\u0131nlar\u0131m\u0131z\u0131 bir araya getirmekti. Mersin&#8217;de ya\u015f\u0131yoruz, ama Mersin&#8217;i bilmiyorduk. \u00d6zellikle ovadan Toroslar&#8217;\u0131n eteklerine ve yukar\u0131lara \u00e7\u0131kt\u0131k. \u00c7\u0131kt\u0131k\u00e7a da \u00e7ok de\u011ferli \u00fcr\u00fcnlerimizin \u00fcretildi\u011fini g\u00f6rd\u00fck. Kad\u0131nlar\u0131m\u0131z\u0131n \u00fcrettikleri bu \u00fcr\u00fcnleri, kentte ya\u015fayan kad\u0131nlar\u0131m\u0131zla bulu\u015fturmak istedik. Hem birbirleriyle kayna\u015fs\u0131nlar, hem de burada emek veren kad\u0131nlar\u0131m\u0131za ek bir gelir olsun d\u00fc\u015f\u00fcncesiyle yola \u00e7\u0131kt\u0131k. Kentimizi, kad\u0131nlar\u0131m\u0131z\u0131 \u00e7ok seviyoruz. Onlar\u0131n sosyalle\u015fmesini ve ekonomide yer bulmalar\u0131n\u0131, ayr\u0131ca karar mekanizmas\u0131nda yer almalar\u0131n\u0131 \u00e7ok istiyoruz&#8221; diye konu\u015ftu.<\/p>\n<p>Muhtar Bulut: &#8220;\u00dcr\u00fcnlerimizin tan\u0131t\u0131m\u0131 a\u00e7\u0131s\u0131ndan \u00e7ok \u00f6nemli bir etkinlik&#8221;<br \/>\nDo\u011fusandal Mahallesi Muhtar\u0131 Hasan Bulut ise, gezi sayesinde mahallede bir hareketlilik oldu\u011funu belirterek, &#8220;Y\u00f6resel \u00fcr\u00fcnleri de\u011fi\u015fik \u00e7evrelere tan\u0131tma ve ula\u015ft\u0131rma imkan\u0131 buluyoruz. Vadiden ba\u015flayarak de\u011fi\u015fik yerleri gezecekler, g\u00f6recekler ve k\u00f6y\u00fcm\u00fcz\u00fc \u00e7ok be\u011fenecekler. Umar\u0131m bundan sonra da s\u0131k s\u0131k ziyaretler \u00e7o\u011falacakt\u0131r. Ke\u00e7iboynuzu pekmezi ve zeytin, buran\u0131n kendine has \u00f6zel \u00fcr\u00fcnleridir. Tan\u0131t\u0131m\u0131nda, sat\u0131\u015f\u0131nda her bir k\u00f6\u015feye ula\u015fmas\u0131nda \u00e7ok k\u0131ymetli oldu bu gezi&#8221; ifadelerini kulland\u0131.<\/p>\n","protected":false},"excerpt":{"rendered":"<p>Mersin B\u00fcy\u00fck\u015fehir Belediyesi Kad\u0131n ve Aile Hizmetleri Dairesi b\u00fcnyesinde geleneksel hale getirilen &#8216;Do\u011fa Bizi \u00c7a\u011f\u0131r\u0131yor&#8217; etkinlikleri, yeni gezi rotalar\u0131yla devam ediyor. Vatanda\u015flar farkl\u0131 yerleri deneyimlemenin keyfini ya\u015farken, do\u011fayla da i\u00e7 &hellip; <a href=\"https:\/\/akdenizolaygazetesi.com\/?p=23011\" class=\"more-link\">Devam\u0131n\u0131 Oku&#8230;<\/a><\/p>\n","protected":false},"author":2,"featured_media":23012,"comment_status":"open","ping_status":"open","sticky":false,"template":"","format":"standard","meta":[],"categories":[2,3,5],"tags":[],"_links":{"self":[{"href":"https:\/\/akdenizolaygazetesi.com\/index.php?rest_route=\/wp\/v2\/posts\/23011"}],"collection":[{"href":"https:\/\/akdenizolaygazetesi.com\/index.php?rest_route=\/wp\/v2\/posts"}],"about":[{"href":"https:\/\/akdenizolaygazetesi.com\/index.php?rest_route=\/wp\/v2\/types\/post"}],"author":[{"embeddable":true,"href":"https:\/\/akdenizolaygazetesi.com\/index.php?rest_route=\/wp\/v2\/users\/2"}],"replies":[{"embeddable":true,"href":"https:\/\/akdenizolaygazetesi.com\/index.php?rest_route=%2Fwp%2Fv2%2Fcomments&post=23011"}],"version-history":[{"count":1,"href":"https:\/\/akdenizolaygazetesi.com\/index.php?rest_route=\/wp\/v2\/posts\/23011\/revisions"}],"predecessor-version":[{"id":23013,"href":"https:\/\/akdenizolaygazetesi.com\/index.php?rest_route=\/wp\/v2\/posts\/23011\/revisions\/23013"}],"wp:featuredmedia":[{"embeddable":true,"href":"https:\/\/akdenizolaygazetesi.com\/index.php?rest_route=\/wp\/v2\/media\/23012"}],"wp:attachment":[{"href":"https:\/\/akdenizolaygazetesi.com\/index.php?rest_route=%2Fwp%2Fv2%2Fmedia&parent=23011"}],"wp:term":[{"taxonomy":"category","embeddable":true,"href":"https:\/\/akdenizolaygazetesi.com\/index.php?rest_route=%2Fwp%2Fv2%2Fcategories&post=23011"},{"taxonomy":"post_tag","embeddable":true,"href":"https:\/\/akdenizolaygazetesi.com\/index.php?rest_route=%2Fwp%2Fv2%2Ftags&post=23011"}],"curies":[{"name":"wp","href":"https:\/\/api.w.org\/{rel}","templated":true}]}}