{"id":23014,"date":"2022-12-20T12:47:22","date_gmt":"2022-12-20T09:47:22","guid":{"rendered":"http:\/\/akdenizolaygazetesi.com\/?p=23014"},"modified":"2022-12-20T12:47:22","modified_gmt":"2022-12-20T09:47:22","slug":"iyi-ki-buyuksehir-meslek-edindirme-kurslari-var","status":"publish","type":"post","link":"https:\/\/akdenizolaygazetesi.com\/?p=23014","title":{"rendered":"\u0130Y\u0130 K\u0130 B\u00dcY\u00dcK\u015eEH\u0130R MESLEK ED\u0130ND\u0130RME KURSLARI VAR"},"content":{"rendered":"<p>Mersin B\u00fcy\u00fck\u015fehir Belediyesi Sosyal Hizmetler Daire Ba\u015fkanl\u0131\u011f\u0131 b\u00fcnyesinde hizmet veren Halkkent MERCEK&#8217;te, T\u0131rnak S\u00fcsleme ile Temel Makyaj kurslar\u0131 a\u00e7\u0131ld\u0131. E\u011fitmen T\u00fcrkan \u015eahg\u00fcl taraf\u0131ndan verilen kurslarda kat\u0131l\u0131mc\u0131lar, makyaj ve t\u0131rnak s\u00fcslemeye dair hem teorik hem de uygulamal\u0131 e\u011fitim g\u00f6r\u00fcyor. Her iki kursun sonunda da ger\u00e7ekle\u015ftirilecek s\u0131nav\u0131 ba\u015far\u0131yla tamamlayan kursiyerler, T\u00fcrkiye&#8217;nin her yerinde ge\u00e7erli olan Milli E\u011fitim Bakanl\u0131\u011f\u0131 onayl\u0131 sertifikalar\u0131n\u0131 alacaklar.<br \/>\nMaya: &#8220;Bu kursun amac\u0131 hobi de\u011fil, meslek edindirmek&#8221;<br \/>\nKurslar hakk\u0131nda bilgi veren MERCEK Meslek Edindirme ve E\u011fitim Merkezi E\u011fitim Koordinat\u00f6r\u00fc G\u00fcl Kadem Maya, her iki kursa da \u00e7ok fazla talep oldu\u011funu ve kursiyerleri \u00f6n g\u00f6r\u00fc\u015fme yaparak belirlediklerini aktard\u0131. Bu alanda \u00e7al\u0131\u015fan ya da \u00e7al\u0131\u015fmaya niyetli olan ki\u015filere \u00f6ncelik verdiklerini belirten Maya, &#8220;Hem teorik, hem uygulamal\u0131 e\u011fitim veriyoruz. Kursiyerlerimiz hangi maddeleri kullanacaklar\u0131 ve makyajda cilt tonuna g\u00f6re hangi malzemeye ihtiya\u00e7 duyulaca\u011f\u0131 gibi e\u011fitimleri al\u0131yorlar&#8221; dedi.<br \/>\nKursun sonunda s\u0131nav yap\u0131laca\u011f\u0131n\u0131 ve bu s\u0131nav\u0131 ba\u015far\u0131yla ge\u00e7en kursiyerlerin Milli E\u011fitim Bakanl\u0131\u011f\u0131 onayl\u0131 sertifikalar\u0131n\u0131 alacaklar\u0131n\u0131 s\u00f6yleyen Maya, &#8220;Makyaj ve t\u0131rnak s\u00fcsleme, art\u0131k hem Avrupa&#8217;da hem de T\u00fcrkiye&#8217;de bir sanata d\u00f6n\u00fc\u015ft\u00fc. Bunun \u00fczerine biz de nitelikli \u00e7al\u0131\u015fanlara destek olmak istedik. \u00d6zel kurumlarda bu e\u011fitimler \u00e7ok ciddi \u00f6demelerle veriliyor. Biz B\u00fcy\u00fck\u015fehir Belediyesi olarak bu kursu \u00fccretsiz a\u00e7t\u0131k. Daha \u00f6nce deneyimi olan, \u00fcniversitede e\u011fitim g\u00f6rm\u00fc\u015f veya kuaf\u00f6rlerde \u00e7al\u0131\u015fm\u0131\u015f, bu alanda kendini g\u00f6sterecek ki\u015fileri bir ad\u0131m \u00f6ne \u00e7\u0131kard\u0131k. \u00c7\u00fcnk\u00fc bizim amac\u0131m\u0131z hobi de\u011fil, meslek edindirmek&#8221; ifadelerini kulland\u0131.<br \/>\n\u015eahg\u00fcl: &#8220;\u00d6\u011frencilerden hi\u00e7bir \u00fccret talep etmiyoruz&#8221;<br \/>\nE\u011fitmen T\u00fcrkan \u015eahg\u00fcl ise kursa g\u00f6sterilen ilgiden \u00e7ok memnun olduklar\u0131n\u0131 belirtti. Kursiyerlerin \u00e7ok ba\u015far\u0131l\u0131 oldu\u011funu ve iyi sonu\u00e7lar ald\u0131klar\u0131n\u0131 kaydeden \u015eahg\u00fcl, &#8220;Kursiyerlerin \u00e7o\u011fu i\u015f bulabilmek ad\u0131na kat\u0131ld\u0131. D\u0131\u015far\u0131da bu kurslar parayla, ama burada her \u015fey \u00fccretsiz. \u00d6\u011frencilerimizden hi\u00e7bir \u015fekilde \u00fccret talep etmiyoruz, b\u00fct\u00fcn malzemelerimiz de burada mevcut. \u00d6\u011frenciler \u00e7ok memnunlar. S\u0131rada bekleyen bir s\u00fcr\u00fc \u00f6\u011frenci var. Bu arkada\u015flar\u0131m\u0131z\u0131 mezun ettikten sonra, yeni kat\u0131l\u0131mlar\u0131m\u0131z olacak&#8221; diye konu\u015ftu.<br \/>\n&#8220;Kurs sayesinde bu alanda kendimizi geli\u015ftiriyoruz&#8221;<br \/>\nT\u0131rnak S\u00fcsleme kursu \u00f6\u011frencilerinden Perjin D\u00fczen, kursun meslek edindirme anlam\u0131nda \u00e7ok b\u00fcy\u00fck katk\u0131s\u0131 oldu\u011funu s\u00f6yleyerek, &#8220;B\u00fcy\u00fck\u015fehir Belediyesi&#8217;nin bize sunmu\u015f oldu\u011fu bu kursa ba\u015fvuru yapt\u0131m ve kabul edildim. Bize meslek edindirme anlam\u0131nda g\u00fczel katk\u0131lar sunuluyor. Kurs sonunda bir i\u015f yeri a\u00e7may\u0131 isteriz&#8221; dedi.<\/p>\n<p>Kursiyer \u00d6zge Deveci ise bu alanda kariyer yapmak istedi\u011fini belirterek, &#8220;Bu i\u015f benim i\u00e7in hobi de\u011fil. Daha \u00e7ok meslek alan\u0131nda istedi\u011fim bir \u015fey. Kendimizi geli\u015ftirmeye \u00e7al\u0131\u015f\u0131yoruz. Devam kursu olursa da kat\u0131lmak istiyorum. B\u00fcy\u00fck\u015fehir&#8217;in verdi\u011fi bu hizmetten \u00e7ok memnunuz&#8221; ifadelerini kulland\u0131.<br \/>\nKursiyer Kerem Ak\u0131ll\u0131ok da kurslar\u0131n \u00f6zellikle \u00fccretsiz olmas\u0131ndan dolay\u0131 \u00e7ok memnun oldu\u011funu vurgulayarak, &#8220;\u015eu anda iyi gidiyor. Verilen bunca eme\u011fin kar\u015f\u0131l\u0131\u011f\u0131n\u0131 alabilece\u011fimi d\u00fc\u015f\u00fcn\u00fcyorum. Bu alanda kendimi geli\u015ftirmeyi planl\u0131yorum. D\u0131\u015far\u0131da ka\u00e7 bin liraya ald\u0131\u011f\u0131m\u0131z \u015feyleri, burada \u00fccretsiz alabiliyoruz&#8221; dedi.<br \/>\n&#8220;Bu hizmetler sayesinde kad\u0131nlar\u0131m\u0131z kalk\u0131nm\u0131\u015f oluyor&#8221;<br \/>\nTemel Makyaj kursuna kat\u0131lan Emine Yal\u00e7\u0131n ise makyaj artisti olmak istedi\u011fini ve bu y\u00fczden kursa kat\u0131ld\u0131\u011f\u0131n\u0131 s\u00f6yledi. Daha \u00f6nce \u00fccretli verilen \u00f6zel kurslara kat\u0131ld\u0131\u011f\u0131n\u0131, ancak istedi\u011fi verimi alamad\u0131\u011f\u0131n\u0131 belirten Yal\u00e7\u0131n, &#8220;Ba\u015fvuruyu yap\u0131p g\u00f6r\u00fc\u015fmeye geldim ve beni kabul ettiler. Daha da g\u00fczel \u015feyler \u00f6\u011frenece\u011fimize inan\u0131yorum, \u00e7\u00fcnk\u00fc \u00f6n\u00fcm\u00fczde 2 ay var. Bu hizmetler sayesinde kad\u0131nlar\u0131m\u0131z kalk\u0131nm\u0131\u015f oluyor&#8221; ifadelerini kulland\u0131.<br \/>\nTemel Makyaj kursiyerlerinden Ela \u015eengezer de, MERCEK&#8217;i internet sayfas\u0131ndan takip etti\u011fini ve bu sayede kurslardan haberdar oldu\u011funu s\u00f6yledi. Evinin yak\u0131n\u0131nda b\u00f6yle bir kurs olmas\u0131n\u0131n da kendisi i\u00e7in \u00e7ok avantajl\u0131 oldu\u011funu belirten \u015eengezer, &#8220;\u0130nan\u0131lmaz g\u00fczel ge\u00e7iyor, \u00e7ok da e\u011flenceli ge\u00e7ece\u011fi \u015fimdiden belli, hocam\u0131z da \u00e7ok enerjik. B\u00fcy\u00fck\u015fehir&#8217;in b\u00f6yle bir hizmet sunuyor olmas\u0131 m\u00fckemmel ve b\u00f6yle e\u011fitimlerin \u00fccretsiz olmas\u0131 da bizi ekstra mutlu ediyor&#8221; diye konu\u015ftu.<\/p>\n","protected":false},"excerpt":{"rendered":"<p>Mersin B\u00fcy\u00fck\u015fehir Belediyesi Sosyal Hizmetler Daire Ba\u015fkanl\u0131\u011f\u0131 b\u00fcnyesinde hizmet veren Halkkent MERCEK&#8217;te, T\u0131rnak S\u00fcsleme ile Temel Makyaj kurslar\u0131 a\u00e7\u0131ld\u0131. E\u011fitmen T\u00fcrkan \u015eahg\u00fcl taraf\u0131ndan verilen kurslarda kat\u0131l\u0131mc\u0131lar, makyaj ve t\u0131rnak s\u00fcslemeye &hellip; <a href=\"https:\/\/akdenizolaygazetesi.com\/?p=23014\" class=\"more-link\">Devam\u0131n\u0131 Oku&#8230;<\/a><\/p>\n","protected":false},"author":2,"featured_media":23015,"comment_status":"open","ping_status":"open","sticky":false,"template":"","format":"standard","meta":[],"categories":[2,3,5],"tags":[],"_links":{"self":[{"href":"https:\/\/akdenizolaygazetesi.com\/index.php?rest_route=\/wp\/v2\/posts\/23014"}],"collection":[{"href":"https:\/\/akdenizolaygazetesi.com\/index.php?rest_route=\/wp\/v2\/posts"}],"about":[{"href":"https:\/\/akdenizolaygazetesi.com\/index.php?rest_route=\/wp\/v2\/types\/post"}],"author":[{"embeddable":true,"href":"https:\/\/akdenizolaygazetesi.com\/index.php?rest_route=\/wp\/v2\/users\/2"}],"replies":[{"embeddable":true,"href":"https:\/\/akdenizolaygazetesi.com\/index.php?rest_route=%2Fwp%2Fv2%2Fcomments&post=23014"}],"version-history":[{"count":1,"href":"https:\/\/akdenizolaygazetesi.com\/index.php?rest_route=\/wp\/v2\/posts\/23014\/revisions"}],"predecessor-version":[{"id":23016,"href":"https:\/\/akdenizolaygazetesi.com\/index.php?rest_route=\/wp\/v2\/posts\/23014\/revisions\/23016"}],"wp:featuredmedia":[{"embeddable":true,"href":"https:\/\/akdenizolaygazetesi.com\/index.php?rest_route=\/wp\/v2\/media\/23015"}],"wp:attachment":[{"href":"https:\/\/akdenizolaygazetesi.com\/index.php?rest_route=%2Fwp%2Fv2%2Fmedia&parent=23014"}],"wp:term":[{"taxonomy":"category","embeddable":true,"href":"https:\/\/akdenizolaygazetesi.com\/index.php?rest_route=%2Fwp%2Fv2%2Fcategories&post=23014"},{"taxonomy":"post_tag","embeddable":true,"href":"https:\/\/akdenizolaygazetesi.com\/index.php?rest_route=%2Fwp%2Fv2%2Ftags&post=23014"}],"curies":[{"name":"wp","href":"https:\/\/api.w.org\/{rel}","templated":true}]}}