{"id":23020,"date":"2022-12-20T12:50:14","date_gmt":"2022-12-20T09:50:14","guid":{"rendered":"http:\/\/akdenizolaygazetesi.com\/?p=23020"},"modified":"2022-12-20T12:50:14","modified_gmt":"2022-12-20T09:50:14","slug":"cevre-koruma-ve-kontrol-mudurlugu-ekipleri-temiz-bir-akdeniz-icin-gorev-basinda","status":"publish","type":"post","link":"https:\/\/akdenizolaygazetesi.com\/?p=23020","title":{"rendered":"\u00c7evre Koruma ve Kontrol M\u00fcd\u00fcrl\u00fc\u011f\u00fc ekipleri, temiz bir Akdeniz i\u00e7in g\u00f6rev ba\u015f\u0131nda"},"content":{"rendered":"<p>Akdeniz Belediyesi, vatanda\u015flar\u0131n temiz ve sa\u011fl\u0131kl\u0131 \u00e7evre hakk\u0131n\u0131 korumak amac\u0131yla gece-g\u00fcnd\u00fcz demeden hizmet veriyor. Deforme olmu\u015f \u00e7\u00f6p konteyn\u0131rlar\u0131n\u0131 yenisi ile de\u011fi\u015ftiren, zarar g\u00f6renleri tamirden ge\u00e7iren ekipler, \u00e7\u00f6p konteyn\u0131rlar\u0131n\u0131 ila\u00e7l\u0131 su ile y\u0131kay\u0131p koku ve k\u00f6t\u00fc g\u00f6r\u00fcnt\u00fcy\u00fc ortadan kald\u0131r\u0131yor.<br \/>\nHalk sa\u011fl\u0131\u011f\u0131n\u0131n korunmas\u0131 ve s\u00fcrd\u00fcr\u00fclmesi amac\u0131yla \u00e7al\u0131\u015fmalar\u0131n\u0131 7\/24 esas\u0131na g\u00f6re aral\u0131ks\u0131z s\u00fcrd\u00fcren Akdeniz Belediyesi \u00c7evre Koruma ve Kontrol M\u00fcd\u00fcrl\u00fc\u011f\u00fc ekipleri, bir yandan her g\u00fcn 65 mahallenin cadde ve sokaklar\u0131nda tonlarca \u00e7\u00f6p ve at\u0131\u011f\u0131 toplay\u0131p \u015fehir merkezinden uzakla\u015ft\u0131r\u0131rken; ihtiya\u00e7 b\u00f6lgelere de yeni \u00e7\u00f6p konteyn\u0131rlar\u0131n\u0131 yerle\u015ftiriyor.<br \/>\nYeni konteyn\u0131rlar kullan\u0131ma sunuluyor, eskiyenler tamir ediliyor\u2026<br \/>\nKent sakinlerine temiz ve sa\u011fl\u0131kl\u0131 bir \u00e7evre sa\u011flamak amac\u0131yla gece-g\u00fcnd\u00fcz demeden \u00e7al\u0131\u015fan ekipler, zaman i\u00e7inde deforme olan, \u00e7evresel ko\u015fullar nedeniyle zarar g\u00f6ren \u00e7\u00f6p konteyn\u0131rlar\u0131 da fen i\u015fleri sahas\u0131ndaki at\u00f6lyede tamir ve bak\u0131mdan ge\u00e7irip yeniden kullan\u0131ma sunuyor. B\u00f6ylelikle kurum, ciddi bir maliyet kaleminden kurtulmu\u015f oluyor.<br \/>\n\u00c7evre Koruma ve Kontrol M\u00fcd\u00fcrl\u00fc\u011f\u00fc&#8217;ne ba\u011fl\u0131 ekipler, ayr\u0131ca \u00e7\u00f6p konteyner dezenfektan ara\u00e7lar\u0131 ile belirledikleri plan ve program kapsam\u0131nda mahallerde bulunan \u00e7\u00f6p konteyn\u0131rlar\u0131n\u0131n y\u0131kama ve dezenfekte i\u015flemini de ger\u00e7ekle\u015ftiriyor. S\u00fcp\u00fcrgeli ara\u00e7la da cadde ve sokaklar\u0131n temizli\u011fi yap\u0131l\u0131yor.<br \/>\nHer semt pazar\u0131 sonras\u0131 b\u00f6lge y\u0131kan\u0131p temizleniyor<br \/>\nM\u00fcd\u00fcrl\u00fc\u011fe ba\u011fl\u0131 saha ekipleri, il\u00e7e s\u0131n\u0131rlar\u0131nda yer alan mahallelerde kurulan semt pazarlar\u0131n\u0131n kald\u0131r\u0131lmas\u0131n\u0131n ard\u0131ndan, o b\u00f6lgede \u00f6nce yo\u011fun bir temizlik hizmeti, ard\u0131ndan araz\u00f6z yard\u0131m\u0131yla tazyikli su ile y\u0131kama \u00e7al\u0131\u015fmas\u0131 yaparak mahalle sakinlerinin temiz ve sa\u011fl\u0131kl\u0131 \u00e7evre hakk\u0131n\u0131 koruyor. <\/p>\n","protected":false},"excerpt":{"rendered":"<p>Akdeniz Belediyesi, vatanda\u015flar\u0131n temiz ve sa\u011fl\u0131kl\u0131 \u00e7evre hakk\u0131n\u0131 korumak amac\u0131yla gece-g\u00fcnd\u00fcz demeden hizmet veriyor. Deforme olmu\u015f \u00e7\u00f6p konteyn\u0131rlar\u0131n\u0131 yenisi ile de\u011fi\u015ftiren, zarar g\u00f6renleri tamirden ge\u00e7iren ekipler, \u00e7\u00f6p konteyn\u0131rlar\u0131n\u0131 ila\u00e7l\u0131 su &hellip; <a href=\"https:\/\/akdenizolaygazetesi.com\/?p=23020\" class=\"more-link\">Devam\u0131n\u0131 Oku&#8230;<\/a><\/p>\n","protected":false},"author":2,"featured_media":23021,"comment_status":"open","ping_status":"open","sticky":false,"template":"","format":"standard","meta":[],"categories":[34,1,2,3],"tags":[],"_links":{"self":[{"href":"https:\/\/akdenizolaygazetesi.com\/index.php?rest_route=\/wp\/v2\/posts\/23020"}],"collection":[{"href":"https:\/\/akdenizolaygazetesi.com\/index.php?rest_route=\/wp\/v2\/posts"}],"about":[{"href":"https:\/\/akdenizolaygazetesi.com\/index.php?rest_route=\/wp\/v2\/types\/post"}],"author":[{"embeddable":true,"href":"https:\/\/akdenizolaygazetesi.com\/index.php?rest_route=\/wp\/v2\/users\/2"}],"replies":[{"embeddable":true,"href":"https:\/\/akdenizolaygazetesi.com\/index.php?rest_route=%2Fwp%2Fv2%2Fcomments&post=23020"}],"version-history":[{"count":1,"href":"https:\/\/akdenizolaygazetesi.com\/index.php?rest_route=\/wp\/v2\/posts\/23020\/revisions"}],"predecessor-version":[{"id":23022,"href":"https:\/\/akdenizolaygazetesi.com\/index.php?rest_route=\/wp\/v2\/posts\/23020\/revisions\/23022"}],"wp:featuredmedia":[{"embeddable":true,"href":"https:\/\/akdenizolaygazetesi.com\/index.php?rest_route=\/wp\/v2\/media\/23021"}],"wp:attachment":[{"href":"https:\/\/akdenizolaygazetesi.com\/index.php?rest_route=%2Fwp%2Fv2%2Fmedia&parent=23020"}],"wp:term":[{"taxonomy":"category","embeddable":true,"href":"https:\/\/akdenizolaygazetesi.com\/index.php?rest_route=%2Fwp%2Fv2%2Fcategories&post=23020"},{"taxonomy":"post_tag","embeddable":true,"href":"https:\/\/akdenizolaygazetesi.com\/index.php?rest_route=%2Fwp%2Fv2%2Ftags&post=23020"}],"curies":[{"name":"wp","href":"https:\/\/api.w.org\/{rel}","templated":true}]}}