{"id":23029,"date":"2022-12-21T13:00:42","date_gmt":"2022-12-21T10:00:42","guid":{"rendered":"http:\/\/akdenizolaygazetesi.com\/?p=23029"},"modified":"2022-12-21T13:00:42","modified_gmt":"2022-12-21T10:00:42","slug":"gazi-ciftligi-yas-almis-vatandaslarimizi-agirladi","status":"publish","type":"post","link":"https:\/\/akdenizolaygazetesi.com\/?p=23029","title":{"rendered":"GAZ\u0130 \u00c7\u0130FTL\u0130\u011e\u0130 YA\u015e ALMI\u015e VATANDA\u015eLARIMIZI A\u011eIRLADI"},"content":{"rendered":"<p>Mersin B\u00fcy\u00fck\u015fehir Belediyesi, yeniden yap\u0131land\u0131rd\u0131\u011f\u0131 ve i\u015flevsel hale getirdi\u011fi Silifke Gazi \u00c7iftli\u011fi&#8217;ne gezilerini s\u00fcrd\u00fcr\u00fcyor. Hem b\u00fcnyesinde bulunan Emekli Evi \u00fcyelerine, hem Evde Sa\u011fl\u0131k Birimi&#8217;nden hizmet alan vatanda\u015flara, zaman zaman da huzurevi \u00fcyelerine y\u00f6nelik geziler d\u00fczenleyen B\u00fcy\u00fck\u015fehir Belediyesi, ya\u015f alm\u0131\u015f vatanda\u015flar\u0131m\u0131z\u0131n sosyalle\u015fmesini ve kaliteli vakit ge\u00e7irmesini sa\u011fl\u0131yor.<br \/>\nSilifke&#8217;de B\u00fcy\u00fck\u015fehir Belediyesi&#8217;nin Evde Sa\u011fl\u0131k Birimi&#8217;nden yararlanan vatanda\u015flar ile Mersin Yard\u0131m ve \u0130yilik Vakf\u0131 Huzurevi sakinleri, Gazi \u00c7iftli\u011fi&#8217;ne geziye g\u00f6t\u00fcr\u00fcld\u00fc. \u00c7o\u011funlukla evde ya da huzurevinde olan ve sosyal hayata kat\u0131l\u0131mlar\u0131 k\u0131s\u0131tl\u0131 olan ya\u015f alm\u0131\u015f vatanda\u015flar\u0131m\u0131z, B\u00fcy\u00fck\u015fehir Belediyesi&#8217;nin d\u00fczenledi\u011fi gezi sayesinde, hareketli ve e\u011flenceli bir g\u00fcn ge\u00e7irmi\u015f oldu. Gezi kapsam\u0131nda \u00f6nce Gazi \u00c7iftli\u011fi&#8217;ni gezen ya\u015f alm\u0131\u015f vatanda\u015flar, \u00e7iftlikle ilgili belgesel izledi. \u00c7iftlik i\u00e7erisinde yer alan sergiyi ve \u00e7iftlik b\u00fcnyesindeki unsurlar\u0131 da inceleyen b\u00fcy\u00fcklerimiz, geziden memnun ayr\u0131ld\u0131.<br \/>\nTanr\u0131verdi: &#8220;Kat\u0131l\u0131mc\u0131lar\u0131m\u0131z geziden \u00e7ok memnun kald\u0131&#8221;<br \/>\nMersin B\u00fcy\u00fck\u015fehir Belediyesi Sa\u011fl\u0131k \u0130\u015fleri Dairesi Ba\u015fkanl\u0131\u011f\u0131&#8217;na ba\u011fl\u0131 Ya\u015fl\u0131 Destek Birimi&#8217;nde Gerontolog olarak g\u00f6rev yapan Cihan Tanr\u0131verdi, Silifke&#8217;de ya\u015fayan ve B\u00fcy\u00fck\u015fehir Belediyesi&#8217;nin Evde Sa\u011fl\u0131k Birimi&#8217;nden yararlanan vatanda\u015flar ile Mersin Yard\u0131m ve \u0130yilik Vakf\u0131 Huzurevi sakinlerinin i\u015ftirak etti\u011fi geziyi de\u011ferlendirerek, &#8220;Hep birlikte \u015fark\u0131lar s\u00f6yledik, e\u011flendik, yemek yedik. Buran\u0131n havas\u0131n\u0131 hep birlikte teneff\u00fcs ettik. Kat\u0131l\u0131mc\u0131lar\u0131m\u0131z \u00e7ok memnun kald\u0131lar. Bizler de \u00e7ok memnun kald\u0131k&#8221; dedi.<br \/>\nKubat: &#8220;\u0130lk kez geliyorlar, \u00e7ok heyecanl\u0131lar&#8221;<br \/>\nYard\u0131m ve \u0130yilik Vakf\u0131 Huzurevi M\u00fcd\u00fcr\u00fc Canan Kubat, ya\u015f alm\u0131\u015f vatanda\u015flar\u0131n gezi i\u00e7in olduk\u00e7a heyecanl\u0131 oldu\u011funu belirterek, &#8220;Ya\u015fl\u0131lar\u0131m\u0131z ilk kez geliyor, \u00e7ok heyecanl\u0131lar. Sabah erkenden haz\u0131rland\u0131lar. \u00c7ok da memnunlar. Gazi \u00c7iftli\u011fi&#8217;ne ben de ilk kez geldim. \u0130\u00e7erisi muhte\u015fem. Atat\u00fcrk&#8217;\u00fcn T\u00fcrkiyemizde de\u011fmedi\u011fi hi\u00e7bir nokta yok. Her yerde O&#8217;nun dokunmu\u015flu\u011funu ve parmak izlerini g\u00f6r\u00fcyoruz. O bizim i\u00e7in ayr\u0131ca bir k\u0131van\u00e7 ve onur&#8221; ifadelerini kulland\u0131.<br \/>\n&#8220;Atam\u0131z\u0131n \u00e7iftli\u011fine geldik&#8221;<br \/>\nYard\u0131m ve \u0130yilik Vakf\u0131 Huzurevi \u00fcyesi G\u00fclseren Din\u00e7 ise B\u00fcy\u00fck\u015fehir Belediyesi&#8217;nin bir\u00e7ok hizmetinden yararlanan vatanda\u015flardan. Din\u00e7 duygular\u0131n\u0131, &#8220;Gazi \u00c7iftli\u011fi&#8217;ne geldik. Atat\u00fcrk ilk defa Silifke&#8217;de bu kooperatifi kurdu. Onu biliyorum. B\u00fcy\u00fck\u015fehir Belediyesi&#8217;nin Alzheimer Merkezi&#8217;ne gidiyorduk. O kadar g\u00fczel i\u015fler \u00e7\u0131kard\u0131k ki; sergiler yapt\u0131k, resimler yapt\u0131k. \u00c7ok g\u00fczel i\u015fler yapt\u0131k. \u015eimdi de buraday\u0131z. Belediye Ba\u015fkan\u0131n\u0131 \u00e7ok seviyorum. Han\u0131m\u0131n\u0131 da \u00f6yle. Onlar benim canlar\u0131m&#8221; c\u00fcmleleriyle anlatt\u0131.<br \/>\nSilifke&#8217;de ya\u015fayan ve B\u00fcy\u00fck\u015fehir Belediyesi&#8217;nin Evde Sa\u011fl\u0131k Birimi&#8217;nden hizmet alan Arif \u00c7evik, &#8220;Atam\u0131z\u0131n Gazi \u00c7iftli\u011fi&#8217;ne geldik. Huzurevinden gelen amcalar\u0131m\u0131z, teyzelerimiz de var. Hep birlikte belgesel izledik. Memnun kald\u0131k ve bu etkinli\u011fin devaml\u0131 olmas\u0131n\u0131 bekliyoruz&#8221; diye konu\u015ftu.<br \/>\n9 y\u0131ld\u0131r Yard\u0131m ve \u0130yilik Vakf\u0131 Huzurevi&#8217;nde kalan Sevil Seyhan ise, &#8220;Atat\u00fcrk Gazi \u00c7iftli\u011fi&#8217;ne geldik. Belediye Ba\u015fkan\u0131&#8217;na hizmetlerinden dolay\u0131 \u00e7ok te\u015fekk\u00fcr ediyoruz. Hakikaten \u00e7ok g\u00fczel bir yer. Be\u011fendik. Buradaki ikramlar i\u00e7in de te\u015fekk\u00fcr ediyoruz&#8221; ifadelerine yer verdi.<br \/>\nSilifke Gazi \u00c7iftli\u011fi&#8217;ni gezen bir di\u011fer grup ise Halkkent Emekli Evi \u00fcyeleri oldu. S\u0131k s\u0131k gezilere ve etkinliklere kat\u0131lan ya\u015f alm\u0131\u015f vatanda\u015flar da, keyifli ve kaliteli bir g\u00fcn ge\u00e7irdi.<br \/>\n&#8220;Belediyemizin sosyal faaliyetlere verdi\u011fi de\u011fer \u00e7ok k\u0131ymetli&#8221;<br \/>\nHalkkent Emekli Evi \u00fcyelerinden Peruze Berki, gezinin kendisi i\u00e7in \u00e7ok anlaml\u0131 oldu\u011funu belirterek, &#8220;Bizleri, Atat\u00fcrk&#8217;\u00fcn bize miras b\u0131rakt\u0131\u011f\u0131 bu Gazi \u00c7iftli\u011fi&#8217;ne geziye getirdiler ve \u00e7ok memnun olduk. Atat\u00fcrk\u00fcm\u00fcz\u00fcn b\u0131rakt\u0131\u011f\u0131 miras\u0131 gezdik ve \u00e7ok gururland\u0131k, \u00e7ok mutlu olduk. Bize b\u0131rakt\u0131\u011f\u0131 bu mirasa sahip \u00e7\u0131kmak da bizim g\u00f6revimiz. \u0130lgilerinden dolay\u0131 Ba\u015fkan\u0131m\u0131za \u00e7ok te\u015fekk\u00fcr ederiz&#8221; dedi.<br \/>\nEmekli \u00f6\u011fretmen Alaeddin A\u011fardan, &#8220;B\u00fcy\u00fck\u015fehir Belediyemizin sosyal faaliyetlere verdi\u011fi de\u011fer, bizim i\u00e7in \u00e7ok k\u0131ymetli. Bilhassa Atam\u0131z\u0131n \u00e7iftli\u011fine bir gezi tertiplendi ve bundan \u00e7ok memnun olduk. Eski g\u00fcnleri ya\u015fad\u0131k, tar\u0131ma verdi\u011fi \u00f6nemin de\u011ferini burada anlad\u0131k. B\u00fcy\u00fck\u015fehir Belediye Ba\u015fkan\u0131m\u0131za ve bu geziyi tertip eden yetkililere \u00e7ok te\u015fekk\u00fcr ederiz&#8221; diye konu\u015ftu.<br \/>\n&#8220;Ba\u015fkan\u0131m\u0131z\u0131n k\u0131sa zamanda Mersin&#8217;e \u00e7ok katk\u0131s\u0131 oldu&#8221;<br \/>\n1999&#8217;dan beri Mersin&#8217;de ya\u015fayan emekli \u0130l K\u00fclt\u00fcr M\u00fcd\u00fcr\u00fc Mehmet G\u00fcne\u015f, bir\u00e7ok belediye ba\u015fkan\u0131 g\u00f6rd\u00fc\u011f\u00fcn\u00fc belirterek, &#8220;Onlar\u0131n emeklerine de te\u015fekk\u00fcr etmek laz\u0131m. Ancak \u015fu bir ger\u00e7ek ki, Vahap Se\u00e7er Bey&#8217;in k\u0131sa s\u00fcre i\u00e7erisinde Mersin&#8217;e say\u0131lamayacak kadar b\u00fcy\u00fck katk\u0131lar\u0131 olmu\u015ftur. Yapt\u0131\u011f\u0131 eserlerden dolay\u0131 \u00e7ok te\u015fekk\u00fcr ederim&#8221; dedi. D\u00fczenlenen gezilerden son derece memnun olduklar\u0131n\u0131 da s\u00f6zlerine ekleyen G\u00fcne\u015f, &#8220;Silifke Gazi \u00c7iftli\u011fi&#8217;ne geldik. \u0130lk kez g\u00f6rd\u00fcm. G\u00fczel bir yerde kurulmu\u015f. Bu \u00e7iftli\u011fe verilen emekten ve g\u00f6sterilen ilgiden dolay\u0131 \u00e7ok te\u015fekk\u00fcr ederim&#8221; ifadelerini kulland\u0131.<\/p>\n","protected":false},"excerpt":{"rendered":"<p>Mersin B\u00fcy\u00fck\u015fehir Belediyesi, yeniden yap\u0131land\u0131rd\u0131\u011f\u0131 ve i\u015flevsel hale getirdi\u011fi Silifke Gazi \u00c7iftli\u011fi&#8217;ne gezilerini s\u00fcrd\u00fcr\u00fcyor. Hem b\u00fcnyesinde bulunan Emekli Evi \u00fcyelerine, hem Evde Sa\u011fl\u0131k Birimi&#8217;nden hizmet alan vatanda\u015flara, zaman zaman da &hellip; <a href=\"https:\/\/akdenizolaygazetesi.com\/?p=23029\" class=\"more-link\">Devam\u0131n\u0131 Oku&#8230;<\/a><\/p>\n","protected":false},"author":2,"featured_media":23030,"comment_status":"open","ping_status":"open","sticky":false,"template":"","format":"standard","meta":[],"categories":[2,3],"tags":[],"_links":{"self":[{"href":"https:\/\/akdenizolaygazetesi.com\/index.php?rest_route=\/wp\/v2\/posts\/23029"}],"collection":[{"href":"https:\/\/akdenizolaygazetesi.com\/index.php?rest_route=\/wp\/v2\/posts"}],"about":[{"href":"https:\/\/akdenizolaygazetesi.com\/index.php?rest_route=\/wp\/v2\/types\/post"}],"author":[{"embeddable":true,"href":"https:\/\/akdenizolaygazetesi.com\/index.php?rest_route=\/wp\/v2\/users\/2"}],"replies":[{"embeddable":true,"href":"https:\/\/akdenizolaygazetesi.com\/index.php?rest_route=%2Fwp%2Fv2%2Fcomments&post=23029"}],"version-history":[{"count":1,"href":"https:\/\/akdenizolaygazetesi.com\/index.php?rest_route=\/wp\/v2\/posts\/23029\/revisions"}],"predecessor-version":[{"id":23031,"href":"https:\/\/akdenizolaygazetesi.com\/index.php?rest_route=\/wp\/v2\/posts\/23029\/revisions\/23031"}],"wp:featuredmedia":[{"embeddable":true,"href":"https:\/\/akdenizolaygazetesi.com\/index.php?rest_route=\/wp\/v2\/media\/23030"}],"wp:attachment":[{"href":"https:\/\/akdenizolaygazetesi.com\/index.php?rest_route=%2Fwp%2Fv2%2Fmedia&parent=23029"}],"wp:term":[{"taxonomy":"category","embeddable":true,"href":"https:\/\/akdenizolaygazetesi.com\/index.php?rest_route=%2Fwp%2Fv2%2Fcategories&post=23029"},{"taxonomy":"post_tag","embeddable":true,"href":"https:\/\/akdenizolaygazetesi.com\/index.php?rest_route=%2Fwp%2Fv2%2Ftags&post=23029"}],"curies":[{"name":"wp","href":"https:\/\/api.w.org\/{rel}","templated":true}]}}