{"id":2304,"date":"2020-11-04T18:22:48","date_gmt":"2020-11-04T15:22:48","guid":{"rendered":"http:\/\/mersinekonomipolitikagazetesi.com\/?p=2304"},"modified":"2020-11-04T18:22:48","modified_gmt":"2020-11-04T15:22:48","slug":"turkiye-gazeteciler-icin-en-buyuk-hapishane","status":"publish","type":"post","link":"https:\/\/akdenizolaygazetesi.com\/?p=2304","title":{"rendered":"T\u00dcRK\u0130YE GAZETEC\u0130LER \u0130\u00c7\u0130N EN B\u00dcY\u00dcK HAP\u0130SHANE"},"content":{"rendered":"<p>Mersin Baro Ba\u015fkan\u0131 Av. Bilgin Ye\u015filbo\u011faz, 24 Temmuz Bas\u0131n Bayram\u0131 ve T\u00fcrk bas\u0131n\u0131ndan sans\u00fcr\u00fcn kald\u0131r\u0131l\u0131\u015f\u0131n\u0131n 110. y\u0131ld\u00f6n\u00fcm\u00fc nedeniyle yaz\u0131l\u0131 mesaj yay\u0131mlad\u0131.<\/p>\n<p>24 Temmuz 1908 tarihinde \u0130kinci Me\u015frutiyet&#8217;in ilan\u0131yla birlikte T\u00fcrk bas\u0131n\u0131nda sans\u00fcr\u00fcn kald\u0131r\u0131ld\u0131\u011f\u0131n\u0131 ve o g\u00fcnden bu yana her y\u0131l 24 Temmuz tarihinin &#8216;Bas\u0131n Bayram\u0131&#8217; olarak kutlanmaya ba\u015fland\u0131\u011f\u0131 an\u0131msatan Baro Ba\u015fkan\u0131 Bilgin Ye\u015filbo\u011faz, \u201cFikir ve d\u00fc\u015f\u00fcnce insanlar\u0131 demir parmakl\u0131klar arkas\u0131nda oldu\u011fu s\u00fcrece, \u00fclkede ifade \u00f6zg\u00fcrl\u00fc\u011f\u00fcnden, demokrasiden, bas\u0131n \u00f6zg\u00fcrl\u00fc\u011f\u00fcnden ve Bas\u0131n Bayram\u0131\u2019ndan s\u00f6z edemeyiz. OHAL kapsam\u0131nda \u00e7\u0131kar\u0131lan KHK\u2019larla toplamda 116 bas\u0131n-yay\u0131n kurulu\u015fu kapat\u0131ld\u0131. S\u0131n\u0131r Tan\u0131mayan Gazeteciler (RSF) \u00f6rg\u00fct\u00fc T\u00fcrkiye&#8217;yi \u2018gazeteciler i\u00e7in d\u00fcnyan\u0131n en b\u00fcy\u00fck hapishanesi\u2019 olarak nitelendirmi\u015ftir. Bas\u0131nda tek seslilik, demokrasimizi ve \u00fclkemizin itibar\u0131n\u0131 zedelemi\u015ftir. \u00dclkemizde \u00e7ok sesli ve \u00f6zg\u00fcrl\u00fck\u00e7\u00fc bir medya ortam\u0131na ihtiya\u00e7 var\u201d dedi.<br \/>\n\u00a0<br \/>\n\u00a0\u0130fade \u00f6zg\u00fcrl\u00fc\u011f\u00fc ve bas\u0131n \u00f6zg\u00fcrl\u00fc\u011f\u00fcn\u00fcn demokratik toplumlar\u0131n vazge\u00e7ilmez unsuru oldu\u011funu belirten Mersin Baro Ba\u015fkan\u0131 Bilgin Ye\u015filbo\u011faz, \u00a0\u201cYasama, y\u00fcr\u00fctme, yarg\u0131 gibi \u00fc\u00e7 b\u00fcy\u00fck g\u00fcc\u00fcn yan\u0131nda bas\u0131n 4. g\u00fc\u00e7t\u00fcr. Halk\u0131n haber alma hak ve \u00f6zg\u00fcrl\u00fc\u011f\u00fcn\u00fcn en \u00f6nemli g\u00fcvencesi, bas\u0131n kurulu\u015flar\u0131 ve bas\u0131n emek\u00e7ileridir. T\u00fcrk hukukunda bas\u0131n ve ileti\u015fim \u00f6zg\u00fcrl\u00fc\u011f\u00fcn\u00fcn temeli, Anayasa\u2019n\u0131n 22. Maddesi\u2019ne dayan\u0131r. Haber alma ve ileti\u015fim \u00f6zg\u00fcrl\u00fc\u011f\u00fc anayasayla ve yasalarla belirlenmi\u015f ve g\u00fcvence alt\u0131na al\u0131nm\u0131\u015ft\u0131r. Toplumun sesi, kula\u011f\u0131, g\u00f6z\u00fc, aynas\u0131 olan bas\u0131n emek\u00e7ileri maalesef sans\u00fcr\u00fcn kald\u0131r\u0131l\u0131\u015f\u0131n\u0131n y\u0131ld\u00f6n\u00fcm\u00fcn\u00fc sans\u00fcr, bask\u0131 ve tehditler i\u00e7inde kar\u015f\u0131lamaktad\u0131r. Fikir ve d\u00fc\u015f\u00fcnce insanlar\u0131 demir parmakl\u0131klar arkas\u0131nda oldu\u011fu s\u00fcrece, \u00fclkede ifade \u00f6zg\u00fcrl\u00fc\u011f\u00fcnden, demokrasiden, bas\u0131n \u00f6zg\u00fcrl\u00fc\u011f\u00fcnden ve Bas\u0131n Bayram\u0131\u2019ndan s\u00f6z edemeyiz\u201d diye konu\u015ftu.<br \/>\n\u0130fade \u00f6zg\u00fcrl\u00fc\u011f\u00fcn\u00fcn \u00f6n\u00fcndeki engellerin, 15 Temmuz darbesinden bu yana daha da artt\u0131\u011f\u0131na vurgu yapan Baro Ba\u015fkan\u0131 Bilgin Ye\u015filbo\u011faz, \u201cDarbe giri\u015fiminin ard\u0131ndan ilan edilen OHAL kapsam\u0131nda \u00e7\u0131kar\u0131lan KHK\u2019larla, toplam 116 bas\u0131n-yay\u0131n kurulu\u015fu kapat\u0131ld\u0131. Bunlardan alt\u0131s\u0131 haber ajans\u0131, 18\u2019i televizyon, 22\u2019si radyo, 50\u2019si gazete, 20\u2019si de dergi. \u015eu an 159 gazeteci ve medya \u00e7al\u0131\u015fan\u0131 cezaevinde. OHAL kapsam\u0131nda i\u015fsiz kalan gazeteci say\u0131s\u0131 ise 10 bini a\u015ft\u0131\u201d \u015feklinde konu\u015ftu.<\/p>\n<p>\u201cBASINDA TEK SESL\u0130L\u0130K DEMOKRAS\u0130M\u0130Z\u0130 VE \u0130T\u0130BARIMIZI ZEDELEM\u0130\u015eT\u0130R\u201d<\/p>\n<p>Bas\u0131n \u00f6zg\u00fcrl\u00fc\u011f\u00fcn\u00fcn, demokrasilerde \u00e7ok seslilik ilkesinin i\u015fletilmesi ad\u0131na \u00f6nemli oldu\u011funu s\u00f6yleyen Baro B\u015fk. Bilgin Ye\u015filbo\u011faz, \u201cBas\u0131nda tek seslilik; bas\u0131n eti\u011fi, \u00fclke gerekleri ve geli\u015fmi\u015f bir toplum ya\u015fam\u0131yla \u00f6rt\u00fc\u015fmemektedir. Ancak \u00fclkemizde medyan\u0131n tek elde toplanarak tek sesli hale gelmesi, demokrasimizi ve \u00fclkemizin itibar\u0131n\u0131 b\u00fcy\u00fck \u00f6l\u00e7\u00fcde zedelemi\u015ftir. Avrupa Konseyi, T\u00fcrkiye\u2019de gazetecilerin i\u00e7inde bulundu\u011fu durumu \u2018dramatik\u2019 olarak yorumlayarak ter\u00f6r eylemlerine kat\u0131lmakla su\u00e7lanan t\u00fcm gazetecilerin serbest b\u0131rak\u0131lmas\u0131 \u00e7a\u011fr\u0131s\u0131 yapm\u0131\u015ft\u0131r. KHK\u2019larla bir \u00a0bireysel karar ve zaman\u0131nda yarg\u0131 denetimi olmaks\u0131z\u0131n, \u00e7ok say\u0131da medya organ\u0131n\u0131n tasfiye edildi\u011fini kaydeden komisyon, bunun insan haklar\u0131 hukukun gereklerine g\u00f6re kabul edilemez ve son derece tehlikeli oldu\u011funu belirtti. T\u00fcrkiye\u2019de bas\u0131na y\u00f6nelik kanun h\u00fckm\u00fcnde kararnamelerin (KHK) feshedilmesini talep etti.<br \/>\nS\u0131n\u0131r Tan\u0131mayan Gazeteciler (RSF) \u00f6rg\u00fct\u00fcn\u00fcn her y\u0131l yay\u0131nland\u0131\u011f\u0131 D\u00fcnya Bas\u0131n \u00d6zg\u00fcrl\u00fc\u011f\u00fc Endeksi&#8217;ne g\u00f6re, T\u00fcrkiye 2018&#8217;de bir \u00f6nceki y\u0131la g\u00f6re iki basamak gerileyerek 180 \u00fclke aras\u0131nda 157&#8217;nci s\u0131rada yer ald\u0131. T\u00fcrkiye&#8217;yi \u2018gazeteciler i\u00e7in d\u00fcnyan\u0131n en b\u00fcy\u00fck hapishanesi\u2019 olarak nitelendirmi\u015ftir\u201d ifadesini kulland\u0131.<br \/>\n\u00a0<br \/>\n\u201c\u00dcLKEM\u0130ZDE \u00c7OK SESL\u0130 VE \u00d6ZG\u00dcRL\u00dcK\u00c7\u00dc MEDYA ORTAMINA \u0130HT\u0130YA\u00c7 VAR\u201d<\/p>\n<p>Baro B\u015fk. Bilgin Ye\u015filbo\u011faz a\u00e7\u0131klamas\u0131nda, \u201cCumhuriyetimizin kurucusu B\u00fcy\u00fck \u00d6nder Mustafa Kemal Atat\u00fcrk, \u2018Bas\u0131n bir milletin ortak sesidir, ba\u015fl\u0131 ba\u015f\u0131na bir kuvvet, bir mektep bir rehberdir\u2019 s\u00f6zleriyle bas\u0131n mensuplar\u0131na ayd\u0131nl\u0131k bir yol haritas\u0131 \u00e7izmi\u015ftir. Bu do\u011frultuda siyasi iktidara sesleniyoruz. Gazetecilik bir su\u00e7 de\u011fildir. Gazetecilik; kamu g\u00f6zc\u00fcl\u00fc\u011f\u00fc yapmak, hakikati t\u00fcm \u00e7\u0131plakl\u0131\u011f\u0131yla ortaya koyarak, karanl\u0131k olaylar\u0131 ayd\u0131nl\u0131\u011fa \u00e7\u0131kararak toplumu do\u011fru bilgilendirmektir. \u00c7a\u011fda\u015f d\u00fcnyan\u0131n en temel insan haklar\u0131ndan olan; haber alma, yayma ve ifade \u00f6zg\u00fcrl\u00fcklerinin en etkili arac\u0131 olan bas\u0131n; \u00e7o\u011fulcu, kat\u0131l\u0131mc\u0131, \u00f6zg\u00fcrl\u00fck\u00e7\u00fc, demokratik hukuk devletinin gereklerine uygun olarak \u00f6zg\u00fcr olmal\u0131d\u0131r. \u00dclkemizde her t\u00fcrl\u00fc g\u00f6r\u00fc\u015f\u00fcn ifade edilebildi\u011fi \u00e7ok sesli ve \u00f6zg\u00fcrl\u00fck\u00e7\u00fc \u00a0bir medya ortam\u0131na ihtiya\u00e7 var\u201d \u015feklinde konu\u015ftu.<br \/>\n\u00a0<br \/>\n\u201cSANS\u00dcRE KAR\u015eI M\u00dcCADELE ETMEK HERKES\u0130N G\u00d6REV\u0130D\u0130R\u201d<\/p>\n<p>24 Temmuz\u2019un Bas\u0131n Bayram\u0131 de\u011fil, bas\u0131n \u00f6zg\u00fcrl\u00fc\u011f\u00fc i\u00e7in m\u00fccadele g\u00fcn\u00fc oldu\u011funu ifade eden Baro Ba\u015fkan\u0131 Bilgin Ye\u015filbo\u011faz, \u00a0\u201cSans\u00fcre kar\u015f\u0131 m\u00fccadele etmek yaln\u0131zca bas\u0131n emek\u00e7ilerinin g\u00f6revi de\u011fildir. Herkese sorumluluk d\u00fc\u015fmektedir. Elinden kalemi al\u0131nan, programlar\u0131 yasaklanan, y\u00f6neticilikten el \u00e7ektirilen, tutuklanan gazetecilere hep birlikte sahip \u00e7\u0131kal\u0131m, destek olal\u0131m. Dile\u011fimiz, bas\u0131n emek\u00e7ilerinin 24 Temmuz\u2019lar\u0131 \u00fclkede siyasi bask\u0131lara maruz kalmadan d\u00fc\u015f\u00fcncelerini toplumla payla\u015fan, sans\u00fcrs\u00fcz, \u00e7ok sesli, \u00f6zg\u00fcr ve \u00f6rg\u00fctl\u00fc bir bas\u0131n\u0131n var oldu\u011fu bir ortamda kutlamalar\u0131d\u0131r. Bu duygu ve d\u00fc\u015f\u00fcncelerle, mesai kavram\u0131 g\u00f6zetmeksizin, zor \u015fartlar alt\u0131nda g\u00f6revini ifa eden bas\u0131n emek\u00e7ilerinin 24 Temmuz Bas\u0131n \u00d6zg\u00fcrl\u00fc\u011f\u00fc \u0130\u00e7in M\u00fccadele G\u00fcn\u00fc\u2019n\u00fc kutluyorum\u201d dedi.<\/p>\n","protected":false},"excerpt":{"rendered":"<p>Mersin Baro Ba\u015fkan\u0131 Av. Bilgin Ye\u015filbo\u011faz, 24 Temmuz Bas\u0131n Bayram\u0131 ve T\u00fcrk bas\u0131n\u0131ndan sans\u00fcr\u00fcn kald\u0131r\u0131l\u0131\u015f\u0131n\u0131n 110. y\u0131ld\u00f6n\u00fcm\u00fc nedeniyle yaz\u0131l\u0131 mesaj yay\u0131mlad\u0131. 24 Temmuz 1908 tarihinde \u0130kinci Me\u015frutiyet&#8217;in ilan\u0131yla birlikte T\u00fcrk &hellip; <a href=\"https:\/\/akdenizolaygazetesi.com\/?p=2304\" class=\"more-link\">Devam\u0131n\u0131 Oku&#8230;<\/a><\/p>\n","protected":false},"author":1,"featured_media":0,"comment_status":"open","ping_status":"open","sticky":false,"template":"","format":"standard","meta":[],"categories":[],"tags":[],"_links":{"self":[{"href":"https:\/\/akdenizolaygazetesi.com\/index.php?rest_route=\/wp\/v2\/posts\/2304"}],"collection":[{"href":"https:\/\/akdenizolaygazetesi.com\/index.php?rest_route=\/wp\/v2\/posts"}],"about":[{"href":"https:\/\/akdenizolaygazetesi.com\/index.php?rest_route=\/wp\/v2\/types\/post"}],"author":[{"embeddable":true,"href":"https:\/\/akdenizolaygazetesi.com\/index.php?rest_route=\/wp\/v2\/users\/1"}],"replies":[{"embeddable":true,"href":"https:\/\/akdenizolaygazetesi.com\/index.php?rest_route=%2Fwp%2Fv2%2Fcomments&post=2304"}],"version-history":[{"count":0,"href":"https:\/\/akdenizolaygazetesi.com\/index.php?rest_route=\/wp\/v2\/posts\/2304\/revisions"}],"wp:attachment":[{"href":"https:\/\/akdenizolaygazetesi.com\/index.php?rest_route=%2Fwp%2Fv2%2Fmedia&parent=2304"}],"wp:term":[{"taxonomy":"category","embeddable":true,"href":"https:\/\/akdenizolaygazetesi.com\/index.php?rest_route=%2Fwp%2Fv2%2Fcategories&post=2304"},{"taxonomy":"post_tag","embeddable":true,"href":"https:\/\/akdenizolaygazetesi.com\/index.php?rest_route=%2Fwp%2Fv2%2Ftags&post=2304"}],"curies":[{"name":"wp","href":"https:\/\/api.w.org\/{rel}","templated":true}]}}