{"id":23041,"date":"2022-12-22T12:55:23","date_gmt":"2022-12-22T09:55:23","guid":{"rendered":"http:\/\/akdenizolaygazetesi.com\/?p=23041"},"modified":"2022-12-22T12:55:23","modified_gmt":"2022-12-22T09:55:23","slug":"toroslarda-tum-ibadethaneler-tertemiz","status":"publish","type":"post","link":"https:\/\/akdenizolaygazetesi.com\/?p=23041","title":{"rendered":"TOROSLAR&#8217;DA T\u00dcM \u0130BADETHANELER TERTEM\u0130Z"},"content":{"rendered":"<p>Toroslar Belediyesi, ibadethanelerde ger\u00e7ekle\u015ftirdi\u011fi temizlik \u00e7al\u0131\u015fmalar\u0131n\u0131 y\u0131l boyu aral\u0131ks\u0131z s\u00fcrd\u00fcr\u00fcyor. \u0130l\u00e7ede bulunan camiler, kuran kurslar\u0131, Cemevi ve \u00f6\u011frenci yurtlar\u0131 titizle temizleniyor.<\/p>\n<p>Belediyenin ibadethane temizlik ve dezenfektan ekibi, il\u00e7e merkezinin yan\u0131 s\u0131ra y\u00fcksek kesimlerdeki mahallelerde bulunan t\u00fcm ibadethanelerin temizlik ve dezenfekte i\u015flemlerinde ikinci tura ge\u00e7ti. Ekipler, d\u00fczenli olarak yapt\u0131klar\u0131 \u00e7al\u0131\u015fmalarla ibadethanelerin her daim p\u0131r\u0131l p\u0131r\u0131l kalmas\u0131n\u0131 sa\u011fl\u0131yor.<\/p>\n<p>\u0130badethanelerdeki hal\u0131lar, hal\u0131 y\u0131kama makinesiyle yerinde y\u0131kan\u0131rken; avlu, tuvalet, kap\u0131 kollar\u0131 ve ayakkab\u0131l\u0131k gibi temas\u0131n olabilece\u011fi t\u00fcm y\u00fczeyler dezenfekte ediliyor.<\/p>\n<p>Toroslar Belediye Ba\u015fkan\u0131 Ats\u0131z Af\u015f\u0131n Y\u0131lmaz&#8217;\u0131n b\u00fcy\u00fck hassasiyet g\u00f6sterdi\u011fi ibadethane temizli\u011fi, hem cami g\u00f6revlileri hem de vatanda\u015flar taraf\u0131ndan memnuniyetle kar\u015f\u0131lan\u0131yor.<\/p>\n<p>&#8220;Hem\u015fehrilerimiz G\u00f6n\u00fcl Rahatl\u0131\u011f\u0131yla \u0130badet Edebilir&#8221;<\/p>\n<p>Ba\u015fkan Y\u0131lmaz, ibadet yerlerinin temizli\u011fine b\u00fcy\u00fck \u00f6nem verdiklerini belirterek; &#8220;Amac\u0131m\u0131z, hem\u015fehrilerimizin g\u00f6n\u00fcl rahatl\u0131\u011f\u0131yla ve huzur i\u00e7erisinde ibadetlerini ger\u00e7ekle\u015ftirmesidir&#8221; dedi.<\/p>\n<p>&#8220;Vatanda\u015flar\u0131m\u0131z\u0131n sa\u011fl\u0131\u011f\u0131 \u00f6nceli\u011fimiz&#8221; diyen Ba\u015fkan Y\u0131lmaz; &#8220;Sosyal tesislerin ve ibadethanelerimizin bak\u0131m ve onar\u0131mlar\u0131n\u0131, vatanda\u015flar\u0131m\u0131z daha rahat ve temiz bir \u015fekilde kullanabilsin diye yap\u0131yoruz. \u0130badethanelerimizi evimiz gibi g\u00f6r\u00fcyoruz.  Temizlik \u0130\u015fleri M\u00fcd\u00fcrl\u00fc\u011f\u00fcm\u00fcz b\u00fcnyesinde \u00f6zel bir ekip olu\u015fturduk. Ekibimiz, faaliyetlerini koordineli bir \u015fekilde s\u00fcrd\u00fcr\u00fcyor&#8221; ifadelerini kulland\u0131.<\/p>\n","protected":false},"excerpt":{"rendered":"<p>Toroslar Belediyesi, ibadethanelerde ger\u00e7ekle\u015ftirdi\u011fi temizlik \u00e7al\u0131\u015fmalar\u0131n\u0131 y\u0131l boyu aral\u0131ks\u0131z s\u00fcrd\u00fcr\u00fcyor. \u0130l\u00e7ede bulunan camiler, kuran kurslar\u0131, Cemevi ve \u00f6\u011frenci yurtlar\u0131 titizle temizleniyor. Belediyenin ibadethane temizlik ve dezenfektan ekibi, il\u00e7e merkezinin yan\u0131 &hellip; <a href=\"https:\/\/akdenizolaygazetesi.com\/?p=23041\" class=\"more-link\">Devam\u0131n\u0131 Oku&#8230;<\/a><\/p>\n","protected":false},"author":2,"featured_media":23042,"comment_status":"open","ping_status":"open","sticky":false,"template":"","format":"standard","meta":[],"categories":[3],"tags":[],"_links":{"self":[{"href":"https:\/\/akdenizolaygazetesi.com\/index.php?rest_route=\/wp\/v2\/posts\/23041"}],"collection":[{"href":"https:\/\/akdenizolaygazetesi.com\/index.php?rest_route=\/wp\/v2\/posts"}],"about":[{"href":"https:\/\/akdenizolaygazetesi.com\/index.php?rest_route=\/wp\/v2\/types\/post"}],"author":[{"embeddable":true,"href":"https:\/\/akdenizolaygazetesi.com\/index.php?rest_route=\/wp\/v2\/users\/2"}],"replies":[{"embeddable":true,"href":"https:\/\/akdenizolaygazetesi.com\/index.php?rest_route=%2Fwp%2Fv2%2Fcomments&post=23041"}],"version-history":[{"count":1,"href":"https:\/\/akdenizolaygazetesi.com\/index.php?rest_route=\/wp\/v2\/posts\/23041\/revisions"}],"predecessor-version":[{"id":23043,"href":"https:\/\/akdenizolaygazetesi.com\/index.php?rest_route=\/wp\/v2\/posts\/23041\/revisions\/23043"}],"wp:featuredmedia":[{"embeddable":true,"href":"https:\/\/akdenizolaygazetesi.com\/index.php?rest_route=\/wp\/v2\/media\/23042"}],"wp:attachment":[{"href":"https:\/\/akdenizolaygazetesi.com\/index.php?rest_route=%2Fwp%2Fv2%2Fmedia&parent=23041"}],"wp:term":[{"taxonomy":"category","embeddable":true,"href":"https:\/\/akdenizolaygazetesi.com\/index.php?rest_route=%2Fwp%2Fv2%2Fcategories&post=23041"},{"taxonomy":"post_tag","embeddable":true,"href":"https:\/\/akdenizolaygazetesi.com\/index.php?rest_route=%2Fwp%2Fv2%2Ftags&post=23041"}],"curies":[{"name":"wp","href":"https:\/\/api.w.org\/{rel}","templated":true}]}}