{"id":23044,"date":"2022-12-22T12:57:39","date_gmt":"2022-12-22T09:57:39","guid":{"rendered":"http:\/\/akdenizolaygazetesi.com\/?p=23044"},"modified":"2022-12-22T12:57:39","modified_gmt":"2022-12-22T09:57:39","slug":"secer-eminim-ki-tekrar-turkiyeye-gelmek-isteyecektir","status":"publish","type":"post","link":"https:\/\/akdenizolaygazetesi.com\/?p=23044","title":{"rendered":"SE\u00c7ER: &#8220;EM\u0130N\u0130M K\u0130, TEKRAR T\u00dcRK\u0130YE&#8217;YE GELMEK \u0130STEYECEKT\u0130R&#8221;"},"content":{"rendered":"<p>\u0130spanya&#8217;n\u0131n Zaragoza \u015fehrinden bu y\u0131l\u0131n Nisan ay\u0131nda yola \u00e7\u0131kan ve bisikletiyle \u00fclke \u00fclke gezen Sara Qiu&#8217;nun bir dura\u011f\u0131 da Mersin oldu. Gezgin Oiu, Mersin seyahatinde B\u00fcy\u00fck\u015fehir Belediye Ba\u015fkan\u0131 Vahap Se\u00e7er&#8217;i de ziyaret etti. Makamda ger\u00e7ekle\u015ftirilen ziyarette; Ba\u015fkan Se\u00e7er ve gezgin Qiu aras\u0131nda keyifli bir sohbet ger\u00e7ekle\u015fti. Qiu, Ba\u015fkan Se\u00e7er&#8217;e Mersin izlenimlerini anlatt\u0131. Ziyarette ayr\u0131ca; Mersin&#8217;de bisiklet kullan\u0131m\u0131n\u0131n yayg\u0131nla\u015fmas\u0131 i\u00e7in \u00f6nc\u00fcl\u00fck eden ve bir\u00e7ok kurumda \u00e7al\u0131\u015fmalar y\u00fcr\u00fcten bisiklet aktivisti Ebru Petek Budur da yer ald\u0131.<br \/>\nT\u00fcrkiye 10. rotas\u0131<br \/>\n2,5 ayd\u0131r T\u00fcrkiye&#8217;de olan bisikletli gezgin Sara Qiu, kendi projesi olan &#8216;Journey From The Road&#8217; kapsam\u0131nda belirledi\u011fi rotalar\u0131 pedall\u0131yor. 10. rotas\u0131 olan T\u00fcrkiye&#8217;de; \u0130stanbul ve \u0130zmir&#8217;in ard\u0131ndan Mersin&#8217;e gelen Qiu, buradan da Adana, Gaziantep, Mardin ve \u015eanl\u0131urfa&#8217;ya gitmeyi planl\u0131yor. Qiu, turuna daha sonra Kuzey&#8217;den devam edecek.<br \/>\nQiu: &#8220;Burada \u015fehrin arabalar i\u00e7in de\u011fil, insanlar i\u00e7in yap\u0131ld\u0131\u011f\u0131n\u0131 g\u00f6rd\u00fcm&#8221;<br \/>\nBa\u015fkan Se\u00e7er, Qiu&#8217;nun seyahat hakk\u0131ndaki izlenimlerini dinlerken T\u00fcrkiye&#8217;de nereleri gezdi\u011fini sordu. Qiu de, &#8220;\u0130psala&#8217;dan girdim ard\u0131ndan \u0130stanbul&#8217;a vard\u0131m. Daha sonra feribota binerek Mudanya&#8217;ya ge\u00e7tim ve sonra da Bat\u0131&#8217;ya do\u011fru devam ettim. Mersin&#8217;e kadar b\u00fct\u00fcn G\u00fcney&#8217;den devam ettim. Bir sonraki \u015fehrimiz Adana. Sonras\u0131nda da Gaziantep ve \u015eanl\u0131urfa olacak&#8221; dedi.<br \/>\nBa\u015fkan Se\u00e7er&#8217;in Mersin&#8217;i nas\u0131l buldu\u011fu y\u00f6n\u00fcndeki sorusu \u00fczerine de de\u011ferlendirmelerde bulunan Qiu, \u015fehirde bisiklet s\u00fcrme \u015fans\u0131 buldu\u011funu belirterek, &#8220;Ger\u00e7ekten \u015fehrin sahili ve \u00f6zellikle yap\u0131lan bisiklet yollar\u0131 \u00e7ok g\u00fczeldi. Burada \u015fehrin arabalar i\u00e7in de\u011fil, insanlar i\u00e7in yap\u0131ld\u0131\u011f\u0131n\u0131 g\u00f6rd\u00fcm&#8221; dedi. Ba\u015fkan Se\u00e7er, Qiu&#8217;ya gitti\u011fi yerlerde Mersin&#8217;i anlatmas\u0131 y\u00f6n\u00fcnde temennide bulunup kentte bol bol foto\u011fraf \u00e7ekmesini \u00f6nerdi. Se\u00e7er, bunun hem kendisine hat\u0131ra hem de Mersin&#8217;in tan\u0131t\u0131m\u0131na katk\u0131 olaca\u011f\u0131n\u0131 ifade etti.<br \/>\nQiu: &#8220;T\u00fcrk insanlar\u0131 ger\u00e7ekten bana kar\u015f\u0131 \u00e7ok misafirperverdi&#8221;<br \/>\nQiu&#8217;nun T\u00fcrkiye hakk\u0131ndaki de\u011ferlendirmelerini dinleyen Ba\u015fkan Se\u00e7er, &#8220;Eminim ki, tekrar T\u00fcrkiye&#8217;ye gelmek isteyecektir&#8221; dedi. Qiu de, &#8220;T\u00fcrk insanlar\u0131 ger\u00e7ekten bana kar\u015f\u0131 \u00e7ok misafirperverdi. Kalacak yeri \u015fu \u015fekilde sa\u011fl\u0131yorum; genelde k\u00f6ylerde insanlardan yatacak yer rica ediyorum ve y\u00fczde 99 da olumlu cevap al\u0131yorum. Bu y\u00fczden de T\u00fcrk insanlar\u0131na kar\u015f\u0131 olan yakla\u015f\u0131m\u0131m ve d\u00fc\u015f\u00fcncelerim ger\u00e7ekten \u00e7ok olumlu&#8221; dedi. Ziyaretin sonunda Ba\u015fkan Se\u00e7er, Qiu&#8217;ya te\u015fekk\u00fcr ederek keyifli seyahatler diledi.<br \/>\nQiu: &#8220;T\u00fcrkiye&#8217;ye tekrar gelmeyi istiyorum&#8221;<br \/>\nMersin&#8217;de bisiklet ve ko\u015fu yollar\u0131 ile insanlar\u0131n faaliyet yapabilece\u011fi di\u011fer alanlar\u0131 \u00e7ok be\u011fendi\u011fini aktaran Qiu, \u015fehri \u00e7ok be\u011fendi\u011fini de dile getirerek, Ba\u015fkan Se\u00e7er&#8217;e yapm\u0131\u015f oldu\u011fu ziyareti de de\u011ferlendirdi. Sara Qiu, &#8220;Kendisine, T\u00fcrkiye ve T\u00fcrk insanlar\u0131 konusunda sahip oldu\u011fum izlenim hakk\u0131nda biraz bilgi verdim. En \u00f6nemlisi bu \u00fclkede ve Mersin&#8217;de bana kar\u015f\u0131 g\u00f6sterilen misafirperverlik oldu. Bu \u015fans i\u00e7in herkese \u00e7ok te\u015fekk\u00fcr ederim. T\u00fcrkiye&#8217;ye tekrar gelmeyi istiyorum. Burada hem daha \u00f6nce gezmedi\u011fim yerleri ziyaret edip hem de Mersin&#8217;de edindi\u011fim dostlar\u0131m\u0131 tekrar g\u00f6rmeyi isterim&#8221; diye konu\u015ftu.<\/p>\n","protected":false},"excerpt":{"rendered":"<p>\u0130spanya&#8217;n\u0131n Zaragoza \u015fehrinden bu y\u0131l\u0131n Nisan ay\u0131nda yola \u00e7\u0131kan ve bisikletiyle \u00fclke \u00fclke gezen Sara Qiu&#8217;nun bir dura\u011f\u0131 da Mersin oldu. Gezgin Oiu, Mersin seyahatinde B\u00fcy\u00fck\u015fehir Belediye Ba\u015fkan\u0131 Vahap Se\u00e7er&#8217;i &hellip; <a href=\"https:\/\/akdenizolaygazetesi.com\/?p=23044\" class=\"more-link\">Devam\u0131n\u0131 Oku&#8230;<\/a><\/p>\n","protected":false},"author":2,"featured_media":23045,"comment_status":"open","ping_status":"open","sticky":false,"template":"","format":"standard","meta":[],"categories":[3,10],"tags":[],"_links":{"self":[{"href":"https:\/\/akdenizolaygazetesi.com\/index.php?rest_route=\/wp\/v2\/posts\/23044"}],"collection":[{"href":"https:\/\/akdenizolaygazetesi.com\/index.php?rest_route=\/wp\/v2\/posts"}],"about":[{"href":"https:\/\/akdenizolaygazetesi.com\/index.php?rest_route=\/wp\/v2\/types\/post"}],"author":[{"embeddable":true,"href":"https:\/\/akdenizolaygazetesi.com\/index.php?rest_route=\/wp\/v2\/users\/2"}],"replies":[{"embeddable":true,"href":"https:\/\/akdenizolaygazetesi.com\/index.php?rest_route=%2Fwp%2Fv2%2Fcomments&post=23044"}],"version-history":[{"count":1,"href":"https:\/\/akdenizolaygazetesi.com\/index.php?rest_route=\/wp\/v2\/posts\/23044\/revisions"}],"predecessor-version":[{"id":23046,"href":"https:\/\/akdenizolaygazetesi.com\/index.php?rest_route=\/wp\/v2\/posts\/23044\/revisions\/23046"}],"wp:featuredmedia":[{"embeddable":true,"href":"https:\/\/akdenizolaygazetesi.com\/index.php?rest_route=\/wp\/v2\/media\/23045"}],"wp:attachment":[{"href":"https:\/\/akdenizolaygazetesi.com\/index.php?rest_route=%2Fwp%2Fv2%2Fmedia&parent=23044"}],"wp:term":[{"taxonomy":"category","embeddable":true,"href":"https:\/\/akdenizolaygazetesi.com\/index.php?rest_route=%2Fwp%2Fv2%2Fcategories&post=23044"},{"taxonomy":"post_tag","embeddable":true,"href":"https:\/\/akdenizolaygazetesi.com\/index.php?rest_route=%2Fwp%2Fv2%2Ftags&post=23044"}],"curies":[{"name":"wp","href":"https:\/\/api.w.org\/{rel}","templated":true}]}}