{"id":23047,"date":"2022-12-22T12:59:45","date_gmt":"2022-12-22T09:59:45","guid":{"rendered":"http:\/\/akdenizolaygazetesi.com\/?p=23047"},"modified":"2022-12-22T12:59:45","modified_gmt":"2022-12-22T09:59:45","slug":"masallarimizi-dinlemek-icin-masal-evlerimize-bekliyoruz","status":"publish","type":"post","link":"https:\/\/akdenizolaygazetesi.com\/?p=23047","title":{"rendered":"&#8216;Masallar\u0131m\u0131z\u0131 dinlemek i\u00e7in masal evlerimize bekliyoruz&#8217;"},"content":{"rendered":"<p>Mersin Valimiz Say\u0131n Ali Hamza PEHL\u0130VAN ve e\u015fleri Say\u0131n Han\u0131mefendi, Mersin Ay\u015fe Ecevit Anadolu Masal Evimize konuk oldular.<br \/>\nSay\u0131n Valimiz ve Say\u0131n Han\u0131mefendi masal evimizi gezerek \u00f6\u011fretmenlerimizin ve \u00f6\u011frencilerimizle bir araya geldiler. Masal evinde y\u00fcr\u00fct\u00fclen \u00e7al\u0131\u015fmalarla ilgili bilgi alan Say\u0131n Valimiz, \u00e7al\u0131\u015fmalar\u0131ndan dolay\u0131 masal evi \u00f6\u011fretmenlerine te\u015fekk\u00fcr etti.<br \/>\n\u0130l Milli E\u011fitim M\u00fcd\u00fcr\u00fcm\u00fcz Say\u0131n Adem KOCA, &#8220;\u00c7ocuklar\u0131m\u0131z\u0131n kadim s\u00f6zl\u00fc k\u00fclt\u00fcr\u00fcm\u00fcz\u00fcn en k\u0131ymetli \u00fcr\u00fcnleri olan Anadolu masallar\u0131m\u0131zla b\u00fcy\u00fcmelerini ve atalar\u0131m\u0131z\u0131n deneyimlerinden olu\u015fan destans\u0131 hikayelerimizi bilerek yeti\u015fmelerini geleneksel k\u00fclt\u00fcr\u00fcm\u00fcz\u00fcn devam\u0131 ve sa\u011fl\u0131kl\u0131 nesiller yeti\u015ftirilmesi a\u00e7\u0131s\u0131ndan \u00e7ok \u00f6nemsiyoruz. Biz e\u011fitimciler bu fark\u0131ndal\u0131kla Mersin&#8217;deki iki masal evimizde evlatlar\u0131m\u0131z\u0131 masallar\u0131m\u0131zla bulu\u015fturuyor, farkl\u0131 etkinliklerle onlara keyifli bir \u00f6\u011frenme ortam\u0131 sa\u011fl\u0131yoruz. \u00dclkemizde iki masal eviyle vatanda\u015flar\u0131m\u0131z\u0131 bulu\u015fturan tek il olarak masal evi say\u0131m\u0131z\u0131 art\u0131rma \u00e7al\u0131\u015fmalar\u0131m\u0131z devam ediyor. Bu konuda eme\u011fi ge\u00e7en t\u00fcm meslekta\u015flar\u0131ma en kalbi duygular\u0131mla te\u015fekk\u00fcr ediyorum. T\u00fcm Mersinlileri geleneksel masallar\u0131m\u0131z\u0131 dinlemek i\u00e7in masal evlerimize bekliyoruz.&#8221; dedi.<\/p>\n","protected":false},"excerpt":{"rendered":"<p>Mersin Valimiz Say\u0131n Ali Hamza PEHL\u0130VAN ve e\u015fleri Say\u0131n Han\u0131mefendi, Mersin Ay\u015fe Ecevit Anadolu Masal Evimize konuk oldular. Say\u0131n Valimiz ve Say\u0131n Han\u0131mefendi masal evimizi gezerek \u00f6\u011fretmenlerimizin ve \u00f6\u011frencilerimizle bir &hellip; <a href=\"https:\/\/akdenizolaygazetesi.com\/?p=23047\" class=\"more-link\">Devam\u0131n\u0131 Oku&#8230;<\/a><\/p>\n","protected":false},"author":2,"featured_media":23048,"comment_status":"open","ping_status":"open","sticky":false,"template":"","format":"standard","meta":[],"categories":[2,3],"tags":[],"_links":{"self":[{"href":"https:\/\/akdenizolaygazetesi.com\/index.php?rest_route=\/wp\/v2\/posts\/23047"}],"collection":[{"href":"https:\/\/akdenizolaygazetesi.com\/index.php?rest_route=\/wp\/v2\/posts"}],"about":[{"href":"https:\/\/akdenizolaygazetesi.com\/index.php?rest_route=\/wp\/v2\/types\/post"}],"author":[{"embeddable":true,"href":"https:\/\/akdenizolaygazetesi.com\/index.php?rest_route=\/wp\/v2\/users\/2"}],"replies":[{"embeddable":true,"href":"https:\/\/akdenizolaygazetesi.com\/index.php?rest_route=%2Fwp%2Fv2%2Fcomments&post=23047"}],"version-history":[{"count":1,"href":"https:\/\/akdenizolaygazetesi.com\/index.php?rest_route=\/wp\/v2\/posts\/23047\/revisions"}],"predecessor-version":[{"id":23049,"href":"https:\/\/akdenizolaygazetesi.com\/index.php?rest_route=\/wp\/v2\/posts\/23047\/revisions\/23049"}],"wp:featuredmedia":[{"embeddable":true,"href":"https:\/\/akdenizolaygazetesi.com\/index.php?rest_route=\/wp\/v2\/media\/23048"}],"wp:attachment":[{"href":"https:\/\/akdenizolaygazetesi.com\/index.php?rest_route=%2Fwp%2Fv2%2Fmedia&parent=23047"}],"wp:term":[{"taxonomy":"category","embeddable":true,"href":"https:\/\/akdenizolaygazetesi.com\/index.php?rest_route=%2Fwp%2Fv2%2Fcategories&post=23047"},{"taxonomy":"post_tag","embeddable":true,"href":"https:\/\/akdenizolaygazetesi.com\/index.php?rest_route=%2Fwp%2Fv2%2Ftags&post=23047"}],"curies":[{"name":"wp","href":"https:\/\/api.w.org\/{rel}","templated":true}]}}