{"id":2305,"date":"2020-11-04T18:22:49","date_gmt":"2020-11-04T15:22:49","guid":{"rendered":"http:\/\/mersinekonomipolitikagazetesi.com\/?p=2305"},"modified":"2020-11-04T18:22:49","modified_gmt":"2020-11-04T15:22:49","slug":"kirmizi-mercimek-dususte-nohut-artista","status":"publish","type":"post","link":"https:\/\/akdenizolaygazetesi.com\/?p=2305","title":{"rendered":"K\u0131rm\u0131z\u0131 mercimek d\u00fc\u015f\u00fc\u015fte, nohut art\u0131\u015fta"},"content":{"rendered":"<p>Ulusal Baklagil Konseyi ve Mersin Ticaret Borsas\u0131 Y\u00f6netim Kurulu Ba\u015fkan\u0131 Abdullah \u00d6zdemir, bu y\u0131l k\u0131rm\u0131z\u0131 mercimek ekim alanlar\u0131n\u0131n azald\u0131\u011f\u0131n\u0131 ve buna ba\u011fl\u0131 olarak \u00fcretimin d\u00fc\u015ft\u00fc\u011f\u00fcn\u00fc belirterek, &#8220;Nohutta ise tam tersi bir tablo ile kar\u015f\u0131 kar\u015f\u0131yay\u0131z. Nohut \u00fcretim alan\u0131 artt\u0131 ve ge\u00e7mi\u015f y\u0131llara nazaran \u00fcretim \u00e7ok daha fazla olacak&#8221; dedi.<br \/>\n\u00a0<br \/>\n\u00d6zdemir, k\u0131rm\u0131z\u0131 mercimek ve nohut i\u00e7in yeni ba\u015flayan sezona ili\u015fkin de\u011ferlendirmelerde bulundu. \u00d6zdemir, k\u0131rm\u0131z\u0131 mercimek ve nohut \u00fcretim alanlar\u0131ndaki bitki geli\u015fimi, verimlilik, hastal\u0131k durumu ve rekolte tahmini amac\u0131yla her y\u0131l incelemelerde bulunduklar\u0131 s\u00f6yledi. Bu y\u0131l k\u0131rm\u0131z\u0131 mercimek ekim alanlar\u0131n\u0131n azald\u0131\u011f\u0131n\u0131 belirten \u00d6zdemir, hem verimin d\u00fc\u015f\u00fck olmas\u0131 hem de olumsuz hava \u015fartlar\u0131 nedeniyle olu\u015fan hasarl\u0131 ve tebe\u015firli taneli mercime\u011fin, piyasaya i\u00e7 t\u00fcketim i\u00e7in sunulan k\u0131rm\u0131z\u0131 mercimek rakam\u0131n\u0131 d\u00fc\u015f\u00fcrece\u011fini kaydetti.\u00a0<\/p>\n<p>&#8220;Hava \u015fartlar\u0131 olumsuz etkiledi&#8221;<br \/>\n\u00a0<br \/>\nHava ko\u015fullar\u0131 ve iklim \u015fartlar\u0131n\u0131n \u00fcretime olumsuz etkisi oldu\u011funu kaydeden \u00d6zdemir, &#8220;Ge\u00e7en y\u0131l dekar ba\u015f\u0131na 140-160 kg olan mahsul, bu y\u0131l 80-120 kg seviyesinde bulunuyor. Ayr\u0131ca, hasat \u00f6ncesi ya\u011fan ya\u011f\u0131\u015flar bitkileri yere yat\u0131rd\u0131. Bunun sonucu olarak da bitkiler \u00e7\u00fcr\u00fcd\u00fc\u011f\u00fcnden maalesef \u00e7o\u011funlukla \u00f6l\u00fc ve c\u0131l\u0131z taneler ortaya \u00e7\u0131kt\u0131. Di\u011fer yandan, \u00f6zellikle Silvan, Ergani, Batman ve Bismil gibi \u00f6nemli \u00fcretim b\u00f6lgelerinde hasat \u00f6ncesi d\u00f6nemde 23 g\u00fcn boyunca ya\u011f\u0131\u015flar vard\u0131. Bu ya\u011f\u0131\u015flar\u0131n etkisiyle toprak ve hava nemliydi.<\/p>\n<p>\u00a0Bu iklim \u015fartlar\u0131 ise tebe\u015firli tanelere neden oldu&#8221; ifadelerini kulland\u0131.\u00a0<\/p>\n<p>&#8220;Stoklar k\u00f6t\u00fc tabloyu bertaraf ediyor&#8221;<br \/>\n\u00a0<br \/>\n\u00d6zdemir, bir \u00f6nceki y\u0131ldan devreden yakla\u015f\u0131k 40-50 bin ton d\u00fczeyinde kabuklu k\u0131rm\u0131z\u0131 mercimek stoku bulundu\u011funu belirterek, k\u0131rm\u0131z\u0131 mercimekteki olumsuz tabloyu bir nebze bertaraf edecek en \u00f6nemli unsurun bu stoklar oldu\u011funu s\u00f6yledi. \u015eu anda piyasaya gelen k\u0131rm\u0131z\u0131 mercime\u011fin daha \u00e7ok i\u00e7 piyasa ihtiyac\u0131n\u0131 kar\u015f\u0131lamak amac\u0131yla a\u011f\u0131rl\u0131kl\u0131 olarak Mersinli t\u00fcccarlar taraf\u0131ndan sat\u0131n al\u0131nd\u0131\u011f\u0131na dikkat \u00e7eken \u00d6zdemir, &#8220;Kanada, K\u0131rg\u0131zistan ve Rusya gibi rekabet i\u00e7erisinde oldu\u011fumuz \u00fclkelerde \u00fcretilen k\u0131rm\u0131z\u0131 mercime\u011fin fiyat\u0131, T\u00fcrk mercime\u011fine k\u0131yasla daha ucuz oldu\u011fundan, mevcut fiyat seviyesine ra\u011fmen ihracat \u015fans\u0131m\u0131z \u00e7ok d\u00fc\u015f\u00fck&#8221; \u015feklinde konu\u015ftu.\u00a0<\/p>\n<p>&#8220;Nohut ekim alan\u0131 artt\u0131&#8221;\u00a0<\/p>\n<p>Ge\u00e7mi\u015f y\u0131llarda olu\u015fan y\u00fcksek fiyat seviyesinden dolay\u0131 bu y\u0131l nohut ekim alanlar\u0131n\u0131n da artt\u0131\u011f\u0131n\u0131 vurgulayan \u00d6zdemir, &#8220;Geleneksel nohut ekim b\u00f6lgeleri olan Konya, Karaman, K\u0131r\u015fehir, Ankara, \u00c7orum ve Yozgat gibi yerlerde \u00fcr\u00fcnler piyasaya gelmeye ba\u015flad\u0131. Verim her y\u0131l oldu\u011fu gibi 100-120 kg seviyesinde bulunuyor. Adana ve G\u00fcneydo\u011fu illeri gibi \u00f6nceki y\u0131llarda nohut ekimi yok denecek kadar az olan b\u00f6lgelerde ise bu y\u0131l \u00e7ok fazla ekim yap\u0131ld\u0131. \u00dcstelik bu yeni ekim alanlar\u0131nda verimlilik oranlar\u0131 T\u00fcrkiye ortalamas\u0131n\u0131n neredeyse iki kat\u0131 daha fazla. Ge\u00e7mi\u015fteki 3-4 y\u0131la k\u0131yasla \u00fclkemizde nohut \u00fcretimi bu y\u0131l \u00e7ok daha fazla. Uzun y\u0131llardan sonra bu \u00fcr\u00fcnde ihracat f\u0131rsat\u0131 bulabilece\u011fiz. Ancak burada \u00f6nemli olan, yine ge\u00e7mi\u015fteki astronomik nohut fiyatlar\u0131ndan dolay\u0131 d\u00fcnya genelinde de nohut ekim alanlar\u0131n\u0131n art\u0131rmas\u0131d\u0131r. Bu nedenle \u00f6nemli bir arz fazlas\u0131n\u0131n olu\u015fmas\u0131 ve d\u0131\u015f ticarette yo\u011fun bir rekabet ya\u015fanmas\u0131n\u0131 bekliyoruz&#8221; diye konu\u015ftu.\u00a0<\/p>\n","protected":false},"excerpt":{"rendered":"<p>Ulusal Baklagil Konseyi ve Mersin Ticaret Borsas\u0131 Y\u00f6netim Kurulu Ba\u015fkan\u0131 Abdullah \u00d6zdemir, bu y\u0131l k\u0131rm\u0131z\u0131 mercimek ekim alanlar\u0131n\u0131n azald\u0131\u011f\u0131n\u0131 ve buna ba\u011fl\u0131 olarak \u00fcretimin d\u00fc\u015ft\u00fc\u011f\u00fcn\u00fc belirterek, &#8220;Nohutta ise tam tersi &hellip; <a href=\"https:\/\/akdenizolaygazetesi.com\/?p=2305\" class=\"more-link\">Devam\u0131n\u0131 Oku&#8230;<\/a><\/p>\n","protected":false},"author":1,"featured_media":0,"comment_status":"open","ping_status":"open","sticky":false,"template":"","format":"standard","meta":[],"categories":[],"tags":[],"_links":{"self":[{"href":"https:\/\/akdenizolaygazetesi.com\/index.php?rest_route=\/wp\/v2\/posts\/2305"}],"collection":[{"href":"https:\/\/akdenizolaygazetesi.com\/index.php?rest_route=\/wp\/v2\/posts"}],"about":[{"href":"https:\/\/akdenizolaygazetesi.com\/index.php?rest_route=\/wp\/v2\/types\/post"}],"author":[{"embeddable":true,"href":"https:\/\/akdenizolaygazetesi.com\/index.php?rest_route=\/wp\/v2\/users\/1"}],"replies":[{"embeddable":true,"href":"https:\/\/akdenizolaygazetesi.com\/index.php?rest_route=%2Fwp%2Fv2%2Fcomments&post=2305"}],"version-history":[{"count":0,"href":"https:\/\/akdenizolaygazetesi.com\/index.php?rest_route=\/wp\/v2\/posts\/2305\/revisions"}],"wp:attachment":[{"href":"https:\/\/akdenizolaygazetesi.com\/index.php?rest_route=%2Fwp%2Fv2%2Fmedia&parent=2305"}],"wp:term":[{"taxonomy":"category","embeddable":true,"href":"https:\/\/akdenizolaygazetesi.com\/index.php?rest_route=%2Fwp%2Fv2%2Fcategories&post=2305"},{"taxonomy":"post_tag","embeddable":true,"href":"https:\/\/akdenizolaygazetesi.com\/index.php?rest_route=%2Fwp%2Fv2%2Ftags&post=2305"}],"curies":[{"name":"wp","href":"https:\/\/api.w.org\/{rel}","templated":true}]}}