{"id":23053,"date":"2022-12-22T13:02:32","date_gmt":"2022-12-22T10:02:32","guid":{"rendered":"http:\/\/akdenizolaygazetesi.com\/?p=23053"},"modified":"2022-12-22T13:02:32","modified_gmt":"2022-12-22T10:02:32","slug":"secer-yaklasan-yeni-yil-oncesinde-kir-ciceklerini-ziyaret-etti","status":"publish","type":"post","link":"https:\/\/akdenizolaygazetesi.com\/?p=23053","title":{"rendered":"SE\u00c7ER, YAKLA\u015eAN YEN\u0130 YIL \u00d6NCES\u0130NDE &#8220;KIR \u00c7\u0130\u00c7EKLER\u0130&#8221;N\u0130 Z\u0130YARET ETT\u0130"},"content":{"rendered":"<p>Mersin B\u00fcy\u00fck\u015fehir Belediye Ba\u015fkan\u0131 Vahap Se\u00e7er, gelece\u011fe ba\u015far\u0131lar yazd\u0131rma hedefi ile b\u00fcy\u00fcyen K\u0131r \u00c7i\u00e7ekleri&#8217;ni Macit \u00d6zcan Spor Kompleksi i\u00e7erisinde yat\u0131l\u0131 kald\u0131klar\u0131 K\u0131r \u00c7i\u00e7ekleri Sporcu Yeti\u015ftirme Merkezi&#8217;nde yakla\u015fan yeni y\u0131l \u00f6ncesinde ziyaret etti. Ba\u015fkan Se\u00e7er, kendisini sevin\u00e7le ve ellerinde \u00e7i\u00e7eklerle kar\u015f\u0131layan sporcu k\u0131zlarla sohbet etti. Uzun s\u00fcren sohbette ne\u015feli anlar ya\u015fand\u0131.<br \/>\nSe\u00e7er, &#8220;K\u0131r \u00c7i\u00e7ekleri&#8221; ile keyifli bir sohbet ge\u00e7irdi<br \/>\nBa\u015fkan Se\u00e7er, B\u00fcy\u00fck\u015fehir&#8217;in \u00f6zellikle k\u00f6ylerde ya\u015fayan ve ortaokul \u00e7a\u011f\u0131ndaki k\u0131z \u00e7ocuklar\u0131n\u0131 \u00e7e\u015fitli spor bran\u015flar\u0131nda uzmanla\u015fmas\u0131 i\u00e7in y\u00fcr\u00fctt\u00fc\u011f\u00fc &#8220;K\u0131r \u00c7i\u00e7ekleri&#8221;nin misafiri oldu. Sporcu k\u0131zlarla keyifli bir sohbet eden Se\u00e7er&#8217;in gen\u00e7 sporculara, &#8220;Hafta sonu gitti\u011finiz zaman buray\u0131 \u00f6zl\u00fcyor musunuz?&#8221; diye sormas\u0131 \u00fczerine k\u0131zlar hep bir a\u011f\u0131zdan, &#8220;Evet&#8221; yan\u0131t\u0131n\u0131 verdi. K\u0131zlara \u00f6\u011f\u00fctlerde de bulunan Ba\u015fkan Se\u00e7er, &#8220;Bir arada olman\u0131z birle\u015ftirir. Daha ileriki ya\u015fant\u0131n\u0131zda bir topluma girdi\u011finiz zaman daha h\u0131zl\u0131 adapte olabilirsiniz, yabanc\u0131l\u0131k \u00e7ekmezsiniz. \u0130nsan bir ba\u015fka canl\u0131dan enerji alabiliyor. Tek ya\u015fayan insanlar \u00f6zellikle bir kedisi, k\u00f6pe\u011fi oluyor. Onunla \u00e7ok iyi hissediyor kendisini, o olmad\u0131\u011f\u0131 zaman \u00fcz\u00fcl\u00fcyor. \u0130ki karde\u015f gibi, anne-\u00e7ocuk gibi ili\u015fkileri oluyor. Ben insan i\u00e7erisine girdi\u011fimde birden enerjim de\u011fi\u015fiyor. G\u00fcc\u00fcm yerine geliyor, canlan\u0131yorum, mutlulu\u011fum art\u0131yor kalabal\u0131\u011f\u0131n i\u00e7inde oldu\u011fum zaman&#8221; dedi.<br \/>\nBa\u015fkan Se\u00e7er, &#8220;K\u0131r \u00c7i\u00e7ekleri&#8221; ile kahvalt\u0131 i\u00e7in s\u00f6zle\u015fti<br \/>\nSpor bran\u015flar\u0131 ve kat\u0131ld\u0131klar\u0131 m\u00fcsabakalar hakk\u0131nda k\u0131zlardan bilgi alan Ba\u015fkan Se\u00e7er, &#8220;K\u0131r \u00c7i\u00e7ekleri&#8221;nin, Mersin B\u00fcy\u00fck\u015fehir Belediyesi Gen\u00e7lik ve Spor Kul\u00fcb\u00fc (MSK) ma\u00e7lar\u0131n\u0131 takip etmeleri ve belediyenin k\u00fclt\u00fcrel etkinliklerine g\u00f6t\u00fcr\u00fclmelerini istedi.<br \/>\nK\u0131zlarla hangi il\u00e7elerden geldikleri hakk\u0131nda da tek tek sohbet eden Ba\u015fkan Se\u00e7er, B\u00fcy\u00fck\u015fehir Belediyesi&#8217;nin \u00e7al\u0131\u015fmalar\u0131 hakk\u0131ndaki d\u00fc\u015f\u00fcncelerini sormas\u0131 \u00fczerine sporcu k\u0131zlar, &#8220;Mersin, her ge\u00e7en g\u00fcn daha \u00e7ok geli\u015fiyor&#8221; de\u011ferlendirmesini yapt\u0131. Sporcu k\u0131zlar\u0131n taleplerini de dinleyen Ba\u015fkan Se\u00e7er, \u00f6n\u00fcm\u00fczdeki g\u00fcnlerde &#8220;K\u0131r \u00c7i\u00e7ekleri&#8221; ile kahvalt\u0131 i\u00e7in s\u00f6zle\u015fti.<br \/>\n&#8220;Memleketimize faydal\u0131 birer birey olmak i\u00e7in burada \u00e7aba sarf ediyorlar&#8221;<br \/>\nSporcu k\u0131zlar\u0131n sevincini g\u00f6rmekten b\u00fcy\u00fck keyif ald\u0131\u011f\u0131n\u0131 ifade eden Ba\u015fkan Se\u00e7er, ziyaretin ard\u0131ndan &#8220;K\u0131r \u00c7i\u00e7ekleri&#8221; Projesi&#8217;ne dair konu\u015ftu. Se\u00e7er, \u015funlar\u0131 s\u00f6yledi:<br \/>\n&#8220;Burada 35 sporcu k\u0131z\u0131m\u0131z var. Mersin&#8217;imizin farkl\u0131 il\u00e7elerinden ve mahallelerinden gelen k\u0131zlar\u0131m\u0131z. A\u011f\u0131rl\u0131kl\u0131 olarak atletizm, halter, tekvando e\u011fitimi al\u0131yorlar. Amac\u0131m\u0131z; bu \u00e7i\u00e7eklerimizi ke\u015ffedip il\u00e7elerinden, mahallelerinden bulup \u00e7\u0131karmak ve onlara her anlamda e\u011fitim vermek. Sadece spor de\u011fil, iyi bir birey olarak yeti\u015fmelerini sa\u011flayacak her konuda e\u011fitim almalar\u0131n\u0131 sa\u011fl\u0131yoruz. Misafirhanemizde kal\u0131yorlar. Buraya \u00e7ok yak\u0131n bir ilk\u00f6\u011fretim okulumuza gidiyorlar. \u0130ki haftada bir de hafta sonu ailelerini ziyarete gidiyorlar. K\u0131zlar\u0131m\u0131zla konu\u015ftuk, daha \u00e7ok buray\u0131 tercih ediyorlar. Demek ki, burada bir arada son derece mutlular. Burada hem spor hem okul sonras\u0131 kendilerine katk\u0131 sa\u011flayacak alanlarda da e\u011fitim al\u0131yorlar. Ba\u015fta ailelerine ve memleketimize faydal\u0131 birer birey olmak i\u00e7in burada \u00e7aba sarf ediyorlar. Bir de tabi ki \u00fclkemizi tan\u0131tacak, bizi gururland\u0131racak uluslararas\u0131 ba\u015far\u0131lar elde eden sporcular olurlarsa bu da \u00e7ok harika bir mutluluk olur bizim i\u00e7in.&#8221;<br \/>\n&#8220;K\u0131r \u00c7i\u00e7ekleri&#8221;, kendi yapt\u0131klar\u0131 el eme\u011fi ke\u00e7eden \u00fcr\u00fcnleri Ba\u015fkan Se\u00e7er&#8217;e,  &#8220;2023 y\u0131l\u0131nda size \u015fans getirsin&#8221; dile\u011fi ile takdim etti. Ba\u015fkan Se\u00e7er, sporcu k\u0131zlar\u0131n dile\u011fi \u00fczerine, &#8220;\u015eans bana gelirse, Mersin&#8217;e gelmi\u015f olur&#8221; dedi. Keyifli ziyaret, \u00e7ektirilen hat\u0131ra foto\u011fraf\u0131n\u0131n ard\u0131ndan sona erdi.<\/p>\n","protected":false},"excerpt":{"rendered":"<p>Mersin B\u00fcy\u00fck\u015fehir Belediye Ba\u015fkan\u0131 Vahap Se\u00e7er, gelece\u011fe ba\u015far\u0131lar yazd\u0131rma hedefi ile b\u00fcy\u00fcyen K\u0131r \u00c7i\u00e7ekleri&#8217;ni Macit \u00d6zcan Spor Kompleksi i\u00e7erisinde yat\u0131l\u0131 kald\u0131klar\u0131 K\u0131r \u00c7i\u00e7ekleri Sporcu Yeti\u015ftirme Merkezi&#8217;nde yakla\u015fan yeni y\u0131l \u00f6ncesinde &hellip; <a href=\"https:\/\/akdenizolaygazetesi.com\/?p=23053\" class=\"more-link\">Devam\u0131n\u0131 Oku&#8230;<\/a><\/p>\n","protected":false},"author":2,"featured_media":23054,"comment_status":"open","ping_status":"open","sticky":false,"template":"","format":"standard","meta":[],"categories":[1,2,3],"tags":[],"_links":{"self":[{"href":"https:\/\/akdenizolaygazetesi.com\/index.php?rest_route=\/wp\/v2\/posts\/23053"}],"collection":[{"href":"https:\/\/akdenizolaygazetesi.com\/index.php?rest_route=\/wp\/v2\/posts"}],"about":[{"href":"https:\/\/akdenizolaygazetesi.com\/index.php?rest_route=\/wp\/v2\/types\/post"}],"author":[{"embeddable":true,"href":"https:\/\/akdenizolaygazetesi.com\/index.php?rest_route=\/wp\/v2\/users\/2"}],"replies":[{"embeddable":true,"href":"https:\/\/akdenizolaygazetesi.com\/index.php?rest_route=%2Fwp%2Fv2%2Fcomments&post=23053"}],"version-history":[{"count":1,"href":"https:\/\/akdenizolaygazetesi.com\/index.php?rest_route=\/wp\/v2\/posts\/23053\/revisions"}],"predecessor-version":[{"id":23055,"href":"https:\/\/akdenizolaygazetesi.com\/index.php?rest_route=\/wp\/v2\/posts\/23053\/revisions\/23055"}],"wp:featuredmedia":[{"embeddable":true,"href":"https:\/\/akdenizolaygazetesi.com\/index.php?rest_route=\/wp\/v2\/media\/23054"}],"wp:attachment":[{"href":"https:\/\/akdenizolaygazetesi.com\/index.php?rest_route=%2Fwp%2Fv2%2Fmedia&parent=23053"}],"wp:term":[{"taxonomy":"category","embeddable":true,"href":"https:\/\/akdenizolaygazetesi.com\/index.php?rest_route=%2Fwp%2Fv2%2Fcategories&post=23053"},{"taxonomy":"post_tag","embeddable":true,"href":"https:\/\/akdenizolaygazetesi.com\/index.php?rest_route=%2Fwp%2Fv2%2Ftags&post=23053"}],"curies":[{"name":"wp","href":"https:\/\/api.w.org\/{rel}","templated":true}]}}