{"id":23068,"date":"2022-12-23T13:16:58","date_gmt":"2022-12-23T10:16:58","guid":{"rendered":"http:\/\/akdenizolaygazetesi.com\/?p=23068"},"modified":"2022-12-23T13:16:58","modified_gmt":"2022-12-23T10:16:58","slug":"baskan-secer-halkkent-sosyal-yasam-merkezinin-acilisina-katildi","status":"publish","type":"post","link":"https:\/\/akdenizolaygazetesi.com\/?p=23068","title":{"rendered":"BA\u015eKAN SE\u00c7ER, HALKKENT SOSYAL YA\u015eAM MERKEZ\u0130&#8217;N\u0130N A\u00c7ILI\u015eINA KATILDI"},"content":{"rendered":"<p>Mersin B\u00fcy\u00fck\u015fehir Belediye Ba\u015fkan\u0131 Vahap Se\u00e7er, e\u015fi Meral Se\u00e7er ile birlikte Mersin B\u00fcy\u00fck\u015fehir Belediyesi taraf\u0131ndan Toroslar&#8217;da yap\u0131m\u0131 tamamlanan Halkkent Sosyal Ya\u015fam Merkezi&#8217;nin a\u00e7\u0131l\u0131\u015f\u0131n\u0131 ger\u00e7ekle\u015ftirdi. \u0130\u00e7erisinde kre\u015f, dershane, mesleki e\u011fitim, emekli evi, okuma salonu, taziye evi bulunan Halkken Sosyal Ya\u015fam Merkezi, Mersin B\u00fcy\u00fck\u015fehir Belediyesi&#8217;nin, &#8220;Mersin Y\u00fckseliyor, 41 Kere M\u00fcjde, 41 Yeni A\u00e7\u0131l\u0131\u015f&#8221; mottosuyla ba\u015flatt\u0131\u011f\u0131 a\u00e7\u0131l\u0131\u015flar\u0131n \u00fc\u00e7\u00fcnc\u00fcs\u00fc oldu.<br \/>\n&#8220;Arkam\u0131zda sadece adaletli davranan bir h\u00fck\u00fcmet olursa, bak\u0131n bakal\u0131m Mersin&#8217;de neler olacak&#8221;<br \/>\n&#8220;Mersin seninle gurur duyuyor&#8221; sloganlar\u0131 aras\u0131nda konu\u015fmak \u00fczere platforma \u00e7\u0131kan Ba\u015fkan Vahap Se\u00e7er, &#8220;Ben de Mersinlilerle gurur duyuyorum&#8221; dedi. Halkkent Sosyal Ya\u015fam Merkezi&#8217;nin a\u00e7\u0131l\u0131\u015f\u0131na kat\u0131lan CHP Genel Ba\u015fkan Yard\u0131mc\u0131lar\u0131 Fethi A\u00e7\u0131kel ve B\u00fclent Ku\u015fo\u011flu&#8217;na, CHP Yoksulluk ve Dayan\u0131\u015fma Ofisi Koordinat\u00f6r\u00fc Hacer Foggo&#8217;ya, protokole, muhtarlara ve etkinlikte yer alan t\u00fcm vatanda\u015flara kat\u0131l\u0131mlar\u0131 i\u00e7in te\u015fekk\u00fcr eden Ba\u015fkan Se\u00e7er, &#8220;Biz biliyorsunuz, b\u00f6yle \u00e7ok alayla valayla a\u00e7\u0131l\u0131\u015f yapm\u0131yoruz. Biz sonu\u00e7 adam\u0131y\u0131z. Yap\u0131yoruz, \u00e7\u0131k\u0131yoruz&#8221; vurgusunu yapt\u0131.<br \/>\nG\u00f6rev s\u00fcresinde 4&#8217;\u00fcnc\u00fc y\u0131l\u0131n dolmak \u00fczere oldu\u011funu an\u0131msatan Ba\u015fkan Se\u00e7er, &#8220;Biz pek b\u00f6yle yapt\u0131\u011f\u0131m\u0131z hizmetleri vatanda\u015f\u0131m\u0131za g\u00f6sterme imkan\u0131 bulmad\u0131k. A\u00e7\u0131k\u00e7as\u0131 a\u00e7\u0131l\u0131\u015flar yapmad\u0131k. Mersin&#8217;e 4 tane katl\u0131 kav\u015fak yapt\u0131k bug\u00fcne kadar ama sadece birinin a\u00e7\u0131l\u0131\u015f\u0131n\u0131 yapt\u0131k. Yapt\u0131\u011f\u0131m\u0131z i\u015fleri \u00e7ok b\u00fcy\u00fctm\u00fcyoruz. Neden biliyor musunuz? Mersin ve T\u00fcrkiye bunlar\u0131n \u00e7ok daha iyisine lay\u0131k&#8221; diye konu\u015ftu. Her t\u00fcrl\u00fc zorlu ko\u015fula ra\u011fmen Mersin&#8217;e hizmette asla topal \u00f6rdek olmad\u0131klar\u0131n\u0131 ve di\u011fer bir tabirle taz\u0131 gibi ko\u015ftuklar\u0131n\u0131 ifade eden Ba\u015fkan Se\u00e7er, &#8220;Mutlaka demokrasi tecelli edecek, halk\u0131n iradesi hakim \u00e7\u0131kacak. Benim partim iktidar oldu\u011fu zaman, benim Belediye Ba\u015fkanl\u0131\u011f\u0131mda, Mersinliler bakal\u0131m daha ne hizmetler g\u00f6recek. Bunu t\u00fcm samimiyetimle s\u00f6yl\u00fcyorum. Bu kadar darlanarak, bu kadar aya\u011f\u0131m\u0131zdan \u00e7ekilerek, bu kadar engellemelere ra\u011fmen, k\u0131l\u0131 k\u0131rk yararak, \u015fapkadan tav\u015fan \u00e7\u0131kararak, bunlar\u0131 yapabiliyorsak demek ki arkam\u0131zda adaletli bir bak\u0131\u015f a\u00e7\u0131s\u0131 olursa, sadece adaletli davranan bir h\u00fck\u00fcmet olursa, bak\u0131n bakal\u0131m Mersin&#8217;de neler olacak&#8221; dedi.<br \/>\n&#8220;Kamu hizmetlerine \u015f\u00f6yle bir dokunmam\u0131\u015f binlerce aile var&#8221;<br \/>\nG\u00f6reve ilk geldiklerinde \u00f6nceledikleri hizmetlerin ba\u015f\u0131nda sosyal politikalar geldi\u011fini s\u00f6yleyen Ba\u015fkan Se\u00e7er, &#8220;Mersin&#8217;in sosyoekonomik olarak birden fazla y\u00fcz\u00fc var&#8221; vurgusu yaparak Mersin&#8217;in hem vars\u0131l hem de paralel \u015fekilde yoksul bir\u00e7ok insan\u0131n ya\u015fad\u0131\u011f\u0131 bir kent oldu\u011funu vurgulad\u0131. Kamu hizmetlerinden \u015fu ana kadar hi\u00e7 yararlanmam\u0131\u015f y\u00fczlerce ailenin varl\u0131\u011f\u0131na dikkat \u00e7eken Ba\u015fkan Se\u00e7er, ihtiya\u00e7 sahibi vatanda\u015flar i\u00e7in hayata ge\u00e7irdi\u011fi projelerden dolay\u0131 baz\u0131 kesimlerden ele\u015ftiri ald\u0131\u011f\u0131n\u0131 da an\u0131msatt\u0131. Se\u00e7er, &#8220;Bize &#8216;\u00c7orbac\u0131 Ba\u015fkan&#8217; dediler. Vars\u0131n desinler. Dedik ki, \u00f6nce insanlar\u0131n midesine, duygular\u0131na, ac\u0131s\u0131na bakal\u0131m. Ac\u0131s\u0131 olan, karn\u0131 a\u00e7 olan, huzursuz olan, k\u0131\u015f\u0131n \u00fc\u015f\u00fcyen, hastas\u0131 olan bir insan\u0131n, yol, kav\u015fak, g\u00fczel g\u00fczel parklar umurunda olmaz. Benim olmaz. \u00d6nce can\u0131ma bakar\u0131m, karn\u0131m doyuruyor mu? \u00c7ocuklar\u0131m\u0131n karn\u0131 doyuyor mu? Hastam tedavi g\u00f6r\u00fcyor mu? K\u0131\u015f\u0131n evim \u0131s\u0131n\u0131yor mu? Mutfakta tencerem doluyor mu? Tok a\u00e7\u0131n halinden anlamazsa, hele hele o \u00fclkenin y\u00f6neticisi a\u00e7\u0131n halinden anlamazsa, vay o \u00fclkenin vatanda\u015f\u0131na&#8221; ifadelerini kulland\u0131.<br \/>\n&#8220;Biz sizlere hizmet i\u00e7in geldik&#8221;<br \/>\n\u00c7e\u015fitli alanlarda Mersin&#8217;e de\u011fer katan \u00f6nemli hizmetlerinin oldu\u011funu s\u00f6yleyen Ba\u015fkan Se\u00e7er, &#8220;Biz biliyorsunuz; kimsenin siyasi g\u00f6r\u00fc\u015f\u00fcne, mezhebine, me\u015frebine, b\u00f6lgesine, paras\u0131na, puluna bakmay\u0131z. Allah bilsin bakmay\u0131z. Genetik kodlar\u0131m\u0131z da yok. D\u00fcnya g\u00f6r\u00fc\u015f\u00fcm\u00fczde yok. Partimizin anlay\u0131\u015f\u0131nda yok. Olsayd\u0131; Ulu \u00d6nder Mustafa Kemal Atat\u00fcrk, &#8216;Cumhuriyet, bilhassa kimsesizlerin kimsesidir&#8217; demezdi. Bizim anlay\u0131\u015f\u0131m\u0131zda yok ama ben ayr\u0131mc\u0131y\u0131m. Ben &#8216;kad\u0131n, \u00e7ocuk, ya\u015f alm\u0131\u015f yurtta\u015f&#8217; dendi mi ayr\u0131mc\u0131y\u0131m. Onlara pozitif ayr\u0131mc\u0131l\u0131k yapar\u0131m. Ben Belediye Ba\u015fkan\u0131 olarak; kentin abisiysem, babas\u0131ysam, karde\u015fiysem \u00f6nce onlara bakaca\u011f\u0131m. Her \u015fey yol de\u011fil, hep s\u00f6yl\u00fcyorum. Her \u015fey imar rant\u0131 de\u011fil, bizim defterimizde yazmaz zaten \u00f6yle \u015feyler. Biz sizler i\u00e7in geldik, biz &#8216;kentimize bir \u015fey katabilir miyiz&#8217;, onun i\u00e7in geldik&#8221; dedi.<br \/>\n&#8220;Buradan sonra Hal Tesislerimizi a\u00e7aca\u011f\u0131z&#8221;<br \/>\n20 bin n\u00fcfuslu il\u00e7e h\u00fcviyetinde olan Halkkent Mahallesi&#8217;ne \u00e7ok g\u00fczel bir Merkez kazand\u0131rd\u0131klar\u0131n\u0131 dile getiren Ba\u015fkan Se\u00e7er, Halkkent Sosyal Ya\u015fam Merkezi&#8217;nin her a\u015famas\u0131n\u0131n yak\u0131ndan takip etti\u011fini ve her a\u015famas\u0131n\u0131n \u00f6zenli ve kaliteli ilerledi\u011fini anlatt\u0131. A\u00e7\u0131l\u0131\u015flar\u0131 pe\u015f pe\u015fe s\u00fcrd\u00fcreceklerini ifade eden Ba\u015fkan Se\u00e7er, &#8220;Buradan sonra Hal Tesislerimizi a\u00e7aca\u011f\u0131z. Kurdali Mahallesi&#8217;nde 4 ay i\u00e7erisinde temeli at\u0131lacak olan bu emsalde bir merkez yapaca\u011f\u0131z. Yine Alsancak Mahallesi&#8217;nde yapaca\u011f\u0131z. Orada yap\u0131lacak olan alan\u0131n \u00fczerinde hukuki engeller var, onu kald\u0131rmaya \u00e7al\u0131\u015f\u0131yorlar. Art arda gelecek ama burada b\u00fct\u00fcn birimler var. Kre\u015f, Taziye Evi, Kad\u0131n At\u00f6lyesi, Dershane, Okuma Salonu; burada her \u015fey var. Burada yok yok ama biz baz\u0131 birimlere ayr\u0131 ayr\u0131 da a\u00e7\u0131yoruz&#8221; dedi.<br \/>\n&#8220;E\u011fitim olmazsa T\u00fcrkiye bir ad\u0131m mesafe alamaz&#8221;<br \/>\nBa\u015fkan Se\u00e7er, e\u011fitimi \u00e7ok \u00f6nemsediklerini ve bu y\u00f6nde projeler geli\u015ftirmeye devam ettiklerini belirtti. Se\u00e7er, &#8220;E\u011fitim olmazsa bo\u015fa konu\u015fuyoruz. E\u011fitim olmazsa \u00e7ocuklar\u0131m\u0131z\u0131 e\u011fitemezsek, bo\u015fa konu\u015fuyoruz. T\u00fcrkiye bir ad\u0131m mesafe alamaz. Her zaman s\u00f6yl\u00fcyorum. E\u011fitim \u00f6nemli. Biz bilinmeyen ger\u00e7ekleri \u00e7\u0131kartaca\u011f\u0131z. Vatanda\u015f\u0131m b\u00f6yle bir anlay\u0131\u015fa oy vermemeli. Vatanda\u015f\u0131m bana somut ne vereceksin? &#8216;Ben vergi veriyorum.&#8217; demeli. &#8216;Yolumu yapacak m\u0131s\u0131n?&#8217; &#8216;Asgari \u00fccreti medeni bir insan\u0131n ya\u015fayaca\u011f\u0131 d\u00fczeye getirecek misin?&#8217; &#8216;Bana toplu konut yapacak m\u0131s\u0131n?&#8217; &#8216;\u00c7ocu\u011fum iyi bir okulda e\u011fitim g\u00f6recek mi?&#8217; &#8216;Sanatsal faaliyetler olacak m\u0131?&#8217; &#8216;T\u00fcrkiye d\u00fcnyada sayg\u0131n bir \u00fclke olacak m\u0131?&#8217; Vatanda\u015f\u0131m bizden bunu beklemeli. Herkesin dinine, iman\u0131na, giyimine sayg\u0131l\u0131y\u0131z. Hele hele bir Belediye Ba\u015fkan\u0131 bunlar\u0131 a\u011fz\u0131na bile almamal\u0131. Biz herkesi kucakl\u0131yoruz. T\u00fcm Mersinliler, herkes benim karde\u015fimdir&#8221; dedi.<br \/>\n&#8220;12 bin 23 \u00f6\u011frencimizin e\u011fitim desteklerinin birinci taksiti bu ak\u015fam itibariyle hesaplar\u0131nda olacak&#8221;<br \/>\nSe\u00e7er, B\u00fcy\u00fck\u015fehir&#8217;in \u00fcniversite \u00f6\u011frencilerinin yararland\u0131\u011f\u0131 e\u011fitim ve \u00f6\u011fretim destekleri ile ilgili, &#8220;E\u011fitim deyince 12 bin 23 \u00f6\u011frencimiz bu y\u0131l Mersin&#8217;den \u00fcniversiteyi kazanan \u00f6\u011frencilerimiz. Daha fazlas\u0131 var ama bize m\u00fcracaat eden 12 bin 23 \u00f6\u011frencimizin e\u011fitim desteklerinin birinci taksiti bu ak\u015fam itibariyle hesaplar\u0131nda olacak. Onlara mutlu y\u0131llar diliyorum. Ba\u015far\u0131l\u0131 y\u0131llar diliyorum, g\u00fcle g\u00fcle harcas\u0131nlar&#8221; ifadelerini kulland\u0131.<br \/>\n&#8220;Erkek \u00d6\u011frenci Yurdumuzu haftaya a\u00e7\u0131yoruz&#8221;<br \/>\nGelecek hafta merkezde yer alan Erkek \u00d6\u011frenci Yurdu&#8217;nun a\u00e7\u0131l\u0131\u015f\u0131n\u0131 yapacaklar\u0131n\u0131 s\u00f6yleyen Ba\u015fkan Se\u00e7er,  &#8220;G\u00fclnar&#8217;da 128 yatakl\u0131 hem k\u0131zlar\u0131m\u0131z i\u00e7in hem erkek \u00f6\u011frenciler i\u00e7in a\u00e7m\u0131\u015ft\u0131k. G\u00fclnar Toroslar&#8217;\u0131n tepesi, Karaman&#8217;\u0131n s\u0131n\u0131r\u0131. \u00d6nemli olan e\u011fitimde f\u0131rsat e\u015fitli\u011fi. Gelir d\u00fczeyi d\u00fc\u015f\u00fck olan yurtta\u015flara dokunmak. Bak\u0131n G\u00fclnar&#8217;da yurt a\u00e7t\u0131k. Hani se\u00e7imde \u00e7ok konu\u015fmu\u015flard\u0131 ya &#8216;Bunlara oy vermeyin, bunlar\u0131n zihniyeti farkl\u0131&#8217; diye. \u015eimdi G\u00fcnarl\u0131, Mutlu, Bozyaz\u0131l\u0131, Anamurlu, Silifkeli, Erdemlili biliyor ki; bu adamlar\u0131n b\u00f6yle bir derdi yok. Bu adamlar\u0131n derdi her yere hizmet etmek. \u015eimdi anlad\u0131lar.  \u0130kinci yurdumuz Merkez&#8217;deki eski \u00fcniversite hastanesi. 120 yatakl\u0131 \u00e7ok muazzam bir yurt oldu.  Burada Say\u0131n Genel Ba\u015fkan Yard\u0131mc\u0131lar\u0131m\u0131z\u0131n da duymas\u0131n\u0131 istiyorum. \u0130nan\u0131lmaz derecede kamu binas\u0131 at\u0131l bir \u015fekilde duruyor. Gereksiz bir \u015fekilde bunlar orada dururken belediyeler de yeni bina yap\u0131yor. Neden biliyor musunuz? Kurumlar aras\u0131nda bu koordinasyon sa\u011flanam\u0131yor. Yani benim 10 tane, 20 tane binam var, &#8216;di\u011fer kurumlar\u0131n ihtiyac\u0131 varsa als\u0131n&#8217; diye bir \u015fey yok. Biz bu yurt yerini, \u00fcniversitemizden Say\u0131n Rekt\u00f6r Hocam\u0131zdan o zaman talep ettik, ikilemedi. E\u011fitime \u00f6nem veren bir ki\u015fili\u011fi var. Biz bu yurdu yapt\u0131\u011f\u0131m\u0131z gibi orada i\u015flevsel olmayan, at\u0131l olan bir kamu kayna\u011f\u0131n\u0131 da harekete ge\u00e7irmi\u015f olduk. Yani bir ta\u015fla iki ku\u015f vurmu\u015f olduk&#8221; diye konu\u015ftu. Ba\u015fkan Se\u00e7er, B\u00fcy\u00fck\u015fehir&#8217;in 17 E\u011fitim ve \u00d6\u011fretimi Destekleme Kurs Merkezinde yakla\u015f\u0131k 6 bin 500 \u00f6\u011frencinin 296 \u00f6\u011fretmen e\u015fli\u011finde e\u011fitim \u00e7al\u0131\u015fmalar\u0131n\u0131n devam etti\u011fini de anlatt\u0131.<br \/>\nSe\u00e7er, Halkkent Sosyal Ya\u015fam Merkezi&#8217;nde bir Emekli Evi de oldu\u011funu belirterek, &#8220;Emeklilerimiz her \u015feye lay\u0131k. Hayat\u0131n\u0131n en g\u00fczel g\u00fcnlerinde \u00e7al\u0131\u015facaks\u0131n, \u00e7ocu\u011funu b\u00fcy\u00fcteceksin, \u00fclke ekonomisine katk\u0131 sunacaks\u0131n sonra da na\u011fmerde muhta\u00e7 olacaks\u0131n. Bunu vicdanen kabul etmek m\u00fcmk\u00fcn de\u011fil. Buradan da emeklilerimize selam olsun&#8221; dedi. Merkez&#8217;de verilecek kurslar\u0131n detaylar\u0131n\u0131 payla\u015fan Ba\u015fkan Se\u00e7er, &#8220;Onun i\u00e7in evde bak\u0131m hizmetlerimizi geli\u015ftirerek s\u00fcrd\u00fcr\u00fcyoruz. 13 il\u00e7emizde ya\u015f alm\u0131\u015f yurtta\u015flar\u0131m\u0131z kimseye muhta\u00e7 olmas\u0131n. Bak\u0131n \u0130ngilizce kursu, hasta ya\u015fl\u0131 bak\u0131m, t\u0131rnak s\u00fcsleme ve makyaj kurslar\u0131 verilecek burada. Yine T\u00fcrk\u00e7e e\u011fitimleri de. Haldeki tesisimizde ise, bizim meslek edindirme kurslar\u0131 kapsam\u0131nda otob\u00fcs \u015fof\u00f6r\u00fc, ki\u015fisel geli\u015fim ve ilk yard\u0131m kurslar\u0131 ba\u015fl\u0131yor. B\u00fct\u00fcn vatanda\u015flar\u0131ma duyuruyorum&#8221; diye konu\u015ftu.<br \/>\n&#8220;Adres Okuma Salonu&#8217;nu \u00f6n\u00fcm\u00fczdeki haftalarda a\u00e7aca\u011f\u0131z&#8221;<br \/>\nOkuma salonlar\u0131 a\u00e7t\u0131klar\u0131n\u0131 ve say\u0131s\u0131n\u0131 her ge\u00e7en g\u00fcn art\u0131rd\u0131klar\u0131n\u0131 belirten Ba\u015fkan Se\u00e7er, Adres Okuma Salonu&#8217;nu \u00f6n\u00fcm\u00fczdeki g\u00fcnlerde a\u00e7acaklar\u0131n\u0131 s\u00f6yleyerek, &#8220;Okuma salonumuz, Adres Okuma Salonu&#8217;nu g\u00f6rd\u00fcn\u00fcz m\u00fc? K\u00fclt\u00fcrpark&#8217;ta denize naz\u0131r, 24 saat a\u00e7\u0131k. \u00d6n\u00fcm\u00fczdeki haftalarda a\u00e7\u0131l\u0131\u015f\u0131n\u0131 yapaca\u011f\u0131z. \u015eu anda faaliyete ba\u015flad\u0131k ama a\u00e7\u0131l\u0131\u015f\u0131n\u0131 hen\u00fcz yapmad\u0131k. Burada da bir okuma salonu var. Toplamda bu 9&#8217;uncusu oluyor. Her yerde var. Bunun say\u0131s\u0131n\u0131 da artt\u0131raca\u011f\u0131z. \u015eunu tespit ettik; \u00e7ocuklar\u0131m\u0131z\u0131n evleri, o mekanlar\u0131 rahat ders \u00e7al\u0131\u015fmaya uygun de\u011fil. Onun i\u00e7in her il\u00e7ede, \u00f6zellikle dezavantajl\u0131 mahallelerde 3,5 liraya yemek yiyebilecekleri Mahalle Mutfaklar\u0131&#8217;n\u0131, \u00e7ama\u015f\u0131rlar\u0131n\u0131 bedava y\u0131kayacaklar\u0131 \u00c7ama\u015f\u0131r Kafeleri&#8217;ni a\u00e7t\u0131k. \u00d6\u011frencilerimizin derslerini okuma salonlar\u0131nda, \u00fccretsiz \u00e7ay kahve i\u00e7erek yapmalar\u0131n\u0131 istiyoruz&#8221; diye belirtti.<br \/>\nT\u00fcm Mersinlilerin Ba\u015fkan\u0131 oldu\u011funu s\u00f6zlerine ekleyerek konu\u015fmas\u0131n\u0131 sonland\u0131ran Ba\u015fkan Se\u00e7er, &#8220;Ben Cumhuriyet Halk Partili bir Belediye Ba\u015fkan\u0131y\u0131m. Bunu onurla s\u00f6yl\u00fcyorum ama herkesin belediye ba\u015fkan\u0131y\u0131m. Mersinliler benden mutluysa, T\u00fcrkiye&#8217;de ya\u015fayanlar da bizim iktidar\u0131m\u0131zdan mutlu olacak&#8221; diye belirtti.<br \/>\nKu\u015fo\u011flu: &#8220;B\u00fcy\u00fck\u015fehir Belediye Ba\u015fkan\u0131m\u0131z \u00e7ok de\u011ferli hizmetler veriyor&#8221;<br \/>\nCHP Genel Ba\u015fkan Yard\u0131mc\u0131s\u0131 B\u00fclent Ku\u015fo\u011flu da, h\u0131zla b\u00fcy\u00fcyen Mersin&#8217;in bu tarz tesislere ihtiyac\u0131 oldu\u011funu belirterek, bu a\u00e7\u0131\u011f\u0131 g\u00f6ren ve ona g\u00f6re hizmet yapan Ba\u015fkan Se\u00e7er&#8217;i tebrik etti. Ku\u015fo\u011flu, &#8220;Ben ilk defa bir muhtar\u0131n a\u00e7\u0131l\u0131\u015fta konu\u015fma yapt\u0131\u011f\u0131n\u0131 da g\u00f6r\u00fcyorum. Say\u0131n Ba\u015fkan tebrik ederim, ne kadar g\u00fczel. \u00c7\u00fcnk\u00fc muhtarlar do\u011frudan do\u011fruya halka temsil ediyor, halk ad\u0131na konu\u015fmu\u015f oldu muhtar\u0131m\u0131z. Say\u0131n Genel Ba\u015fkan\u0131m K\u0131l\u0131\u00e7daro\u011flu&#8217;nun selam ve sayg\u0131lar\u0131n\u0131 iletiyorum. Burada bulunmaktan ger\u00e7ekten \u00e7ok mutluyum, \u00e7ok g\u00fczel bir g\u00fcn, \u00e7ok g\u00fczel bir a\u00e7\u0131l\u0131\u015f. 41 kere m\u00fcjde, 41 yeni a\u00e7\u0131l\u0131\u015f diyor. 3&#8217;\u00fcnc\u00fc a\u00e7\u0131l\u0131\u015fm\u0131\u015f. 41 kere ma\u015fallah. \u0130n\u015fallah bundan sonra b\u00f6yle devam edecek. Bundan sonra 38 a\u00e7\u0131l\u0131\u015f s\u00f6z konusu olacak. Spor Tesisleri de in\u015fallah bundan sonra devreye girer. \u00c7ok ihtiyac\u0131m\u0131z var. T\u00fcrkiye, \u015fehirleri ile h\u0131zla kentle\u015fen bir \u00fclke. Mersin&#8217;de T\u00fcrkiye&#8217;deki a\u015fa\u011f\u0131 yukar\u0131 20 k\u00fcsur metropolden bir tanesi. \u00c7ok fazla n\u00fcfus al\u0131yor. K\u00f6ylerden, ba\u015fka \u015fehirlerden h\u0131zl\u0131 bir g\u00f6\u00e7 var Mersin&#8217;e. Dolay\u0131s\u0131yla Mersin s\u00fcrekli olarak b\u00fcy\u00fcyor. Bu t\u00fcr tesislere \u00e7ok ihtiya\u00e7 var. B\u00fcy\u00fck\u015fehir Belediye Ba\u015fkan\u0131m\u0131z bunu g\u00f6rm\u00fc\u015f. \u00c7ok de\u011ferli hizmetler veriyor. Biz de Ankara&#8217;dan takip ediyoruz. Ger\u00e7ekten de kendisiyle gurur duyuyoruz&#8221; diye belirtti. Halkkent Sosyal Ya\u015fam Merkezi&#8217;nin her yerde \u00f6rnek olmas\u0131n\u0131 temenni eden Ku\u015fo\u011flu, &#8220;Belediyecilik demokrasinin en somutla\u015ft\u0131\u011f\u0131 aland\u0131r. Halk\u0131n do\u011frudan do\u011fruya taleplerinin aktar\u0131ld\u0131\u011f\u0131, ihtiya\u00e7lar\u0131n\u0131n g\u00f6r\u00fcld\u00fc\u011f\u00fc, nokta at\u0131\u015f yap\u0131labildi\u011fi yerdir. Burada da b\u00f6yle ihtiya\u00e7lar tespit edilmi\u015f ki bu kompleks bina da \u00e7ok g\u00fczel. Kre\u015ften taziye evine kadar her \u015fey var. \u0130n\u015fallah bu t\u00fcr yat\u0131r\u0131mlar her yerde \u00f6rnek olur, her yerde bu t\u00fcr yat\u0131r\u0131mlar, projeler yap\u0131l\u0131r. Ben de burada olmaktan \u00e7ok b\u00fcy\u00fck mutluluk duydum&#8221; ifadelerini kulland\u0131.<br \/>\nA\u00e7\u0131kel: &#8220;Vahap Ba\u015fkan Ankara&#8217;da b\u00fcy\u00fck takdirle, sevgiyle ve g\u0131ptayla izleniyor&#8221;<br \/>\nCHP Genel Ba\u015fkan Yard\u0131mc\u0131s\u0131 Fethi A\u00e7\u0131kel, Ba\u015fkan Vahap Se\u00e7er&#8217;in projelerinin Ankara&#8217;da g\u0131ptayla izlendi\u011fini belirterek, &#8220;Genel Ba\u015fkan\u0131m\u0131z Say\u0131n Kemal K\u0131l\u0131\u00e7daro\u011flu&#8217;nun Ankara&#8217;dan size s\u0131cac\u0131k selamlar\u0131m\u0131 ve sayg\u0131lar\u0131m\u0131 g\u00f6nderiyorum. Aynas\u0131 i\u015ftir ki\u015finin lafa bak\u0131lmaz. Vahap Ba\u015fkan\u0131m, B\u00fcy\u00fck\u015fehir Belediye Ba\u015fkanl\u0131\u011f\u0131&#8217;n\u0131 kazand\u0131\u011f\u0131 g\u00fcnden bu tarafa durmadan b\u00fcy\u00fck bir fedakarl\u0131kla b\u00fcy\u00fck bir \u00e7al\u0131\u015fkanl\u0131kla ve sizlerin deste\u011fi ve samimi sevgileri ile Tarsus&#8217;tan Anamur&#8217;a, Silifke&#8217;den Mut&#8217;a, G\u00fclnar&#8217;a, Bozyaz\u0131&#8217;ya; t\u00fcm merkez il\u00e7elerimizden Toroslar&#8217;a kadar hizmet g\u00f6t\u00fcr\u00fcyor. Ankara&#8217;da b\u00fcy\u00fck takdirle, sevgiyle ve g\u0131ptayla izleniyor. Onu bilmenizi isterim&#8221; diye konu\u015ftu. Tesisin, \u00e7ocuklar, emekliler, gen\u00e7ler ve ya\u015fl\u0131lar i\u00e7in olduk\u00e7a \u00f6nemli oldu\u011funu s\u00f6zlerine ekleyen A\u00e7\u0131kel, &#8220;\u00c7ocuklar\u0131m\u0131z bizim i\u00e7in \u00e7ok \u00f6nemli. \u00c7ocuklar\u0131n okullarda a\u00e7 kalmamas\u0131, iyi e\u011fitim almas\u0131, kre\u015flerine eri\u015fimi, gen\u00e7lerimizin gelece\u011fe umutla bakabilmeleri, emeklilerimizin ayn\u0131 \u015fekilde onurlu bir emeklilik ya\u015fayabilmeleri bizler i\u00e7in \u00e7ok \u00f6nemli. Bu bina ve buna benzer binalar Mersin&#8217;in her yerinde a\u00e7\u0131lacak. &#8217;41 kere ma\u015fallah&#8217; diyorum. Daha a\u00e7\u0131l\u0131\u015flar devam edecek san\u0131yorum. Vahap Ba\u015fkan\u0131m\u0131za, eme\u011fi ge\u00e7en t\u00fcm belediye ekibine sayg\u0131lar\u0131m\u0131, selamlar\u0131m\u0131 sunuyorum&#8221; ifadelerini kulland\u0131.<br \/>\n&#8220;\u00c7ocuklar yoksulluktan kurtulursa yeti\u015fkin olduklar\u0131nda babalar\u0131ndan, annelerinden o yoksulluk miras\u0131n\u0131 almayacaklar&#8221;<br \/>\nCHP Yoksulluk Dayan\u0131\u015fma Ofisi Koordinat\u00f6r\u00fc Hacer Foggo, Mersin B\u00fcy\u00fck\u015fehir&#8217;in sosyal projeler ile vatanda\u015flara dokundu\u011funu ifade ederek, &#8220;Biraz \u00f6nce Muhtar Bey konu\u015furken dedi ki; &#8216;Buras\u0131 emek\u00e7ilerin il\u00e7esi. Burada onurlu emek\u00e7iler ya\u015f\u0131yor.&#8217; Ger\u00e7ekten emek\u00e7iler onurludur. Bug\u00fcn asgari \u00fccret a\u00e7\u0131kland\u0131 biz yolda gelirken. Maalesef ki yine a\u00e7l\u0131k s\u0131n\u0131r\u0131nda ya\u015famaya devam edecek o emek\u00e7iler. Ama b\u00f6yle projelerle bu \u00e7ocuklar\u0131n buraya gitmesiyle bu projelerin \u00fccretsiz ve halka a\u00e7\u0131k olmas\u0131yla bu onuru ya\u015fatmaya Vahap Ba\u015fkan\u0131m devam ediyorsunuz. Di\u011fer projeleri de g\u00f6rd\u00fcm. Mahallelerde Mahalle Mutfaklar\u0131 var. Bir kre\u015fi gezdik. \u0130mkan\u0131 olmayan \u00e7ocuklar\u0131n mahallelerinde eri\u015filebilir kre\u015flerin olmas\u0131, okullar\u0131n olmas\u0131, et\u00fct merkezlerinin olmas\u0131,  \u00f6zellikle \u00e7ocuk projeleri \u00e7ok \u00f6nemli diye d\u00fc\u015f\u00fcn\u00fcyorum. \u00c7\u00fcnk\u00fc \u00e7ocuklar yoksulluktan kurtulursa yeti\u015fkin olduklar\u0131nda babalar\u0131ndan, annelerinden o yoksulluk miras\u0131n\u0131 almayacaklar. O y\u00fczden binlerce kez te\u015fekk\u00fcr ederim&#8221; dedi.<br \/>\n&#8220;Mersin B\u00fcy\u00fck\u015fehir Belediyemiz tam bir hizmet maratonu ger\u00e7ekle\u015ftiriyor&#8221;<br \/>\nCHP Mersin \u0130l Ba\u015fkan\u0131 Adil Aktay, Mersin B\u00fcy\u00fck\u015fehir&#8217;in her kesime ula\u015facak projeleri bir bir hayata ge\u00e7irdi\u011fini belirterek, &#8220;Mersin B\u00fcy\u00fck\u015fehir Belediyemiz tam bir hizmet maratonu ger\u00e7ekle\u015ftiriyor. \u0130craat \u00fcst\u00fcne icraat yap\u0131yor. Her g\u00fcn Mersinimizin ba\u015fka bir b\u00f6lgesine yeni bir hizmet g\u00f6t\u00fcr\u00fcyor. Hi\u00e7bir ayr\u0131mc\u0131l\u0131k yapmadan toplumun her kesimine ula\u015f\u0131yor, e\u015fit ve adil hizmet g\u00f6t\u00fcr\u00fcyor. 7&#8217;den 70&#8217;e t\u00fcm yurtta\u015flar\u0131m\u0131z\u0131n hayat\u0131na g\u00fczellikler, kolayl\u0131klar katacak olan Halkkent Sosyal Ya\u015fam Merkezi&#8217;nin hay\u0131rl\u0131 u\u011furlu olmas\u0131n\u0131 diliyorum&#8221; dedi.<br \/>\nMersin B\u00fcy\u00fck\u015fehir Belediyesi Sosyal Hizmetler Dairesi Ba\u015fkan\u0131 Engin Y\u0131ld\u0131r\u0131m ise konu\u015fmas\u0131nda kentin sosyal hizmetlerine hizmet edecek bir tesisin a\u00e7\u0131l\u0131\u015f\u0131n\u0131n ger\u00e7ekle\u015ftirdiklerini belirterek, &#8220;Halkkent Sosyal Ya\u015fam Merkezi&#8217;mizde kre\u015fimize gelen \u00f6\u011frencilerimizden emeklilerimize kadar her ya\u015f grubunun ihtiya\u00e7lar\u0131na hizmet edecek bir tesis olu\u015fturduk. Sosyal Ya\u015fam merkezimizde YKS ve LGS haz\u0131rl\u0131k merkezlerimiz Mercek mesleki edindirme kurs merkezimiz, taziye evimiz, okuma salonumuz, emekli evimiz ve \u00e7ocuk geli\u015fim merkezimiz vard\u0131r. Bu bina hepimiz i\u00e7in hay\u0131rl\u0131 olsun&#8221; diye konu\u015ftu.<\/p>\n<p>Halkkent Mahallesi Muhtar\u0131 Mehmet \u00c7etin, mahallesinin emekli ve emek\u00e7i vatanda\u015flar\u0131n yo\u011fun olarak ya\u015fad\u0131\u011f\u0131 bir b\u00f6lge oldu\u011funu s\u00f6yledi. Ba\u015fkan Vahap Se\u00e7er&#8217;den taziye evi istedi\u011fini ancak Ba\u015fkan Se\u00e7er&#8217;in yapt\u0131\u011f\u0131 incelemenin ard\u0131ndan sosyal ya\u015fam merkezi yap\u0131lmas\u0131n\u0131n daha uygun olaca\u011f\u0131n\u0131 s\u00f6yledi\u011fini aktaran Muhtar \u00c7etin &#8220;Ba\u015fkan\u0131m\u0131z burada emekli ve emek\u00e7i insanlar\u0131n oldu\u011fu i\u00e7in &#8216;Daha geni\u015f kapsamda d\u00fc\u015f\u00fcnelim&#8217; dedi. B\u00f6yle devasa bir bina yapt\u0131&#8221; dedi.<\/p>\n<p> Konu\u015fmalar\u0131n ard\u0131ndan Halkkent Mahalle Muhtar\u0131 Mehmet \u00c7etin Ba\u015fkan Se\u00e7er&#8217;e mahalleye kazand\u0131rd\u0131\u011f\u0131 hizmetler i\u00e7in te\u015fekk\u00fcr ederek, plaket takdim etti. Ba\u015fkan Se\u00e7er, protokol \u00fcyeleri ile birlikte Merkez&#8217;in a\u00e7\u0131l\u0131\u015f kurdelesini keserek Merkez&#8217;i gezdi. Ba\u015fkan Se\u00e7er&#8217;i ilgiyle kar\u015f\u0131layan Merkez&#8217;deki \u00f6\u011frenciler hizmetler i\u00e7in te\u015fekk\u00fcr etti.<\/p>\n","protected":false},"excerpt":{"rendered":"<p>Mersin B\u00fcy\u00fck\u015fehir Belediye Ba\u015fkan\u0131 Vahap Se\u00e7er, e\u015fi Meral Se\u00e7er ile birlikte Mersin B\u00fcy\u00fck\u015fehir Belediyesi taraf\u0131ndan Toroslar&#8217;da yap\u0131m\u0131 tamamlanan Halkkent Sosyal Ya\u015fam Merkezi&#8217;nin a\u00e7\u0131l\u0131\u015f\u0131n\u0131 ger\u00e7ekle\u015ftirdi. \u0130\u00e7erisinde kre\u015f, dershane, mesleki e\u011fitim, emekli &hellip; <a href=\"https:\/\/akdenizolaygazetesi.com\/?p=23068\" class=\"more-link\">Devam\u0131n\u0131 Oku&#8230;<\/a><\/p>\n","protected":false},"author":2,"featured_media":23069,"comment_status":"open","ping_status":"open","sticky":false,"template":"","format":"standard","meta":[],"categories":[1,2,3,5],"tags":[],"_links":{"self":[{"href":"https:\/\/akdenizolaygazetesi.com\/index.php?rest_route=\/wp\/v2\/posts\/23068"}],"collection":[{"href":"https:\/\/akdenizolaygazetesi.com\/index.php?rest_route=\/wp\/v2\/posts"}],"about":[{"href":"https:\/\/akdenizolaygazetesi.com\/index.php?rest_route=\/wp\/v2\/types\/post"}],"author":[{"embeddable":true,"href":"https:\/\/akdenizolaygazetesi.com\/index.php?rest_route=\/wp\/v2\/users\/2"}],"replies":[{"embeddable":true,"href":"https:\/\/akdenizolaygazetesi.com\/index.php?rest_route=%2Fwp%2Fv2%2Fcomments&post=23068"}],"version-history":[{"count":1,"href":"https:\/\/akdenizolaygazetesi.com\/index.php?rest_route=\/wp\/v2\/posts\/23068\/revisions"}],"predecessor-version":[{"id":23070,"href":"https:\/\/akdenizolaygazetesi.com\/index.php?rest_route=\/wp\/v2\/posts\/23068\/revisions\/23070"}],"wp:featuredmedia":[{"embeddable":true,"href":"https:\/\/akdenizolaygazetesi.com\/index.php?rest_route=\/wp\/v2\/media\/23069"}],"wp:attachment":[{"href":"https:\/\/akdenizolaygazetesi.com\/index.php?rest_route=%2Fwp%2Fv2%2Fmedia&parent=23068"}],"wp:term":[{"taxonomy":"category","embeddable":true,"href":"https:\/\/akdenizolaygazetesi.com\/index.php?rest_route=%2Fwp%2Fv2%2Fcategories&post=23068"},{"taxonomy":"post_tag","embeddable":true,"href":"https:\/\/akdenizolaygazetesi.com\/index.php?rest_route=%2Fwp%2Fv2%2Ftags&post=23068"}],"curies":[{"name":"wp","href":"https:\/\/api.w.org\/{rel}","templated":true}]}}