{"id":23080,"date":"2022-12-23T13:24:01","date_gmt":"2022-12-23T10:24:01","guid":{"rendered":"http:\/\/akdenizolaygazetesi.com\/?p=23080"},"modified":"2022-12-23T13:24:01","modified_gmt":"2022-12-23T10:24:01","slug":"eren-ailesinin-evine-baskin-duzenlenerek-gozaltina-alinmasinin-nedenleri-nelerdir","status":"publish","type":"post","link":"https:\/\/akdenizolaygazetesi.com\/?p=23080","title":{"rendered":"&#8216;Eren ailesinin evine bask\u0131n d\u00fczenlenerek g\u00f6zalt\u0131na al\u0131nmas\u0131n\u0131n nedenleri nelerdir?&#8217;"},"content":{"rendered":"<p>HDP Mersin Milletvekili, Ekonomi ve Tar\u0131m Politikalar\u0131ndan Sorumlu E\u015f Genel Ba\u015fkan Yard\u0131mc\u0131s\u0131 Dr. R\u0131dvan, Mersin\u2019de ya\u015fayan Eren ailesinin evinin s\u00fcrekli polisler taraf\u0131ndan bas\u0131lmas\u0131n\u0131 TBMM g\u00fcndemine ta\u015f\u0131d\u0131.<br \/>\nHDP Mersin Milletvekili Dr. R\u0131dvan Turan, konuyla ilgili \u0130\u00e7i\u015fleri Bakan\u0131 S\u00fcleyman Soylu\u2019nun yan\u0131tlamas\u0131 i\u00e7in soru \u00f6nergesi verdi.<br \/>\nDr. R\u0131dvan Turan soru \u00f6nergesinde \u015funlar\u0131 s\u00f6yledi: \u201cMersin\u2019in Akdeniz il\u00e7esi, G\u00fcne\u015f mahallesinde ikamet eden dengbej Ramazan Eren, e\u015fi Emine Eren ve \u00e7ocuklar\u0131 Ferhat Eren isimli yurtta\u015flar\u0131n evlerine d\u00fczenli olarak polisler taraf\u0131ndan bask\u0131n yap\u0131lmaktad\u0131r. Mersin emniyet g\u00f6revlileri, d\u00fczenli aral\u0131klarla Eren ailesinin evine sabah erken saatlerinde bask\u0131n yapmaktad\u0131r. Evde biri %90 di\u011feri %50 engelli raporu olan bir ya\u015fl\u0131 ve bir gen\u00e7 yurtta\u015f\u0131m\u0131z ba\u015fta olmak \u00fczere Eren ailesi bu bask\u0131nlardan ma\u011fdur olduklar\u0131n\u0131 ifade etmektedir. Ayr\u0131ca Eren ailesi, emniyet g\u00f6revlilerinin ellerinde su\u00e7 te\u015fkil edebilecek bir delil olmadan s\u00fcrekli g\u00f6zalt\u0131na al\u0131n\u0131p serbest b\u0131rak\u0131lmalar\u0131n\u0131n insan hakk\u0131 ihlali oldu\u011funu savunmaktad\u0131r. \u0130\u00e7i\u015fleri Bakanl\u0131\u011f\u0131 Eren ailesi \u00fczerindeki emniyet birimlerinin bask\u0131s\u0131n\u0131 ortadan kald\u0131rma konusunda ivedilikle ad\u0131m atmal\u0131d\u0131r.\u201d<\/p>\n<p>Dr. R\u0131dvan Turan \u00f6nergesinde \u015fu sorulara yer verdi:<br \/>\n1)\tEren ailesinin evine bask\u0131n d\u00fczenlenerek g\u00f6zalt\u0131na al\u0131nmas\u0131n\u0131n nedenleri nelerdir?<br \/>\n2)\tEren ailesinin evlerine bask\u0131n d\u00fczenlenerek g\u00f6zalt\u0131na al\u0131n\u0131p serbest b\u0131rak\u0131lmalar\u0131 hakk\u0131nda Bakanl\u0131\u011f\u0131n\u0131z\u0131n herhangi bir bilgisi var m\u0131d\u0131r?<br \/>\n3)\tEren ailesinin s\u00fcrekli g\u00f6zalt\u0131na al\u0131nmas\u0131nda; Ramazan Eren\u2019in K\u00fcrt halk ozan\u0131 olarak bilinen dengbej olmas\u0131 ve Emine Eren\u2019in bar\u0131\u015f annesi olmas\u0131yla bir ilgisi var m\u0131d\u0131r?<\/p>\n","protected":false},"excerpt":{"rendered":"<p>HDP Mersin Milletvekili, Ekonomi ve Tar\u0131m Politikalar\u0131ndan Sorumlu E\u015f Genel Ba\u015fkan Yard\u0131mc\u0131s\u0131 Dr. R\u0131dvan, Mersin\u2019de ya\u015fayan Eren ailesinin evinin s\u00fcrekli polisler taraf\u0131ndan bas\u0131lmas\u0131n\u0131 TBMM g\u00fcndemine ta\u015f\u0131d\u0131. HDP Mersin Milletvekili Dr. &hellip; <a href=\"https:\/\/akdenizolaygazetesi.com\/?p=23080\" class=\"more-link\">Devam\u0131n\u0131 Oku&#8230;<\/a><\/p>\n","protected":false},"author":2,"featured_media":23081,"comment_status":"open","ping_status":"open","sticky":false,"template":"","format":"standard","meta":[],"categories":[3,6],"tags":[],"_links":{"self":[{"href":"https:\/\/akdenizolaygazetesi.com\/index.php?rest_route=\/wp\/v2\/posts\/23080"}],"collection":[{"href":"https:\/\/akdenizolaygazetesi.com\/index.php?rest_route=\/wp\/v2\/posts"}],"about":[{"href":"https:\/\/akdenizolaygazetesi.com\/index.php?rest_route=\/wp\/v2\/types\/post"}],"author":[{"embeddable":true,"href":"https:\/\/akdenizolaygazetesi.com\/index.php?rest_route=\/wp\/v2\/users\/2"}],"replies":[{"embeddable":true,"href":"https:\/\/akdenizolaygazetesi.com\/index.php?rest_route=%2Fwp%2Fv2%2Fcomments&post=23080"}],"version-history":[{"count":1,"href":"https:\/\/akdenizolaygazetesi.com\/index.php?rest_route=\/wp\/v2\/posts\/23080\/revisions"}],"predecessor-version":[{"id":23082,"href":"https:\/\/akdenizolaygazetesi.com\/index.php?rest_route=\/wp\/v2\/posts\/23080\/revisions\/23082"}],"wp:featuredmedia":[{"embeddable":true,"href":"https:\/\/akdenizolaygazetesi.com\/index.php?rest_route=\/wp\/v2\/media\/23081"}],"wp:attachment":[{"href":"https:\/\/akdenizolaygazetesi.com\/index.php?rest_route=%2Fwp%2Fv2%2Fmedia&parent=23080"}],"wp:term":[{"taxonomy":"category","embeddable":true,"href":"https:\/\/akdenizolaygazetesi.com\/index.php?rest_route=%2Fwp%2Fv2%2Fcategories&post=23080"},{"taxonomy":"post_tag","embeddable":true,"href":"https:\/\/akdenizolaygazetesi.com\/index.php?rest_route=%2Fwp%2Fv2%2Ftags&post=23080"}],"curies":[{"name":"wp","href":"https:\/\/api.w.org\/{rel}","templated":true}]}}