{"id":23089,"date":"2022-12-24T15:56:53","date_gmt":"2022-12-24T12:56:53","guid":{"rendered":"http:\/\/akdenizolaygazetesi.com\/?p=23089"},"modified":"2022-12-24T15:56:53","modified_gmt":"2022-12-24T12:56:53","slug":"turkiyenin-en-genc-caz-piyanisti-mersinlilerle-bulustu","status":"publish","type":"post","link":"https:\/\/akdenizolaygazetesi.com\/?p=23089","title":{"rendered":"T\u00dcRK\u0130YE&#8217;N\u0130N EN GEN\u00c7 CAZ P\u0130YAN\u0130ST\u0130 MERS\u0130NL\u0130LERLE BULU\u015eTU"},"content":{"rendered":"<p>Mersin B\u00fcy\u00fck\u015fehir Belediyesi, k\u00fclt\u00fcr ve sanat alan\u0131na verdi\u011fi desteklerini s\u00fcrd\u00fcr\u00fcyor. Mersin B\u00fcy\u00fck\u015fehir Belediyesi&#8217;nin de destekleriyle Akdeniz Opera ve Bale Kul\u00fcb\u00fc (AKOB) taraf\u0131ndan, kentte muhte\u015fem bir konsere imza at\u0131ld\u0131. T\u00fcrkiye&#8217;nin en gen\u00e7 Caz Piyanisti Hakan Ba\u015far, AKOB \u00f6nc\u00fcl\u00fc\u011f\u00fcnde Mersin&#8217;de unutulmaz bir konser verdi.<\/p>\n<p>Mersinliler m\u00fczi\u011fe doydu<\/p>\n<p>Piyanoda Hakan Ba\u015far, kontrabasta Paolo Benedettini ve davulda Ruben Bellavia&#8217;n\u0131n sahne ald\u0131\u011f\u0131 konsere kat\u0131lan Mersinliler m\u00fczi\u011fe doydu. M\u00fczikseverler, Mersin K\u00fclt\u00fcr Merkezi&#8217;nde d\u00fczenlenen konser ile keyifli bir ak\u015fam ge\u00e7irme f\u0131rsat\u0131 bulurken, Hakan Ba\u015far Trio; caz, blues, latin caz, soul caz, gospel ve post bop tarz\u0131 par\u00e7alar\u0131yla Mersinlileri mest etti.<\/p>\n<p>Tarlakazan: &#8220;Uluslararas\u0131 bir projenin T\u00fcrkiye aya\u011f\u0131 ilk defa Mersin&#8217;de ger\u00e7ekle\u015fiyor&#8221;<\/p>\n<p>Akdeniz Opera ve Bale Kul\u00fcb\u00fc Ba\u015fkan\u0131 Demet \u015eaman Tarlakazan, AKOB olarak \u00e7ok \u00f6zel bir grubu Mersinlilerle bulu\u015fturduklar\u0131ndan s\u00f6z ederek, &#8220;Hakan, T\u00fcrkiye&#8217;nin en gen\u00e7 caz piyanisti ve d\u00fcnya \u00e7ap\u0131nda bir yetene\u011fi var. D\u00fcnyadan de\u011ferli m\u00fczisyenlerle \u00e7almakta ve onlardan davetler almakta. Bu ak\u015famki programda da, uluslararas\u0131 bir projenin T\u00fcrkiye aya\u011f\u0131 ilk defa Mersin&#8217;de ger\u00e7ekle\u015fiyor. Bunun \u015f\u00f6yle bir anlam\u0131 var; \u0130talya ve T\u00fcrkiye aras\u0131nda, m\u00fczik yoluyla bir k\u00f6pr\u00fc kurman\u0131n da ifadesi olacak&#8221; dedi.<\/p>\n<p>Tarlakazan, bu konseri ger\u00e7ekle\u015ftirmek i\u00e7in Mersin&#8217;in \u00e7ok de\u011ferli kurumlar\u0131ndan destekler ald\u0131klar\u0131n\u0131 da belirterek, &#8220;K\u00fclt\u00fcr ve Turizm Bakanl\u0131\u011f\u0131, Mersin \u0130l K\u00fclt\u00fcr M\u00fcd\u00fcrl\u00fc\u011f\u00fc, Mersin B\u00fcy\u00fck\u015fehir Belediyesi, Mersin Kent Konseyi, Mersin Devlet Opera ve Balesi, Agob Zilleri ve Zuhal M\u00fczik&#8217;ten \u00f6nemli destekler ald\u0131k. Bu; sivil toplumla kentin kurum ve kurulu\u015flar\u0131n\u0131n diyaloglar\u0131 sonucunda ger\u00e7ekle\u015fti. Umar\u0131m bu diyalog ileride daha da geni\u015fleyerek devam eder ve Mersin, k\u00fclt\u00fcr sanat alan\u0131nda nitelikli birikimlerini, b\u00f6ylesi ulusal ve uluslararas\u0131 projelerle geli\u015ftirme ve yeni katk\u0131lar sa\u011flama f\u0131rsat\u0131 elde eder&#8221; diye konu\u015ftu.<\/p>\n<p>Ba\u015far: &#8220;8 ya\u015f\u0131mdan beri caz m\u00fczikle u\u011fra\u015f\u0131yorum&#8221;<\/p>\n<p>Mersinlilere m\u00fczik ziyafeti veren Hakan Ba\u015far da, &#8220;8 ya\u015f\u0131mdan beri caz m\u00fczikle u\u011fra\u015f\u0131yorum. Ayn\u0131 zamanda Caz piyanistiyim. AKOB&#8217;un d\u00fczenledi\u011fi bu ak\u015fam i\u00e7in \u00e7ok te\u015fekk\u00fcr ederim&#8221; ifadelerini kulland\u0131.<\/p>\n","protected":false},"excerpt":{"rendered":"<p>Mersin B\u00fcy\u00fck\u015fehir Belediyesi, k\u00fclt\u00fcr ve sanat alan\u0131na verdi\u011fi desteklerini s\u00fcrd\u00fcr\u00fcyor. Mersin B\u00fcy\u00fck\u015fehir Belediyesi&#8217;nin de destekleriyle Akdeniz Opera ve Bale Kul\u00fcb\u00fc (AKOB) taraf\u0131ndan, kentte muhte\u015fem bir konsere imza at\u0131ld\u0131. T\u00fcrkiye&#8217;nin en &hellip; <a href=\"https:\/\/akdenizolaygazetesi.com\/?p=23089\" class=\"more-link\">Devam\u0131n\u0131 Oku&#8230;<\/a><\/p>\n","protected":false},"author":2,"featured_media":23090,"comment_status":"open","ping_status":"open","sticky":false,"template":"","format":"standard","meta":[],"categories":[3],"tags":[],"_links":{"self":[{"href":"https:\/\/akdenizolaygazetesi.com\/index.php?rest_route=\/wp\/v2\/posts\/23089"}],"collection":[{"href":"https:\/\/akdenizolaygazetesi.com\/index.php?rest_route=\/wp\/v2\/posts"}],"about":[{"href":"https:\/\/akdenizolaygazetesi.com\/index.php?rest_route=\/wp\/v2\/types\/post"}],"author":[{"embeddable":true,"href":"https:\/\/akdenizolaygazetesi.com\/index.php?rest_route=\/wp\/v2\/users\/2"}],"replies":[{"embeddable":true,"href":"https:\/\/akdenizolaygazetesi.com\/index.php?rest_route=%2Fwp%2Fv2%2Fcomments&post=23089"}],"version-history":[{"count":1,"href":"https:\/\/akdenizolaygazetesi.com\/index.php?rest_route=\/wp\/v2\/posts\/23089\/revisions"}],"predecessor-version":[{"id":23091,"href":"https:\/\/akdenizolaygazetesi.com\/index.php?rest_route=\/wp\/v2\/posts\/23089\/revisions\/23091"}],"wp:featuredmedia":[{"embeddable":true,"href":"https:\/\/akdenizolaygazetesi.com\/index.php?rest_route=\/wp\/v2\/media\/23090"}],"wp:attachment":[{"href":"https:\/\/akdenizolaygazetesi.com\/index.php?rest_route=%2Fwp%2Fv2%2Fmedia&parent=23089"}],"wp:term":[{"taxonomy":"category","embeddable":true,"href":"https:\/\/akdenizolaygazetesi.com\/index.php?rest_route=%2Fwp%2Fv2%2Fcategories&post=23089"},{"taxonomy":"post_tag","embeddable":true,"href":"https:\/\/akdenizolaygazetesi.com\/index.php?rest_route=%2Fwp%2Fv2%2Ftags&post=23089"}],"curies":[{"name":"wp","href":"https:\/\/api.w.org\/{rel}","templated":true}]}}