{"id":23092,"date":"2022-12-24T15:58:31","date_gmt":"2022-12-24T12:58:31","guid":{"rendered":"http:\/\/akdenizolaygazetesi.com\/?p=23092"},"modified":"2022-12-24T15:58:31","modified_gmt":"2022-12-24T12:58:31","slug":"tarsus-ataturk-genclik-parkinda-tuvalet-ve-diger-ortak-kullanim-alanlarinda-tahribat-yaratildi","status":"publish","type":"post","link":"https:\/\/akdenizolaygazetesi.com\/?p=23092","title":{"rendered":"TARSUS ATAT\u00dcRK GEN\u00c7L\u0130K PARKI&#8217;NDA TUVALET VE D\u0130\u011eER ORTAK KULLANIM ALANLARINDA TAHR\u0130BAT YARATILDI"},"content":{"rendered":"<p>Mersin B\u00fcy\u00fck\u015fehir Belediyesi taraf\u0131ndan tamamen yenilenen ve ge\u00e7ti\u011fimiz g\u00fcnlerde halk\u0131n hizmetine sunulan Tarsus Atat\u00fcrk Gen\u00e7lik Park\u0131&#8217;nda bulunan ortak kullan\u0131m alanlar\u0131na, \u00e7irkin sald\u0131r\u0131lar ger\u00e7ekle\u015ftirildi.<\/p>\n<p>Y\u00fcr\u00fcy\u00fc\u015f pistinden \u00e7ocuk oyun ve spor alanlar\u0131na kadar, do\u011fal ortam\u0131yla her g\u00fcn bir\u00e7ok vatanda\u015f\u0131n ziyaret etti\u011fi Atat\u00fcrk Gen\u00e7lik Park\u0131&#8217;nda yeni in\u015fa edilen tuvaletlere zarar verildi. Tuvaletlerin kap\u0131 cam\u0131n\u0131 k\u0131ran kimli\u011fi belirsiz \u015fah\u0131s veya \u015fah\u0131slar, yine tuvalet giri\u015findeki e\u015fik ta\u015f\u0131n\u0131 da yerinden s\u00f6kt\u00fc.<\/p>\n<p>Park i\u00e7erisinde bulunan baz\u0131 spor aletlerinin aparatlar\u0131na da zarar verildi\u011fi g\u00f6r\u00fclen \u00e7irkin sald\u0131r\u0131larda, ayn\u0131 \u015fekilde \u00e7ocuk oyun gruplar\u0131nda da tahribat yarat\u0131ld\u0131. B\u00fcy\u00fck\u015fehir Belediyesi ekipleri, tahribatlar\u0131n ortadan kalkmas\u0131 i\u00e7in \u00e7al\u0131\u015fma ba\u015flatt\u0131.<\/p>\n<p>Geride kalan g\u00fcnlerde de yine Mersin B\u00fcy\u00fck\u015fehir Belediyesi&#8217;nin sorumlulu\u011funda bulunan Tarsus K\u00fclt\u00fcr Park, \u00d6t\u00fcken Vadi Park ve Berdan Baraj\u0131 mesire alan\u0131 b\u00f6lgesinde de tuvaletlere zarar verme ve h\u0131rs\u0131zl\u0131k olaylar\u0131 ger\u00e7ekle\u015fmi\u015fti.<\/p>\n","protected":false},"excerpt":{"rendered":"<p>Mersin B\u00fcy\u00fck\u015fehir Belediyesi taraf\u0131ndan tamamen yenilenen ve ge\u00e7ti\u011fimiz g\u00fcnlerde halk\u0131n hizmetine sunulan Tarsus Atat\u00fcrk Gen\u00e7lik Park\u0131&#8217;nda bulunan ortak kullan\u0131m alanlar\u0131na, \u00e7irkin sald\u0131r\u0131lar ger\u00e7ekle\u015ftirildi. Y\u00fcr\u00fcy\u00fc\u015f pistinden \u00e7ocuk oyun ve spor alanlar\u0131na &hellip; <a href=\"https:\/\/akdenizolaygazetesi.com\/?p=23092\" class=\"more-link\">Devam\u0131n\u0131 Oku&#8230;<\/a><\/p>\n","protected":false},"author":2,"featured_media":23093,"comment_status":"open","ping_status":"open","sticky":false,"template":"","format":"standard","meta":[],"categories":[1,2,3,5],"tags":[],"_links":{"self":[{"href":"https:\/\/akdenizolaygazetesi.com\/index.php?rest_route=\/wp\/v2\/posts\/23092"}],"collection":[{"href":"https:\/\/akdenizolaygazetesi.com\/index.php?rest_route=\/wp\/v2\/posts"}],"about":[{"href":"https:\/\/akdenizolaygazetesi.com\/index.php?rest_route=\/wp\/v2\/types\/post"}],"author":[{"embeddable":true,"href":"https:\/\/akdenizolaygazetesi.com\/index.php?rest_route=\/wp\/v2\/users\/2"}],"replies":[{"embeddable":true,"href":"https:\/\/akdenizolaygazetesi.com\/index.php?rest_route=%2Fwp%2Fv2%2Fcomments&post=23092"}],"version-history":[{"count":1,"href":"https:\/\/akdenizolaygazetesi.com\/index.php?rest_route=\/wp\/v2\/posts\/23092\/revisions"}],"predecessor-version":[{"id":23094,"href":"https:\/\/akdenizolaygazetesi.com\/index.php?rest_route=\/wp\/v2\/posts\/23092\/revisions\/23094"}],"wp:featuredmedia":[{"embeddable":true,"href":"https:\/\/akdenizolaygazetesi.com\/index.php?rest_route=\/wp\/v2\/media\/23093"}],"wp:attachment":[{"href":"https:\/\/akdenizolaygazetesi.com\/index.php?rest_route=%2Fwp%2Fv2%2Fmedia&parent=23092"}],"wp:term":[{"taxonomy":"category","embeddable":true,"href":"https:\/\/akdenizolaygazetesi.com\/index.php?rest_route=%2Fwp%2Fv2%2Fcategories&post=23092"},{"taxonomy":"post_tag","embeddable":true,"href":"https:\/\/akdenizolaygazetesi.com\/index.php?rest_route=%2Fwp%2Fv2%2Ftags&post=23092"}],"curies":[{"name":"wp","href":"https:\/\/api.w.org\/{rel}","templated":true}]}}