{"id":23098,"date":"2022-12-24T16:02:05","date_gmt":"2022-12-24T13:02:05","guid":{"rendered":"http:\/\/akdenizolaygazetesi.com\/?p=23098"},"modified":"2022-12-24T16:02:05","modified_gmt":"2022-12-24T13:02:05","slug":"batur-gunes-mahallesinde-baris-kardeslik-var","status":"publish","type":"post","link":"https:\/\/akdenizolaygazetesi.com\/?p=23098","title":{"rendered":"Batur; \u201cG\u00fcne\u015f Mahallesi\u2019nde bar\u0131\u015f, karde\u015flik var\u201d"},"content":{"rendered":"<p>Ba\u015fkan G\u00fcltak, belediye taraf\u0131ndan tamamen yenilenerek vatanda\u015flar\u0131n hizmetine sunulan G\u00fcne\u015f Mahallesi pazar soka\u011f\u0131n\u0131 ziyaret etti, esnaf ve vatanda\u015flarla bir araya geldi. Pazar tezg\u00e2h\u0131na ge\u00e7erek sat\u0131\u015f da yapan Ba\u015fkan G\u00fcltak, bir kahvede vatanda\u015flar\u0131n masas\u0131na da oturup 101 okey oynad\u0131. <\/p>\n<p>Mahalle ziyaretlerini s\u00fcrd\u00fcren Akdeniz Belediye Ba\u015fkan\u0131 M. Mustafa G\u00fcltak\u2019\u0131n son dura\u011f\u0131, G\u00fcne\u015f Mahallesi Pazar Soka\u011f\u0131 oldu. Ziyarete AK Parti Akdeniz \u0130l\u00e7e Ba\u015fkan\u0131 Emin Gen, ba\u015fkan yard\u0131mc\u0131lar\u0131, Meclis \u00fcyeleri, Mersin Pazarc\u0131lar Esnaf Odas\u0131 Ba\u015fkan\u0131 Abdulhalim Batur ile G\u00fcne\u015f Mahalle Muhtar\u0131 Nezir El\u00e7i de e\u015flik etti. Her ya\u015ftan vatanda\u015f\u0131n b\u00fcy\u00fck ilgi g\u00f6sterdi\u011fi Ba\u015fkan G\u00fcltak, \u00f6zellikle k\u00fc\u00e7\u00fck \u00e7ocuklarla yak\u0131ndan ilgilendi. Esnaf ve al\u0131\u015fveri\u015fe \u00e7\u0131kan vatanda\u015flarla sohbet eden Ba\u015fkan G\u00fcltak, talep veya \u015fik\u00e2yetleri olup olmad\u0131\u011f\u0131n\u0131 sordu. <\/p>\n<p>Batur; \u201cG\u00fcne\u015f Mahallesi\u2019nde bar\u0131\u015f, karde\u015flik var\u201d<\/p>\n<p>Pazarc\u0131 esnaf\u0131 ve G\u00fcne\u015f Mahallesi\u2019ne sundu\u011fu hizmetler nedeniyle Ba\u015fkan G\u00fcltak\u2019a te\u015fekk\u00fcr eden Mersin Pazarc\u0131lar Esnaf Odas\u0131 Ba\u015fkan\u0131 Abdulhalim Batur; \u201c\u00c7ok \u015f\u00fck\u00fcr ki gezdi\u011fimiz pazarda esnaf\u0131n ve halk\u0131n y\u00fcz\u00fc g\u00fcl\u00fcyor. G\u00fcne\u015f Mahallesi\u2019nde bar\u0131\u015f var, karde\u015flik var. Bundan dolay\u0131 Say\u0131n G\u00fcltak\u2019a; esnaf\u0131m ve mahalle halk\u0131 ad\u0131na te\u015fekk\u00fcr eder, \u015f\u00fckranlar\u0131m\u0131 sunar\u0131m\u201d dedi.<\/p>\n<p>Ba\u015fkan G\u00fcltak; \u201cHer zaman halk\u0131m\u0131z\u0131n i\u00e7indeyiz\u201d<\/p>\n<p>Ba\u015fkan G\u00fcltak da ziyarete ili\u015fkin yapt\u0131\u011f\u0131 a\u00e7\u0131klamada; \u201cG\u00f6reve geldi\u011fimiz ilk g\u00fcnden beri sahaday\u0131z, halk\u0131m\u0131zla i\u00e7 i\u00e7eyiz. Bug\u00fcn de G\u00fcne\u015f Mahallesi Cuma pazar\u0131nda al\u0131\u015fveri\u015fe \u00e7\u0131kan ailelerimiz ve sat\u0131\u015f yapan esnaf\u0131m\u0131zla sohbet ettik, \u00e7e\u015fitli isteklerini dinledik. G\u00f6rd\u00fc\u011f\u00fcm kadar\u0131yla vatanda\u015flar\u0131m\u0131z\u0131n memnuniyeti fazla ve pazarda da g\u00f6n\u00fcllerince al\u0131\u015fveri\u015f yap\u0131yorlar. Mahalle ve esnaf ziyaretlerimiz kesintisiz devam edecek. Herkese selamlar ve sayg\u0131lar sunuyorum\u201d \u015feklinde konu\u015ftu. <\/p>\n","protected":false},"excerpt":{"rendered":"<p>Ba\u015fkan G\u00fcltak, belediye taraf\u0131ndan tamamen yenilenerek vatanda\u015flar\u0131n hizmetine sunulan G\u00fcne\u015f Mahallesi pazar soka\u011f\u0131n\u0131 ziyaret etti, esnaf ve vatanda\u015flarla bir araya geldi. Pazar tezg\u00e2h\u0131na ge\u00e7erek sat\u0131\u015f da yapan Ba\u015fkan G\u00fcltak, bir &hellip; <a href=\"https:\/\/akdenizolaygazetesi.com\/?p=23098\" class=\"more-link\">Devam\u0131n\u0131 Oku&#8230;<\/a><\/p>\n","protected":false},"author":2,"featured_media":23099,"comment_status":"open","ping_status":"open","sticky":false,"template":"","format":"standard","meta":[],"categories":[34,2,3,5],"tags":[],"_links":{"self":[{"href":"https:\/\/akdenizolaygazetesi.com\/index.php?rest_route=\/wp\/v2\/posts\/23098"}],"collection":[{"href":"https:\/\/akdenizolaygazetesi.com\/index.php?rest_route=\/wp\/v2\/posts"}],"about":[{"href":"https:\/\/akdenizolaygazetesi.com\/index.php?rest_route=\/wp\/v2\/types\/post"}],"author":[{"embeddable":true,"href":"https:\/\/akdenizolaygazetesi.com\/index.php?rest_route=\/wp\/v2\/users\/2"}],"replies":[{"embeddable":true,"href":"https:\/\/akdenizolaygazetesi.com\/index.php?rest_route=%2Fwp%2Fv2%2Fcomments&post=23098"}],"version-history":[{"count":1,"href":"https:\/\/akdenizolaygazetesi.com\/index.php?rest_route=\/wp\/v2\/posts\/23098\/revisions"}],"predecessor-version":[{"id":23100,"href":"https:\/\/akdenizolaygazetesi.com\/index.php?rest_route=\/wp\/v2\/posts\/23098\/revisions\/23100"}],"wp:featuredmedia":[{"embeddable":true,"href":"https:\/\/akdenizolaygazetesi.com\/index.php?rest_route=\/wp\/v2\/media\/23099"}],"wp:attachment":[{"href":"https:\/\/akdenizolaygazetesi.com\/index.php?rest_route=%2Fwp%2Fv2%2Fmedia&parent=23098"}],"wp:term":[{"taxonomy":"category","embeddable":true,"href":"https:\/\/akdenizolaygazetesi.com\/index.php?rest_route=%2Fwp%2Fv2%2Fcategories&post=23098"},{"taxonomy":"post_tag","embeddable":true,"href":"https:\/\/akdenizolaygazetesi.com\/index.php?rest_route=%2Fwp%2Fv2%2Ftags&post=23098"}],"curies":[{"name":"wp","href":"https:\/\/api.w.org\/{rel}","templated":true}]}}