{"id":23108,"date":"2022-12-25T15:08:54","date_gmt":"2022-12-25T12:08:54","guid":{"rendered":"http:\/\/akdenizolaygazetesi.com\/?p=23108"},"modified":"2022-12-25T15:08:54","modified_gmt":"2022-12-25T12:08:54","slug":"buyuksehirden-yilbasi-pazari","status":"publish","type":"post","link":"https:\/\/akdenizolaygazetesi.com\/?p=23108","title":{"rendered":"B\u00dcY\u00dcK\u015eEH\u0130R&#8217;DEN YILBA\u015eI PAZARI"},"content":{"rendered":"<p>Mersin B\u00fcy\u00fck\u015fehir Belediyesi, vatanda\u015flara yeni y\u0131l co\u015fkusu ya\u015fatmak i\u00e7in &#8216;Y\u0131lba\u015f\u0131 Pazar\u0131&#8217; d\u00fczenledi. B\u00fcy\u00fck\u015fehir taraf\u0131ndan \u00d6zgecan Aslan Bar\u0131\u015f Meydan\u0131&#8217;nda kurulan pazarda y\u00f6resel \u00fcr\u00fcnlerden kitaplara, hediyelik e\u015fyalardan y\u0131lba\u015f\u0131 s\u00fcslerine kadar bir\u00e7ok \u00fcr\u00fcn sat\u0131\u015fa sunulurken, birbirinden lezzetli yiyecek ve i\u00e7ecekler de stantlarda yerini ald\u0131. Y\u0131lba\u015f\u0131na uygun s\u00fcslemeler ve \u0131\u015f\u0131klarla donat\u0131lan pazarda stantlar\u0131 gezen vatanda\u015flar, bir yandan al\u0131\u015fveri\u015f yaparken di\u011fer yandan da canl\u0131 m\u00fczi\u011fin tad\u0131n\u0131 \u00e7\u0131kard\u0131. 31 Aral\u0131k&#8217;a kadar Mersinlileri a\u011f\u0131rlayacak olan pazarda, her ak\u015fam yerel sanat\u00e7\u0131lar taraf\u0131ndan da konser verilecek.<br \/>\n\u00d6zd\u00fclger: &#8220;Yeni y\u0131l\u0131 hep birlikte co\u015fkuyla kar\u015f\u0131layaca\u011f\u0131z&#8221;<br \/>\nEtkinlik hakk\u0131nda konu\u015fan Mersin B\u00fcy\u00fck\u015fehir Belediyesi K\u00fclt\u00fcr ve Sosyal \u0130\u015fler Dairesi Ba\u015fkanl\u0131\u011f\u0131 Koordinat\u00f6r\u00fc ve Opera Sanat\u00e7\u0131s\u0131 Bengi \u0130spir \u00d6zd\u00fclger, yeni y\u0131l\u0131 Mersinlilerle beraber co\u015fku i\u00e7inde kar\u015f\u0131lamak istediklerini belirterek, &#8220;Yeni y\u0131la yakla\u015ft\u0131\u011f\u0131m\u0131z \u015fu g\u00fcnlerde, y\u0131lba\u015f\u0131 konseptine uygun olu\u015fturdu\u011fumuz stantlarla; hediyelik e\u015fyadan yiyeceklere kadar geni\u015f bir yelpazede, sevgili Mersinlilerle bir arada olmay\u0131 hedefledik ve buraya gelip gezenlere de ho\u015f bir ambiyans olsun istedik. Her g\u00fcn 19.00 ile 21.00 saatleri aras\u0131nda da canl\u0131 m\u00fczik sergileniyor. Keyifle, mutlulukla ve co\u015fkuyla yeni y\u0131l\u0131 kar\u015f\u0131layal\u0131m istiyoruz. 31 Aral\u0131k ak\u015fam\u0131 da burada festival tad\u0131nda bir gece planl\u0131yoruz.  Sokak partisi yapaca\u011f\u0131z ve yeni y\u0131l\u0131 co\u015fkuyla kar\u015f\u0131layaca\u011f\u0131z&#8221; dedi.<br \/>\n&#8220;Ambiyans \u00e7ok g\u00fczel, proje de harika&#8221;<br \/>\nPazarda stant a\u00e7an T\u00fclay Ayd\u0131n, pazara kat\u0131ld\u0131\u011f\u0131 i\u00e7in \u00e7ok mutlu oldu\u011funu belirterek, &#8220;Son dakikada kat\u0131ld\u0131k, ama buraya kat\u0131ld\u0131\u011f\u0131m\u0131z i\u00e7in \u00e7ok mutluyuz. Stantlar \u00e7ok tatl\u0131 olmu\u015f, proje \u00e7ok g\u00fczel, alan iyi, \u00e7ok g\u00fczel d\u00fc\u015f\u00fcn\u00fclm\u00fc\u015f bir proje. \u0130lgi \u00e7ok iyi, sahilde olmas\u0131 da avantaj. Ortam \u00e7ok g\u00fczel oldu\u011fu i\u00e7in, gezenlerin de \u00e7ok ho\u015funa gidiyor ve stant \u00f6n\u00fcnde s\u00fcrekli foto\u011fraf \u00e7ekiliyorlar&#8221; diye konu\u015ftu.<br \/>\nStant a\u00e7anlardan Bar\u0131\u015f Semiz ise, atmosferin \u00e7ok g\u00fczel oldu\u011funu s\u00f6yleyerek, &#8220;Etkinli\u011fe biz de katk\u0131 sunmak ve b\u00f6yle bir atmosferi ya\u015famak istedik. Genel olarak memnunuz. Bir kere atmosfer \u00e7ok g\u00fczel. M\u00fczikle i\u00e7 i\u00e7eyiz, insanlardan g\u00fczel tepki al\u0131yor ve kendimizi g\u00f6sterme \u015fans\u0131 da ya\u015f\u0131yoruz&#8221; diyerek, Mersinlilere &#8220;\u00c7\u0131k\u0131n gelin&#8221; diye seslendi.<br \/>\n&#8220;Buraya gelince havam\u0131z de\u011fi\u015fti&#8221;<br \/>\nPazar\u0131 gezen \u00fcniversite \u00f6\u011frencisi S\u0131la Bilge Susuz, gen\u00e7lerin b\u00f6yle etkinliklere ihtiyac\u0131 oldu\u011funu ve B\u00fcy\u00fck\u015fehir&#8217;in gen\u00e7lere y\u00f6nelik g\u00fczel \u015feyler yapt\u0131\u011f\u0131n\u0131 s\u00f6yledi. Susuz, &#8220;Pazar\u0131 gezdik ve \u00e7ok be\u011fendik. Sanki buraya girince yabanc\u0131 bir \u00fclkedeymi\u015fiz gibi geldi. Yurttan \u00e7\u0131k\u0131p buraya gelince, havam\u0131z de\u011fi\u015fti&#8221; ifadelerini kulland\u0131.<br \/>\nVatanda\u015flardan Ay\u015fe Y\u0131ld\u0131r\u0131m da d\u00fc\u015f\u00fcncelerini, &#8220;Buras\u0131 ger\u00e7ekten \u00e7ok g\u00fczel ve muhte\u015fem \u00f6tesi, \u00e7ok \u015fahane olmu\u015f&#8221; \u015feklinde a\u00e7\u0131klarken, Belgin Ad\u0131m, &#8220;Mersin&#8217;de \u00e7ok g\u00fczel etkinlikler oluyor. Vahap Bey ger\u00e7ekten bu 4 y\u0131l i\u00e7inde \u00e7ok g\u00fczel \u015feyler yapt\u0131.  Onu tebrik ediyorum. Ba\u015far\u0131lar diliyorum, yolu hep a\u00e7\u0131k olsun&#8221; dedi.<\/p>\n","protected":false},"excerpt":{"rendered":"<p>Mersin B\u00fcy\u00fck\u015fehir Belediyesi, vatanda\u015flara yeni y\u0131l co\u015fkusu ya\u015fatmak i\u00e7in &#8216;Y\u0131lba\u015f\u0131 Pazar\u0131&#8217; d\u00fczenledi. B\u00fcy\u00fck\u015fehir taraf\u0131ndan \u00d6zgecan Aslan Bar\u0131\u015f Meydan\u0131&#8217;nda kurulan pazarda y\u00f6resel \u00fcr\u00fcnlerden kitaplara, hediyelik e\u015fyalardan y\u0131lba\u015f\u0131 s\u00fcslerine kadar bir\u00e7ok \u00fcr\u00fcn &hellip; <a href=\"https:\/\/akdenizolaygazetesi.com\/?p=23108\" class=\"more-link\">Devam\u0131n\u0131 Oku&#8230;<\/a><\/p>\n","protected":false},"author":2,"featured_media":23109,"comment_status":"open","ping_status":"open","sticky":false,"template":"","format":"standard","meta":[],"categories":[2,3,5],"tags":[],"_links":{"self":[{"href":"https:\/\/akdenizolaygazetesi.com\/index.php?rest_route=\/wp\/v2\/posts\/23108"}],"collection":[{"href":"https:\/\/akdenizolaygazetesi.com\/index.php?rest_route=\/wp\/v2\/posts"}],"about":[{"href":"https:\/\/akdenizolaygazetesi.com\/index.php?rest_route=\/wp\/v2\/types\/post"}],"author":[{"embeddable":true,"href":"https:\/\/akdenizolaygazetesi.com\/index.php?rest_route=\/wp\/v2\/users\/2"}],"replies":[{"embeddable":true,"href":"https:\/\/akdenizolaygazetesi.com\/index.php?rest_route=%2Fwp%2Fv2%2Fcomments&post=23108"}],"version-history":[{"count":1,"href":"https:\/\/akdenizolaygazetesi.com\/index.php?rest_route=\/wp\/v2\/posts\/23108\/revisions"}],"predecessor-version":[{"id":23110,"href":"https:\/\/akdenizolaygazetesi.com\/index.php?rest_route=\/wp\/v2\/posts\/23108\/revisions\/23110"}],"wp:featuredmedia":[{"embeddable":true,"href":"https:\/\/akdenizolaygazetesi.com\/index.php?rest_route=\/wp\/v2\/media\/23109"}],"wp:attachment":[{"href":"https:\/\/akdenizolaygazetesi.com\/index.php?rest_route=%2Fwp%2Fv2%2Fmedia&parent=23108"}],"wp:term":[{"taxonomy":"category","embeddable":true,"href":"https:\/\/akdenizolaygazetesi.com\/index.php?rest_route=%2Fwp%2Fv2%2Fcategories&post=23108"},{"taxonomy":"post_tag","embeddable":true,"href":"https:\/\/akdenizolaygazetesi.com\/index.php?rest_route=%2Fwp%2Fv2%2Ftags&post=23108"}],"curies":[{"name":"wp","href":"https:\/\/api.w.org\/{rel}","templated":true}]}}