{"id":23111,"date":"2022-12-25T15:10:35","date_gmt":"2022-12-25T12:10:35","guid":{"rendered":"http:\/\/akdenizolaygazetesi.com\/?p=23111"},"modified":"2022-12-25T15:10:35","modified_gmt":"2022-12-25T12:10:35","slug":"camlibel-su-sporlari-merkezi-projesi-siyasi-kiskanclikla-engellenmek-isteniyor","status":"publish","type":"post","link":"https:\/\/akdenizolaygazetesi.com\/?p=23111","title":{"rendered":"\u201c\u00c7AMLIBEL SU SPORLARI MERKEZ\u0130 PROJES\u0130, S\u0130YAS\u0130 KISKAN\u00c7LIKLA ENGELLENMEK \u0130STEN\u0130YOR\u201d"},"content":{"rendered":"<p>\u00c7aml\u0131bel Bal\u0131k\u00e7\u0131lar Bar\u0131na\u011f\u0131\u2019n\u0131 ziyaret ederek, \u201c\u00c7aml\u0131bel Su Sporlar\u0131 Merkezi Projesinin\u201d detaylar\u0131n\u0131 amat\u00f6r bal\u0131k\u00e7\u0131lar derne\u011fi y\u00f6netimi ve \u00fcyeleri ile payla\u015fan Ba\u015fkan G\u00fcltak, proje ile ilgili as\u0131l konu\u015fmas\u0131 gereken ki\u015filerin de\u011fil, \u2018yanc\u0131lar\u0131n\u2019 konu\u015ftu\u011funu, bu ki\u015filerin de \u00f6zellikle \u2018siyasi k\u0131skan\u00e7l\u0131kla\u2019 kent kamuoyunu yalan ve yanl\u0131\u015f bilgilerle aldatarak projeyi engellemeye \u00e7al\u0131\u015ft\u0131\u011f\u0131n\u0131 s\u00f6yledi. <\/p>\n<p>Akdeniz Belediye Ba\u015fkan\u0131 M. Mustafa G\u00fcltak, \u00c7aml\u0131bel Bal\u0131k\u00e7\u0131 Bar\u0131na\u011f\u0131\u2019n\u0131 ziyaret ederek esnafla bir araya geldi. Bulu\u015fmaya, Akdeniz \u00c7aml\u0131bel Derne\u011fi Ba\u015fkan\u0131 H\u00fcseyin Karl\u0131kl\u0131, amat\u00f6r bal\u0131k\u00e7\u0131lar, bal\u0131k aras\u0131 ekmek satan esnaf ile b\u00f6lge sakinleri de kat\u0131ld\u0131. \u00c7ay, simit ve po\u011fa\u00e7a ile yap\u0131lan kahvalt\u0131dan sonra bal\u0131k\u00e7\u0131lar\u0131n sorusu \u00fczerine \u00c7aml\u0131bel Su Sporlar\u0131 Merkezi Projesi\u2019nde gelinen s\u00fcreci aktaran Ba\u015fkan G\u00fcltak; proje hakk\u0131nda kent kamuoyunda yanl\u0131\u015f bilgilerin yay\u0131lmaya \u00e7al\u0131\u015f\u0131ld\u0131\u011f\u0131n\u0131 etti. <\/p>\n<p>\u201cKonunun muhataplar\u0131n\u0131n de\u011fil, yanc\u0131lar\u0131n sesi \u00e7\u0131k\u0131yor\u201d<\/p>\n<p>Ba\u015fkan G\u00fcltak; \u201cProjeyi hem sizlerle, \u015fehir planc\u0131lar\u0131, mimarlar odas\u0131 ve daha bir\u00e7ok yerle payla\u015farak ve olgunla\u015ft\u0131rarak buralara kadar getirdik. Hi\u00e7 kimseden bir \u015fey de saklamad\u0131k. Ula\u015ft\u0131rma B\u00f6lge M\u00fcd\u00fcr\u00fcm\u00fcz ve di\u011fer yetkililer de buraya geldi. Sizlerle toplant\u0131 yapt\u0131k, say\u0131y\u0131 dernekten ald\u0131k, \u2018Buradaki insanlar korunacak\u2019 dedik. Diyelim ki ben gidip, farkl\u0131 bir ilin il\u00e7esindeki bir proje hakk\u0131nda yorum yapsam ne kadar alakal\u0131 olur? Konunun muhataplar\u0131ndan biri Ula\u015ft\u0131rma Bakan\u0131m\u0131z, di\u011feri de benim. A\u00e7\u0131k\u00e7as\u0131 di\u011ferleri de yanc\u0131, fakat hep yanc\u0131lar\u0131n sesi \u00e7\u0131k\u0131yor\u201d \u015feklinde konu\u015ftu.<\/p>\n<p>\u201cBirileri bu projeyi siyasi nedenlerle k\u0131skan\u0131yor\u201d<\/p>\n<p>Bug\u00fcne dek bal\u0131k\u00e7\u0131 bar\u0131na\u011f\u0131na kimsenin el atmad\u0131\u011f\u0131n\u0131 kaydeden Ba\u015fkan G\u00fcltak, g\u00f6reve geldi\u011finde ilk olarak bal\u0131k\u00e7\u0131lara ait lokali yenilediklerini de hat\u0131rlatarak \u015f\u00f6yle konu\u015ftu; \u201cBu bir vizyon projedir. Birileri bu projeyi k\u0131skan\u0131yor. Meselenin alt\u0131nda bu var. Siyasi olarak k\u0131skan\u0131yorlar. Oltam\u0131 al\u0131p avlanabilece\u011fim, yemek yiyebilece\u011fim, \u00e7ay i\u00e7ebilece\u011fim temiz ve nezih bir yer olsun istiyor bal\u0131k\u00e7\u0131lar\u0131m\u0131z. B\u00f6lgedeki t\u00fcm esnaflar da projeyi istiyor, kabul ediyor\u201d dedi.<br \/>\nBa\u015fkan G\u00fcltak, projenin detaylar\u0131n\u0131 bir kez daha payla\u015ft\u0131<\/p>\n<p>Projenin detaylar\u0131n\u0131 da bas\u0131n ve kamuoyu ile payla\u015ft\u0131klar\u0131n\u0131 hat\u0131rlatan Ba\u015fkan G\u00fcltak, s\u00f6zlerini \u015f\u00f6yle s\u00fcrd\u00fcrd\u00fc; \u201cProjede 67 bin metrekarelik bir alan var. Bu alan\u0131 0.2 yo\u011funlukla \u00e7arpt\u0131\u011f\u0131n\u0131zda da 12 bin 900 k\u00fcs\u00fcr metre geni\u015fli\u011fe sahip kapal\u0131 alan olu\u015fuyor. Kapal\u0131 alanlar\u0131n maksimum y\u00fcksekli\u011fi 7 bu\u00e7uk metredir. Yani \u00c7aml\u0131bel\u2019in g\u00f6r\u00fcnt\u00fcs\u00fc, manzaras\u0131 da bozulmayacak. <\/p>\n<p>Ula\u015ft\u0131rma Bakanl\u0131\u011f\u0131m\u0131z, 12 bin 900 k\u00fcs\u00fcr metre kapal\u0131 alan i\u00e7erisinde tek tek projede s\u0131ralam\u0131\u015f; Bunun 4 bin 500 metrekaresini al\u0131\u015fveri\u015f ve insanlar\u0131n ihtiya\u00e7lar\u0131n\u0131 giderme yerleri (WC, lavabo) olarak belirlemi\u015f. Kalan alanlar su sporlar\u0131 ile alakal\u0131d\u0131r. Efendim; orada \u2018konaklama\u2019 yaz\u0131yor\u2026 Do\u011frudur ama \u20183, 5, 10 katl\u0131 otel\u2019 yazm\u0131yor ki. Burada 7 bu\u00e7uk metrelik yatay alanda yan yana 8-10 odal\u0131 konaklama yerleri olacak. Diyelim ki insanlar yat\u0131yla buraya geldi\u2026 Bu durumda nerede konaklayacaklar?\u201d <\/p>\n<p>\u201cProjeye tek bir ki\u015fi kar\u015f\u0131 \u00e7\u0131k\u0131yor\u2026\u201d<\/p>\n<p>Amat\u00f6r bal\u0131k\u00e7\u0131larla sohbetinin ard\u0131ndan gazetecilere de bir a\u00e7\u0131klama yapan Ba\u015fkan Mustafa G\u00fcltak; \u00c7aml\u0131bel\u2019in kaderini ve de\u011fi\u015fimini, \u00c7aml\u0131bel\u2019de ya\u015fayan ve y\u0131llard\u0131r burada bal\u0131k\u00e7\u0131l\u0131k ve esnafl\u0131k yapan insanlarla payla\u015ft\u0131klar\u0131n\u0131n alt\u0131n\u0131 \u00e7izdi. Projeyi, \u015fehir planc\u0131lar\u0131, mimarlar odas\u0131 ve teknik konularda fikir alabildikleri kurum ve ki\u015filerle de payla\u015ft\u0131klar\u0131n\u0131 vurgulayan Ba\u015fkan G\u00fcltak; \u201cAma son d\u00f6nemlerde \u00c7aml\u0131bel ile konu\u015fanlara bakt\u0131\u011f\u0131m\u0131zda, ne burada ya\u015f\u0131yorlar, ne burada bal\u0131k\u00e7\u0131l\u0131k yap\u0131yorlar, ne de teknik konularda uzman de\u011filler. Ama herkes \u00c7aml\u0131bel\u2019i konu\u015fuyor. <\/p>\n<p>Peki neden? \u00c7aml\u0131bel\u2019e, su sporlar\u0131 merkezi ile birlikte bir vizyon gelecek; \u00c7aml\u0131bel geli\u015fecek ve de\u011fi\u015fecek. Buradaki amat\u00f6r bal\u0131k\u00e7\u0131lar\u0131m\u0131z, ekmek aras\u0131 bal\u0131k satan esnaf\u0131m\u0131z ve b\u00f6lge esnaf\u0131m\u0131z rahat bir nefes alacak. Eskimi\u015f, 60-70 y\u0131ll\u0131k yap\u0131lar ortadan kalkacak. Tabi bu bir vizyon proje oldu\u011fu i\u00e7in k\u0131skananlar var. Dolay\u0131s\u0131yla aleyhte konu\u015fup insanlar\u0131m\u0131z\u0131n kafas\u0131n\u0131 kar\u0131\u015ft\u0131rmak isteyenler var. B\u00fct\u00fcn belgeleri sunmu\u015f durumday\u0131z. Ne amat\u00f6r bal\u0131k\u00e7\u0131lar\u0131m\u0131z, ne esnaf\u0131m\u0131z ne de burada ya\u015fayanlar projeye kar\u015f\u0131 de\u011fil. Kar\u015f\u0131 \u00e7\u0131kan tek bir ki\u015fi var; O da Mersin B\u00fcy\u00fck\u015fehir Belediye Ba\u015fkan\u0131\u2026 Projeyi tamamlad\u0131\u011f\u0131m\u0131z zaman herkes ne olaca\u011f\u0131n\u0131 g\u00f6recek\u201d ifadelerini kulland\u0131. <\/p>\n<p>S\u00f6z alan amat\u00f6r bal\u0131k\u00e7\u0131lar da b\u00f6lgenin kaderini de\u011fi\u015ftirecek \u00c7aml\u0131bel Su Sporlar\u0131 Merkezi Projesi\u2019nin hayata ge\u00e7mesini istediklerini belirterek; B\u00fcy\u00fck\u015fehir Belediyesi ile Atat\u00fcrk\u00e7\u00fc D\u00fc\u015f\u00fcnce Derne\u011fi\u2019nin projeye kar\u015f\u0131 y\u00fcr\u00fctmeyi durdurma davas\u0131 a\u00e7mas\u0131n\u0131n nedenini anlayamad\u0131klar\u0131n\u0131 dile getirdi. <\/p>\n","protected":false},"excerpt":{"rendered":"<p>\u00c7aml\u0131bel Bal\u0131k\u00e7\u0131lar Bar\u0131na\u011f\u0131\u2019n\u0131 ziyaret ederek, \u201c\u00c7aml\u0131bel Su Sporlar\u0131 Merkezi Projesinin\u201d detaylar\u0131n\u0131 amat\u00f6r bal\u0131k\u00e7\u0131lar derne\u011fi y\u00f6netimi ve \u00fcyeleri ile payla\u015fan Ba\u015fkan G\u00fcltak, proje ile ilgili as\u0131l konu\u015fmas\u0131 gereken ki\u015filerin de\u011fil, \u2018yanc\u0131lar\u0131n\u2019 &hellip; <a href=\"https:\/\/akdenizolaygazetesi.com\/?p=23111\" class=\"more-link\">Devam\u0131n\u0131 Oku&#8230;<\/a><\/p>\n","protected":false},"author":2,"featured_media":23112,"comment_status":"open","ping_status":"open","sticky":false,"template":"","format":"standard","meta":[],"categories":[8,34,1,2,3,10],"tags":[],"_links":{"self":[{"href":"https:\/\/akdenizolaygazetesi.com\/index.php?rest_route=\/wp\/v2\/posts\/23111"}],"collection":[{"href":"https:\/\/akdenizolaygazetesi.com\/index.php?rest_route=\/wp\/v2\/posts"}],"about":[{"href":"https:\/\/akdenizolaygazetesi.com\/index.php?rest_route=\/wp\/v2\/types\/post"}],"author":[{"embeddable":true,"href":"https:\/\/akdenizolaygazetesi.com\/index.php?rest_route=\/wp\/v2\/users\/2"}],"replies":[{"embeddable":true,"href":"https:\/\/akdenizolaygazetesi.com\/index.php?rest_route=%2Fwp%2Fv2%2Fcomments&post=23111"}],"version-history":[{"count":1,"href":"https:\/\/akdenizolaygazetesi.com\/index.php?rest_route=\/wp\/v2\/posts\/23111\/revisions"}],"predecessor-version":[{"id":23113,"href":"https:\/\/akdenizolaygazetesi.com\/index.php?rest_route=\/wp\/v2\/posts\/23111\/revisions\/23113"}],"wp:featuredmedia":[{"embeddable":true,"href":"https:\/\/akdenizolaygazetesi.com\/index.php?rest_route=\/wp\/v2\/media\/23112"}],"wp:attachment":[{"href":"https:\/\/akdenizolaygazetesi.com\/index.php?rest_route=%2Fwp%2Fv2%2Fmedia&parent=23111"}],"wp:term":[{"taxonomy":"category","embeddable":true,"href":"https:\/\/akdenizolaygazetesi.com\/index.php?rest_route=%2Fwp%2Fv2%2Fcategories&post=23111"},{"taxonomy":"post_tag","embeddable":true,"href":"https:\/\/akdenizolaygazetesi.com\/index.php?rest_route=%2Fwp%2Fv2%2Ftags&post=23111"}],"curies":[{"name":"wp","href":"https:\/\/api.w.org\/{rel}","templated":true}]}}