{"id":23116,"date":"2022-12-26T12:57:21","date_gmt":"2022-12-26T09:57:21","guid":{"rendered":"http:\/\/akdenizolaygazetesi.com\/?p=23116"},"modified":"2022-12-26T12:57:21","modified_gmt":"2022-12-26T09:57:21","slug":"buyuksehirden-kent-orkestrasi-ve-bando-icin-personel-alim-sinavi","status":"publish","type":"post","link":"https:\/\/akdenizolaygazetesi.com\/?p=23116","title":{"rendered":"B\u00dcY\u00dcK\u015eEH\u0130R&#8217;DEN KENT ORKESTRASI VE BANDO \u0130\u00c7\u0130N PERSONEL ALIM SINAVI"},"content":{"rendered":"<p>Mersin B\u00fcy\u00fck\u015fehir Belediyesi K\u00fclt\u00fcr ve Sosyal \u0130\u015fler Dairesi Ba\u015fkanl\u0131\u011f\u0131 b\u00fcnyesinde bulunan Kent Orkestras\u0131 ve Bando b\u00f6l\u00fcmlerinde yer almak \u00fczere, enstr\u00fcman sanat\u00e7\u0131s\u0131 al\u0131m\u0131 i\u00e7in s\u0131nav ger\u00e7ekle\u015ftirdi. 3 g\u00fcn boyunca s\u00fcren ve keman, viyola, viyolonsel, kontrabas, trombon, korno, trompet, trampet, saksafon, davul, elektrogitar ve klavye gibi 13 ayr\u0131 dalda yap\u0131lan s\u0131nava kat\u0131lan gen\u00e7 m\u00fczisyenler, deneyimli olduklar\u0131 enstr\u00fcmanlarla performanslar\u0131n\u0131 sergilediler.<br \/>\n\u00d6zd\u00fclger: &#8220;Amac\u0131m\u0131z orkestram\u0131z\u0131 geli\u015ftirmek ve b\u00fcy\u00fctmek&#8221;<br \/>\nB\u00fcy\u00fck\u015fehir Belediyesi K\u00fclt\u00fcr ve Sosyal \u0130\u015fler Dairesi Ba\u015fkanl\u0131\u011f\u0131 Koordinat\u00f6r\u00fc ve Opera Sanat\u00e7\u0131s\u0131 Bengi \u0130spir \u00d6zd\u00fclger, s\u0131nav hakk\u0131nda bilgi vererek, &#8220;Orkestram\u0131z\u0131 daha da geli\u015ftirmek ve ge\u00e7en y\u0131l yapm\u0131\u015f oldu\u011fumuz s\u0131nav\u0131m\u0131za takviyeler yapmak amac\u0131yla bu s\u0131nav\u0131 ger\u00e7ekle\u015ftirdik. \u00c7\u00fcnk\u00fc ge\u00e7en y\u0131l yapt\u0131\u011f\u0131m\u0131z s\u0131navda, al\u0131m ger\u00e7ekle\u015ftiremedi\u011fimiz baz\u0131 enstr\u00fcmanlar\u0131m\u0131z vard\u0131. Onlar\u0131 da bu s\u0131nav\u0131n i\u00e7erisine yerle\u015ftirdik. Biz T\u00fcrk Halk M\u00fczi\u011fi ile T\u00fcrk Sanat M\u00fczi\u011fi orkestralar\u0131m\u0131z\u0131n i\u00e7inde de g\u00f6rev alacak, ge\u00e7en y\u0131l yapm\u0131\u015f oldu\u011fumuz s\u0131nav\u0131m\u0131za destek vererek geli\u015ftirece\u011fimiz ve ayn\u0131 zamanda kent orkestram\u0131z\u0131 daha da b\u00fcy\u00fcterek, bir yayl\u0131 grubunu da i\u00e7inde bar\u0131nd\u0131ran orkestraya d\u00f6n\u00fc\u015ft\u00fcrmek istiyoruz. Bu anlamda ba\u015far\u0131l\u0131 ge\u00e7en bir s\u0131navd\u0131&#8221; dedi.<br \/>\n&#8220;Bandomuzun halk\u0131m\u0131zla b\u00fct\u00fcnle\u015fmesini istiyoruz&#8221;<br \/>\nKent Orkestras\u0131&#8217;n\u0131n yan\u0131 s\u0131ra, bandoyu daha da geli\u015ftirmek ve konserleri art\u0131rmak istediklerini belirten \u00d6zd\u00fclger, &#8220;Mersin B\u00fcy\u00fck\u015fehir Belediyesi Bandosu ger\u00e7ekten \u015fehrin k\u0131ymetlisi. Bunun da her yerde yap\u0131lan etkinliklerle ve il\u00e7elerde yap\u0131lacak konserlerle daha da g\u00f6r\u00fcn\u00fcr olmas\u0131n\u0131 ve halk\u0131m\u0131zla daha fazla b\u00fct\u00fcnle\u015fmesini istiyoruz. Mersin B\u00fcy\u00fck\u015fehir Belediyesi olarak, k\u00fclt\u00fcrel ve sanatsal \u00e7al\u0131\u015fmalar\u0131n ne kadar \u00f6nemli oldu\u011funu ve bu yap\u0131lan etkinliklerin, konserlerin, tiyatrolar\u0131n, hepsinin halka dokunarak ne kadar ba\u015far\u0131yla ger\u00e7ekle\u015ftirildi\u011finin fark\u0131nday\u0131z. En b\u00fcy\u00fck hedefimiz, bunu daha da art\u0131rmak&#8221; diye konu\u015ftu.<br \/>\n&#8220;Ba\u015fkan Se\u00e7er&#8217;in yakla\u015f\u0131m\u0131 bize g\u00fc\u00e7 veriyor&#8221;<br \/>\nKent Orkestras\u0131 ile Bando&#8217;nun yan\u0131 s\u0131ra, sanatsal faaliyetlerin her birini B\u00fcy\u00fck\u015fehir Belediye Ba\u015fkan\u0131 Vahap Se\u00e7er&#8217;in \u00f6ng\u00f6r\u00fcs\u00fc ve deste\u011fi ile hayata ge\u00e7irdiklerini vurgulayan \u00d6zd\u00fclger, &#8220;\u00c7\u00fcnk\u00fc O&#8217;nun bu deste\u011fi sayesinde, biz yapmak istedi\u011fimiz vizyoner \u00e7al\u0131\u015fmalar\u0131 daha rahatl\u0131kla ve daha g\u00fc\u00e7l\u00fc ad\u0131mlarla ger\u00e7ekle\u015ftirebiliyoruz. O, her zaman b\u00fct\u00fcn \u015fehirde, herkese sanatsal etkinliklerin dokunmas\u0131n\u0131, onlarla b\u00fct\u00fcnle\u015filmesini \u00e7ok arzu ediyor. O&#8217;nun bu yakla\u015f\u0131m\u0131 da, bize g\u00fc\u00e7 veriyor do\u011frusu&#8221; ifadelerini kulland\u0131.<br \/>\n&#8220;\u00c7ok yetenekli ve ba\u015far\u0131l\u0131 arkada\u015flar\u0131m\u0131z\u0131 de\u011ferlendiriyoruz&#8221;<br \/>\nS\u0131nav\u0131n \u00e7ok g\u00fczel ge\u00e7ti\u011fini ve kat\u0131lan her sanat\u00e7\u0131n\u0131n birbirinden yetenekli oldu\u011funu s\u00f6zlerine ekleyen \u00d6zd\u00fclger, &#8220;Bu anlamda yine \u00e7ok k\u0131ymetli j\u00fcri \u00fcyeleriyle olu\u015fturdu\u011fumuz bir s\u0131nav ger\u00e7ekle\u015ftirdik. \u00c7\u00fcnk\u00fc, sanat\u0131n liyakate dayal\u0131 ve tam anlam\u0131yla objektif bir de\u011ferlendirme gerektirdi\u011fini biliyoruz. Bu de\u011ferlendirmeler sanatsal anlamda yapt\u0131\u011f\u0131m\u0131z \u00e7al\u0131\u015fmalar\u0131n daha da kaliteli olmas\u0131n\u0131 sa\u011fl\u0131yor ve biz bu anlamda kendimizi \u00e7ok da iyi hissediyoruz. Yapm\u0131\u015f oldu\u011fumuz \u00e7al\u0131\u015fmalar da bunun en iyi g\u00f6stergesi. Mersin B\u00fcy\u00fck\u015fehir Belediyesi olarak her yere \u00f6rnek oldu\u011fumuzun, rol model olu\u015fturdu\u011fumuzun da fark\u0131nday\u0131z. Bundan dolay\u0131 da \u00e7ok mutlu ve gururluyuz. S\u0131navlar\u0131m\u0131z da gayet g\u00fczel ge\u00e7ti. \u00c7ok yetenekli ve ba\u015far\u0131l\u0131 arkada\u015flar\u0131m\u0131z\u0131 de\u011ferlendiriyoruz. Hepsi birbirinden k\u0131ymetli, hepsi emek veriyor ve ger\u00e7ekten hepsinin o heyecan\u0131 bize de yans\u0131yor. \u00c7ok pozitif ge\u00e7en bir ortamda, onlar\u0131n da sakin kalmalar\u0131n\u0131 sa\u011flad\u0131\u011f\u0131m\u0131z bir \u015fekilde ger\u00e7ekle\u015fen bu s\u0131nav, bizim g\u00fcc\u00fcm\u00fcz\u00fc daha da art\u0131r\u0131yor&#8221; dedi.<br \/>\n&#8220;M\u00fczisyenler i\u00e7in \u00e7ok iyi bir imkan&#8221;<br \/>\nS\u0131nava gitar dal\u0131nda kat\u0131lan Erg\u00fcn Akkaya, B\u00fcy\u00fck\u015fehir Belediyesi&#8217;nin a\u00e7m\u0131\u015f oldu\u011fu bu s\u0131nav\u0131n, m\u00fczisyenler i\u00e7in \u00e7ok iyi bir imkan oldu\u011funu belirterek, &#8220;Ben s\u0131nav a\u00e7\u0131laca\u011f\u0131n\u0131, B\u00fcy\u00fck\u015fehir Belediyesi&#8217;nin internet sayfas\u0131ndan g\u00f6rd\u00fcm. Bununla ilgili zaten akl\u0131mda bir \u00e7al\u0131\u015fma vard\u0131 ve belediye ile \u00e7al\u0131\u015fmak istedim. Heyecanl\u0131y\u0131z, bu heyecan\u0131 bast\u0131rmaya \u00e7al\u0131\u015f\u0131yoruz. Di\u011fer m\u00fczisyen arkada\u015flar\u0131m da \u00e7ok iyiler, fakat ortam ve j\u00fcri bize moral veriyor&#8221; diye konu\u015ftu.<br \/>\n&#8220;Kent Orkestras\u0131&#8217;na, gen\u00e7 ve dinamik bir ekip oldu\u011funu d\u00fc\u015f\u00fcnd\u00fc\u011f\u00fcm i\u00e7in ba\u015fvurmak istedim&#8221;<br \/>\nKlavye dal\u0131nda kat\u0131lan Emre K\u0131rba\u015f ise, s\u0131nav\u0131n \u00e7ok heyecan verici ve keyifli oldu\u011funu s\u00f6yleyerek, &#8220;Benim i\u00e7in g\u00fczel ge\u00e7ti diyebilirim. Tabi ki heyecan vard\u0131, ama g\u00fczel bir deneyimdi benim i\u00e7in. Kent Orkestras\u0131&#8217;na gen\u00e7 ve dinamik bir ekip oldu\u011fu ve  repertuar\u0131ma renk kataca\u011f\u0131n\u0131 d\u00fc\u015f\u00fcnd\u00fc\u011f\u00fcm i\u00e7in ba\u015fvurmak istedim. E\u011fer kabul edilirsem, arkada\u015flarla beraber ortak bir \u00e7al\u0131\u015fma i\u00e7erisinde g\u00fczel, keyifli konserler yapaca\u011f\u0131z&#8221; dedi.<\/p>\n","protected":false},"excerpt":{"rendered":"<p>Mersin B\u00fcy\u00fck\u015fehir Belediyesi K\u00fclt\u00fcr ve Sosyal \u0130\u015fler Dairesi Ba\u015fkanl\u0131\u011f\u0131 b\u00fcnyesinde bulunan Kent Orkestras\u0131 ve Bando b\u00f6l\u00fcmlerinde yer almak \u00fczere, enstr\u00fcman sanat\u00e7\u0131s\u0131 al\u0131m\u0131 i\u00e7in s\u0131nav ger\u00e7ekle\u015ftirdi. 3 g\u00fcn boyunca s\u00fcren ve &hellip; <a href=\"https:\/\/akdenizolaygazetesi.com\/?p=23116\" class=\"more-link\">Devam\u0131n\u0131 Oku&#8230;<\/a><\/p>\n","protected":false},"author":2,"featured_media":23117,"comment_status":"open","ping_status":"open","sticky":false,"template":"","format":"standard","meta":[],"categories":[2,3],"tags":[],"_links":{"self":[{"href":"https:\/\/akdenizolaygazetesi.com\/index.php?rest_route=\/wp\/v2\/posts\/23116"}],"collection":[{"href":"https:\/\/akdenizolaygazetesi.com\/index.php?rest_route=\/wp\/v2\/posts"}],"about":[{"href":"https:\/\/akdenizolaygazetesi.com\/index.php?rest_route=\/wp\/v2\/types\/post"}],"author":[{"embeddable":true,"href":"https:\/\/akdenizolaygazetesi.com\/index.php?rest_route=\/wp\/v2\/users\/2"}],"replies":[{"embeddable":true,"href":"https:\/\/akdenizolaygazetesi.com\/index.php?rest_route=%2Fwp%2Fv2%2Fcomments&post=23116"}],"version-history":[{"count":1,"href":"https:\/\/akdenizolaygazetesi.com\/index.php?rest_route=\/wp\/v2\/posts\/23116\/revisions"}],"predecessor-version":[{"id":23118,"href":"https:\/\/akdenizolaygazetesi.com\/index.php?rest_route=\/wp\/v2\/posts\/23116\/revisions\/23118"}],"wp:featuredmedia":[{"embeddable":true,"href":"https:\/\/akdenizolaygazetesi.com\/index.php?rest_route=\/wp\/v2\/media\/23117"}],"wp:attachment":[{"href":"https:\/\/akdenizolaygazetesi.com\/index.php?rest_route=%2Fwp%2Fv2%2Fmedia&parent=23116"}],"wp:term":[{"taxonomy":"category","embeddable":true,"href":"https:\/\/akdenizolaygazetesi.com\/index.php?rest_route=%2Fwp%2Fv2%2Fcategories&post=23116"},{"taxonomy":"post_tag","embeddable":true,"href":"https:\/\/akdenizolaygazetesi.com\/index.php?rest_route=%2Fwp%2Fv2%2Ftags&post=23116"}],"curies":[{"name":"wp","href":"https:\/\/api.w.org\/{rel}","templated":true}]}}