{"id":23119,"date":"2022-12-26T12:58:55","date_gmt":"2022-12-26T09:58:55","guid":{"rendered":"http:\/\/akdenizolaygazetesi.com\/?p=23119"},"modified":"2022-12-26T12:58:55","modified_gmt":"2022-12-26T09:58:55","slug":"evde-gizli-kalmis-kadin-is-gucu-ortaya-cikiyor","status":"publish","type":"post","link":"https:\/\/akdenizolaygazetesi.com\/?p=23119","title":{"rendered":"EVDE G\u0130ZL\u0130 KALMI\u015e KADIN \u0130\u015e G\u00dcC\u00dc ORTAYA \u00c7IKIYOR"},"content":{"rendered":"<p>Mersin B\u00fcy\u00fck\u015fehir Belediyesi Kad\u0131n ve Aile Hizmetleri Daire Ba\u015fkanl\u0131\u011f\u0131 G\u00f6n\u00fcll\u00fcler \u015eube M\u00fcd\u00fcrl\u00fc\u011f\u00fc b\u00fcnyesinde y\u00fcr\u00fct\u00fclen ve Mersinden Kad\u0131n Kooperatifi&#8217;nin de payda\u015f\u0131 oldu\u011fu &#8216;Evimiz At\u00f6lye&#8217; projesi, Toroslar il\u00e7esine ba\u011fl\u0131 \u00c7a\u011fda\u015fkent ve Halkkent Mahalleleri&#8217;ndeki kad\u0131nlarla bulu\u015ftu. Kad\u0131nlar\u0131n \u00fcretimde yer almalar\u0131 i\u00e7in hayata ge\u00e7irilen ve kentin d\u00f6rt bir yan\u0131na yay\u0131lan proje kapsam\u0131nda &#8216;\u00c7oraptan Oyuncak&#8217; at\u00f6lyesine kat\u0131lan kad\u0131nlar, el becerilerini geli\u015ftirmenin yan\u0131 s\u0131ra, sosyalle\u015fme f\u0131rsat\u0131 da buldu. At\u00f6lyeye kat\u0131lan kad\u0131nlar\u0131 ziyaret eden Mersinden Kad\u0131n Kooperatifi Ba\u015fkan\u0131 Meral Se\u00e7er, kad\u0131nlarla tek tek sohbet etti.<br \/>\nMeral Se\u00e7er: &#8220;Ev kad\u0131n\u0131 olarak sizler bize k\u0131lavuzluk ediyorsunuz&#8221;<br \/>\nProjenin 17 mahalleye yay\u0131ld\u0131\u011f\u0131n\u0131 aktaran Meral Se\u00e7er, B\u00fcy\u00fck\u015fehir&#8217;in, kad\u0131nlar\u0131n hem sosyalle\u015fmesi hem de aile b\u00fct\u00e7elerine katk\u0131 sa\u011flamas\u0131 maksad\u0131yla projeler geli\u015ftirdi\u011fini aktard\u0131. Kendisinin B\u00fcy\u00fck\u015fehir g\u00f6n\u00fcll\u00fcs\u00fc oldu\u011funu ve kad\u0131nlar ile \u00e7ocuklar ad\u0131na g\u00f6n\u00fcll\u00fc olarak \u00e7al\u0131\u015ft\u0131\u011f\u0131n\u0131 belirten Se\u00e7er, &#8220;Ba\u015fkan\u0131m\u0131z, &#8216;Peki g\u00f6n\u00fcll\u00fcler olarak ne yap\u0131yorsunuz? Evdeki kad\u0131nlar\u0131m\u0131z ne yap\u0131yor? Onlar zaten pandemi d\u00f6neminde \u00e7ok a\u011f\u0131r bir s\u00fcre\u00e7 ge\u00e7irdi. Teknolojiden tutun, \u015fehirle\u015fmeden dolay\u0131 kom\u015fusunu g\u00f6remez hale geldi, sosyalle\u015femiyoruz eskisi kadar. Bunlar i\u00e7in neler yapmay\u0131 d\u00fc\u015f\u00fcn\u00fcyorsunuz?&#8217; dedi\u011finde ara\u015ft\u0131rma yapt\u0131k ve Evimiz At\u00f6lye projesini, g\u00f6n\u00fcll\u00fcler birimi olarak hayata ge\u00e7irdik&#8221; diye konu\u015ftu.<br \/>\nAt\u00f6lyelerde ortaya \u00e7\u0131kan oyuncaklar\u0131n \u00e7ocuklara da\u011f\u0131t\u0131laca\u011f\u0131na dikkat \u00e7eken Se\u00e7er, &#8220;Kooperatif olarak dedik ki; kad\u0131nlar\u0131m\u0131za g\u00f6n\u00fcll\u00fc hocalar\u0131m\u0131zla e\u011fitim verelim. Yapt\u0131klar\u0131 oyuncaklar\u0131 da etkinliklerde, ihtiyac\u0131 olan \u00e7ocuklara da\u011f\u0131tal\u0131m fikriyle yola \u00e7\u0131kt\u0131k ve bu \u00e7al\u0131\u015fmay\u0131 Mersin B\u00fcy\u00fck\u015fehir Belediyesi&#8217;nin payda\u015f\u0131 olarak yapt\u0131k. Bu toplant\u0131lar\u0131n bize de \u00e7ok faydas\u0131 oluyor. Sahay\u0131 bilmek, sizlerden gelen fikirleri de\u011ferlendirmek o kadar \u00f6nemli ki, bize k\u0131lavuzluk ediyorsunuz&#8221; ifadelerini kulland\u0131.<br \/>\n&#8220;Gizli kalm\u0131\u015f kad\u0131n i\u015f g\u00fcc\u00fc ortaya \u00e7\u0131k\u0131yor&#8221;<br \/>\nGizli kalm\u0131\u015f kad\u0131n i\u015f g\u00fcc\u00fcn\u00fcn ortaya \u00e7\u0131kmas\u0131, emeklerinin ekonomik de\u011fere d\u00f6n\u00fc\u015fmesi ve sosyalle\u015fmeleri i\u00e7in hayata ge\u00e7irilen projeye kat\u0131lan kad\u0131nlarda, bir arada olman\u0131n, yeni bir \u015feyler \u00fcretmenin mutlulu\u011funu g\u00f6rd\u00fcklerini belirten Se\u00e7er, &#8220;Bu da do\u011fru yolda oldu\u011fumuzu g\u00f6steriyor. \u00c7\u00fcnk\u00fc \u00f6zellikle ev kad\u0131nlar\u0131m\u0131z, ev ekonomisine katk\u0131 sunacak ortamlar\u0131 bulam\u0131yorlar. &#8216;Evimiz At\u00f6lye&#8217; vas\u0131tas\u0131yla bu f\u0131rsat\u0131 yakalam\u0131\u015f oluyorlar. Bundan dolay\u0131 biz de kad\u0131nlar\u0131m\u0131z\u0131n bu mutlulu\u011funu g\u00f6r\u00fcyor ve seviniyoruz&#8221; dedi.<br \/>\nB\u00fcy\u00fck\u015fehir&#8217;den kad\u0131nlar i\u00e7in bir proje daha: Tekstil Pazar\u0131<br \/>\nB\u00fcy\u00fck\u015fehir&#8217;in, kad\u0131nlar\u0131n kalk\u0131nmas\u0131na destek vermek i\u00e7in yeni bir projeye daha imza ataca\u011f\u0131n\u0131 s\u00f6zlerine ekleyen Se\u00e7er, &#8220;Evimiz At\u00f6lye projesinin yan\u0131nda, kad\u0131nlar\u0131m\u0131z de\u011fi\u015fik kurslara gidiyorlar. Bu kurslar sonucunda tekstil \u00fcr\u00fcnleri \u00fcretiyorlar ve bunlar\u0131 sat\u0131\u015fa sunmak istiyorlar. Fakat, b\u00f6yle imkanlar\u0131n\u0131n olmad\u0131\u011f\u0131n\u0131 s\u00f6yl\u00fcyorlard\u0131. Bu d\u00fc\u015f\u00fcncelerle yola \u00e7\u0131karak, B\u00fcy\u00fck\u015fehir Belediyesi&#8217;nin Tekstil Pazar\u0131&#8217;n\u0131n Ocak ay\u0131nda faaliyete ge\u00e7ece\u011fini \u015fimdiden s\u00f6yleyebilirim. B\u00f6ylelikle kad\u0131nlar\u0131m\u0131z, kurslar sonucu \u00f6\u011frendikleriyle evde yapt\u0131klar\u0131 \u00fcr\u00fcnleri, bu pazarda de\u011ferlendirme imkan\u0131 bulacaklar. Hayat pahal\u0131l\u0131\u011f\u0131nda ekonomilerine katk\u0131 sunmak, ek bir gelir elde etmek a\u00e7\u0131s\u0131ndan \u00e7ok faydal\u0131 olaca\u011f\u0131n\u0131 d\u00fc\u015f\u00fcn\u00fcyorum&#8221; diye konu\u015ftu.<br \/>\n&#8220;Bu projelerle kad\u0131nlar\u0131 bulu\u015fturmak \u00e7ok g\u00fczel&#8221;<br \/>\nEvimiz At\u00f6lye \u00e7al\u0131\u015fmalar\u0131n\u0131n kendilerine bir\u00e7ok \u015fey katt\u0131\u011f\u0131n\u0131 ve yeni arkada\u015fl\u0131klar kurmalar\u0131na olanak sa\u011flad\u0131\u011f\u0131n\u0131 belirten Hatice U\u00e7ar, &#8220;Bu ikinci kat\u0131l\u0131\u015f\u0131m. \u00c7ok g\u00fczel gidiyor, oyuncak yap\u0131m\u0131n\u0131 \u00f6\u011fretiyorlar. Bunlar\u0131 B\u00fcy\u00fck\u015fehir Belediye Ba\u015fkan\u0131m\u0131z gitti\u011fi yerlerde \u00e7ocuklara da\u011f\u0131tacakm\u0131\u015f, o y\u00fczden \u00e7ok daha anlaml\u0131. Biz de bu konuda katk\u0131 sa\u011flayabildi\u011fimiz i\u00e7in \u00e7ok mutluyuz.  Evine, ailesine katk\u0131 sa\u011flamak isteyenler a\u00e7\u0131s\u0131ndan da muhte\u015fem bir proje. Bu projelerle kad\u0131nlar\u0131 bulu\u015fturmak \u00e7ok g\u00fczel&#8221; dedi.<br \/>\nSakine Kalkan ise at\u00f6lyeyi \u00e7ok sevdi\u011fini s\u00f6yleyerek, &#8220;\u015eu anda \u00e7ok g\u00fczel gidiyor, \u00e7oraptan oyuncaklar yap\u0131yoruz. Hem e\u011flenceli, hem de g\u00fcn\u00fcm\u00fcz ge\u00e7iyor ve stres at\u0131yoruz&#8221; ifadelerini kullan\u0131rken, yakla\u015f\u0131k 3 haftad\u0131r at\u00f6lye \u00e7al\u0131\u015fmalar\u0131na kat\u0131ld\u0131\u011f\u0131n\u0131 s\u00f6yleyen Medine Akdemir de, &#8220;E\u011fitimlerimiz devam ediyor, \u00e7ok memnunum. Evde bo\u015f bo\u015f oturmaktansa, bu u\u011fra\u015flar ev ekonomimize de katk\u0131 sa\u011flayacak&#8221; diye belirtti.<br \/>\n&#8220;Aile b\u00fct\u00e7esine katk\u0131 sunmak i\u00e7in kat\u0131ld\u0131m&#8221;<br \/>\nAt\u00f6lye \u00e7al\u0131\u015fmalar\u0131na aile b\u00fct\u00e7esine katk\u0131da bulunmak i\u00e7in kat\u0131ld\u0131\u011f\u0131n\u0131 s\u00f6yleyen Sevda Co\u015fkun ise, &#8220;Tek maa\u015fla ge\u00e7im zor, \u00e7ocuk okutuyoruz. Vahap Ba\u015fkan\u0131m\u0131z sa\u011f olsun, \u00e7ok g\u00fczel bir etkinlik. Bundan sonra in\u015fallah evlerde de bu etkinli\u011fi devam ettirece\u011fiz&#8221; dedi. Kendisinin \u00e7al\u0131\u015fmad\u0131\u011f\u0131n\u0131 ve e\u015finin i\u015fsiz oldu\u011funu kaydeden Rabia \u00d6zt\u00fcrk, &#8220;Bu kalabal\u0131ktan \u00e7ok etkilendim. Her y\u00f6reden insanlar var, kad\u0131nlar \u00e7ok iyi anla\u015f\u0131yor. Art\u0131 olarak eve de katk\u0131 sa\u011flad\u0131\u011f\u0131m\u0131zdan dolay\u0131 \u00e7ok mutluyum&#8221; ifadelerini kulland\u0131.<br \/>\nAt\u00f6lye \u00e7al\u0131\u015fmalar\u0131na, g\u00fczel bir sosyal aktivite oldu\u011fu i\u00e7in kat\u0131ld\u0131\u011f\u0131n\u0131 ifade eden Fatma Al\u0131\u015f ise,  &#8220;Bizler i\u00e7in de\u011fi\u015fiklik oldu. \u00dcr\u00fcnlerimizi evde yap\u0131p gelir elde edebilece\u011fiz. 3 \u00e7ocu\u011fum var ve insan bir \u015feyler yapmak istiyor. Tek maa\u015fla da ge\u00e7inmek zor bu devirde. Kad\u0131nlar olarak elimizden geleni yapmak istiyoruz&#8221; diye konu\u015ftu.<\/p>\n","protected":false},"excerpt":{"rendered":"<p>Mersin B\u00fcy\u00fck\u015fehir Belediyesi Kad\u0131n ve Aile Hizmetleri Daire Ba\u015fkanl\u0131\u011f\u0131 G\u00f6n\u00fcll\u00fcler \u015eube M\u00fcd\u00fcrl\u00fc\u011f\u00fc b\u00fcnyesinde y\u00fcr\u00fct\u00fclen ve Mersinden Kad\u0131n Kooperatifi&#8217;nin de payda\u015f\u0131 oldu\u011fu &#8216;Evimiz At\u00f6lye&#8217; projesi, Toroslar il\u00e7esine ba\u011fl\u0131 \u00c7a\u011fda\u015fkent ve Halkkent &hellip; <a href=\"https:\/\/akdenizolaygazetesi.com\/?p=23119\" class=\"more-link\">Devam\u0131n\u0131 Oku&#8230;<\/a><\/p>\n","protected":false},"author":2,"featured_media":23120,"comment_status":"open","ping_status":"open","sticky":false,"template":"","format":"standard","meta":[],"categories":[8,2,3],"tags":[],"_links":{"self":[{"href":"https:\/\/akdenizolaygazetesi.com\/index.php?rest_route=\/wp\/v2\/posts\/23119"}],"collection":[{"href":"https:\/\/akdenizolaygazetesi.com\/index.php?rest_route=\/wp\/v2\/posts"}],"about":[{"href":"https:\/\/akdenizolaygazetesi.com\/index.php?rest_route=\/wp\/v2\/types\/post"}],"author":[{"embeddable":true,"href":"https:\/\/akdenizolaygazetesi.com\/index.php?rest_route=\/wp\/v2\/users\/2"}],"replies":[{"embeddable":true,"href":"https:\/\/akdenizolaygazetesi.com\/index.php?rest_route=%2Fwp%2Fv2%2Fcomments&post=23119"}],"version-history":[{"count":1,"href":"https:\/\/akdenizolaygazetesi.com\/index.php?rest_route=\/wp\/v2\/posts\/23119\/revisions"}],"predecessor-version":[{"id":23121,"href":"https:\/\/akdenizolaygazetesi.com\/index.php?rest_route=\/wp\/v2\/posts\/23119\/revisions\/23121"}],"wp:featuredmedia":[{"embeddable":true,"href":"https:\/\/akdenizolaygazetesi.com\/index.php?rest_route=\/wp\/v2\/media\/23120"}],"wp:attachment":[{"href":"https:\/\/akdenizolaygazetesi.com\/index.php?rest_route=%2Fwp%2Fv2%2Fmedia&parent=23119"}],"wp:term":[{"taxonomy":"category","embeddable":true,"href":"https:\/\/akdenizolaygazetesi.com\/index.php?rest_route=%2Fwp%2Fv2%2Fcategories&post=23119"},{"taxonomy":"post_tag","embeddable":true,"href":"https:\/\/akdenizolaygazetesi.com\/index.php?rest_route=%2Fwp%2Fv2%2Ftags&post=23119"}],"curies":[{"name":"wp","href":"https:\/\/api.w.org\/{rel}","templated":true}]}}