{"id":23122,"date":"2022-12-26T13:00:28","date_gmt":"2022-12-26T10:00:28","guid":{"rendered":"http:\/\/akdenizolaygazetesi.com\/?p=23122"},"modified":"2022-12-26T13:00:28","modified_gmt":"2022-12-26T10:00:28","slug":"mersin-yeni-yila-isil-isil-giriyor","status":"publish","type":"post","link":"https:\/\/akdenizolaygazetesi.com\/?p=23122","title":{"rendered":"MERS\u0130N YEN\u0130 YILA I\u015eIL I\u015eIL G\u0130R\u0130YOR"},"content":{"rendered":"<p>Park ve Bah\u00e7eler Dairesi Ba\u015fkanl\u0131\u011f\u0131 b\u00fcnyesinde ger\u00e7ekle\u015ftirilen yeni y\u0131l \u00e7al\u0131\u015fmalar\u0131nda, Mersin&#8217;in 13 il\u00e7esinde cadde, bulvar ve kav\u015faklara \u0131\u015f\u0131klar ve yeni y\u0131l temal\u0131 fig\u00fcrler yerle\u015ftirildi. Yeni y\u0131l temal\u0131 fig\u00fcrler aras\u0131nda; \u00e7am a\u011fac\u0131, hediye \u00e7orab\u0131, noel arabas\u0131, kardan adam, geyik, yeni y\u0131l kurabiyeleri, hediye paketleri ve yeni y\u0131l \u015fekerlemeleri yer al\u0131yor.<br \/>\nYeni y\u0131l fig\u00fcrleri, B\u00fcy\u00fck\u015fehir&#8217;in at\u00f6lyesinde \u00fcretiliyor<br \/>\nYeni y\u0131l temal\u0131 fig\u00fcrleri, Park ve Bah\u00e7eler Dairesi Ba\u015fkanl\u0131\u011f\u0131&#8217;na ba\u011fl\u0131 at\u00f6lyede bulunan ustalar yap\u0131yor. 2019 y\u0131l\u0131ndan bu yana yeni malzeme kullanmadan, mevcut malzemeleri revize ederek her y\u0131l yeni bir konsept olu\u015fturan ekipler, b\u00f6ylece hem tasarruf sa\u011fl\u0131yor, hem de at\u0131k malzemeleri yeniden kullan\u0131labilir hale getiriyor.<br \/>\nSavrun: &#8220;Kentimiz 2023 y\u0131l\u0131na \u0131\u015f\u0131l \u0131\u015f\u0131l girecek&#8221;<br \/>\nPark ve Bah\u00e7eler Dairesi Ba\u015fkanl\u0131\u011f\u0131&#8217;nda Rekreasyon Uzman\u0131 olarak g\u00f6rev yapan P\u0131nar Savrun, &#8220;Kentin ana arterleri ba\u015fta olmak \u00fczere, 4 merkez il\u00e7ede ve di\u011fer b\u00fct\u00fcn il\u00e7elerimizde y\u0131lba\u015f\u0131 s\u00fcslemelerimiz bitti. Kentimizin 2023 y\u0131l\u0131na \u0131\u015f\u0131l \u0131\u015f\u0131l ve renkli girmesi i\u00e7in elimizden geleni yap\u0131yoruz&#8221; dedi.<br \/>\nKullan\u0131lan ah\u015fap s\u00fcslerin Park ve Bah\u00e7eler Dairesi Ba\u015fkanl\u0131\u011f\u0131&#8217;n\u0131n at\u00f6lyesinde \u00fcretildi\u011fini aktaran Savrun, &#8220;Kendimiz \u00fcretim yap\u0131yoruz. 2019 y\u0131l\u0131ndan beri ayn\u0131 malzemeleri kullan\u0131yoruz. Ayr\u0131ca at\u0131k malzemelerden de \u00fcretim yap\u0131yoruz. Sadece baz\u0131 revizeler yaparak devam ediyoruz. Elimizde olan mevcut malzemelerin \u00fczerine, at\u0131k malzemelerden \u00fcretti\u011fimiz \u00fcr\u00fcnleri ekliyoruz. Renklerini de\u011fi\u015ftiriyoruz, boyama yap\u0131yoruz, tasar\u0131mlar\u0131n\u0131 de\u011fi\u015ftirerek kav\u015faklara ve \u00f6nemli noktalara yerle\u015ftiriyoruz. Mersin&#8217;i y\u0131lba\u015f\u0131na rengarenk ve \u0131\u015f\u0131l \u0131\u015f\u0131l haz\u0131rlad\u0131k&#8221; ifadelerini kulland\u0131.<\/p>\n","protected":false},"excerpt":{"rendered":"<p>Park ve Bah\u00e7eler Dairesi Ba\u015fkanl\u0131\u011f\u0131 b\u00fcnyesinde ger\u00e7ekle\u015ftirilen yeni y\u0131l \u00e7al\u0131\u015fmalar\u0131nda, Mersin&#8217;in 13 il\u00e7esinde cadde, bulvar ve kav\u015faklara \u0131\u015f\u0131klar ve yeni y\u0131l temal\u0131 fig\u00fcrler yerle\u015ftirildi. Yeni y\u0131l temal\u0131 fig\u00fcrler aras\u0131nda; \u00e7am &hellip; <a href=\"https:\/\/akdenizolaygazetesi.com\/?p=23122\" class=\"more-link\">Devam\u0131n\u0131 Oku&#8230;<\/a><\/p>\n","protected":false},"author":2,"featured_media":23123,"comment_status":"open","ping_status":"open","sticky":false,"template":"","format":"standard","meta":[],"categories":[2,3,5],"tags":[],"_links":{"self":[{"href":"https:\/\/akdenizolaygazetesi.com\/index.php?rest_route=\/wp\/v2\/posts\/23122"}],"collection":[{"href":"https:\/\/akdenizolaygazetesi.com\/index.php?rest_route=\/wp\/v2\/posts"}],"about":[{"href":"https:\/\/akdenizolaygazetesi.com\/index.php?rest_route=\/wp\/v2\/types\/post"}],"author":[{"embeddable":true,"href":"https:\/\/akdenizolaygazetesi.com\/index.php?rest_route=\/wp\/v2\/users\/2"}],"replies":[{"embeddable":true,"href":"https:\/\/akdenizolaygazetesi.com\/index.php?rest_route=%2Fwp%2Fv2%2Fcomments&post=23122"}],"version-history":[{"count":1,"href":"https:\/\/akdenizolaygazetesi.com\/index.php?rest_route=\/wp\/v2\/posts\/23122\/revisions"}],"predecessor-version":[{"id":23124,"href":"https:\/\/akdenizolaygazetesi.com\/index.php?rest_route=\/wp\/v2\/posts\/23122\/revisions\/23124"}],"wp:featuredmedia":[{"embeddable":true,"href":"https:\/\/akdenizolaygazetesi.com\/index.php?rest_route=\/wp\/v2\/media\/23123"}],"wp:attachment":[{"href":"https:\/\/akdenizolaygazetesi.com\/index.php?rest_route=%2Fwp%2Fv2%2Fmedia&parent=23122"}],"wp:term":[{"taxonomy":"category","embeddable":true,"href":"https:\/\/akdenizolaygazetesi.com\/index.php?rest_route=%2Fwp%2Fv2%2Fcategories&post=23122"},{"taxonomy":"post_tag","embeddable":true,"href":"https:\/\/akdenizolaygazetesi.com\/index.php?rest_route=%2Fwp%2Fv2%2Ftags&post=23122"}],"curies":[{"name":"wp","href":"https:\/\/api.w.org\/{rel}","templated":true}]}}