{"id":23125,"date":"2022-12-26T13:01:46","date_gmt":"2022-12-26T10:01:46","guid":{"rendered":"http:\/\/akdenizolaygazetesi.com\/?p=23125"},"modified":"2022-12-26T13:01:46","modified_gmt":"2022-12-26T10:01:46","slug":"yenisehir-belediyesine-memleket-gunlerinde-yogun-ilgi","status":"publish","type":"post","link":"https:\/\/akdenizolaygazetesi.com\/?p=23125","title":{"rendered":"Yeni\u015fehir Belediyesine \u201cMemleket G\u00fcnleri\u201dnde yo\u011fun ilgi"},"content":{"rendered":"<p>Mersin Yeni\u015fehir Belediyesi, \u0130stanbul B\u00fcy\u00fck\u015fehir Belediyesi ev sahipli\u011finde 21-25 Aral\u0131k tarihleri aras\u0131nda Maltepe&#8217;de d\u00fczenlenen Mersin Memleket G\u00fcnleri&#8217;nde yerini alarak misafirleri a\u011f\u0131rlad\u0131. \u0130stanbul\u2019daki vatanda\u015flar\u0131n yo\u011fun ilgi g\u00f6sterdi\u011fi Yeni\u015fehir Belediyesi stantlar\u0131nda, Yeni\u015fehir Belediyesi Akademi taraf\u0131ndan y\u00fcr\u00fct\u00fclen Erken \u00c7ocukluk Geli\u015fimi; Yeni\u015fehir Modeli Projesi, Yeni\u015fehir Belediyesi \u0130klim De\u011fi\u015fikli\u011fi ve S\u0131f\u0131r At\u0131k M\u00fcd\u00fcrl\u00fc\u011f\u00fcn\u00fcn \u00e7al\u0131\u015fmalar\u0131n\u0131 i\u00e7eren projeler anlat\u0131ld\u0131. Ayr\u0131ca Mersin Yeni\u015fehir Tar\u0131msal Kalk\u0131nma Kooperatifinin stand\u0131nda ise kooperatif taraf\u0131ndan \u00fcretilen do\u011fal \u00fcr\u00fcnler de ziyaret\u00e7ilerin be\u011fenisine sunuldu.<br \/>\nMersin Yeni\u015fehir Belediyesinin \u00f6rnek projeleri \u0130stanbul&#8217;da da tan\u0131t\u0131ld\u0131. 21-25 Aral\u0131k tarihlerinde \u0130stanbul Maltepe\u2019de d\u00fczenlenen Mersin Memleket G\u00fcnleri&#8217;nde Yeni\u015fehir Belediyesinin stantlar\u0131 bo\u015f kalmad\u0131. E\u011fitimi \u00f6nceleyen projeleri Yeni\u015fehir&#8217;de hayata ge\u00e7iren Yeni\u015fehir Belediyesi, fuara gelenlerden tam not ald\u0131. K\u00fclt\u00fcr \u00e7ad\u0131r\u0131nda kurulan proje tan\u0131t\u0131m alan\u0131nda, Yeni\u015fehir Belediyesi Akademi taraf\u0131ndan y\u00fcr\u00fct\u00fclen Erken \u00c7ocukluk Geli\u015fimi; Yeni\u015fehir Modeli Projesi fuara gelen anne ve babalar ba\u015fta olmak \u00fczere yo\u011fun kat\u0131l\u0131m sa\u011flayan vatanda\u015flara anlat\u0131ld\u0131. Yeni\u015fehir Belediyesi Akademi Genel Koordinat\u00f6r\u00fc Raif \u00c7akmak taraf\u0131ndan yap\u0131lan sunumda, Erken \u00c7ocukluk Geli\u015fimi; Yeni\u015fehir Modeli Projesi ile \u00e7ocuklar\u0131n erken ya\u015flardan itibaren nas\u0131l desteklendi\u011fi ile ilgili ayr\u0131nt\u0131l\u0131 bilgiler verildi.<br \/>\nMersin Memleket G\u00fcnleri\u2019nde Yeni\u015fehir Temiz \u00c7evre At\u0131k Y\u00f6netimi ve Dan\u0131\u015fmanl\u0131k A.\u015e ile Yeni\u015fehir Belediyesi \u0130klim De\u011fi\u015fikli\u011fi ve S\u0131f\u0131r At\u0131k M\u00fcd\u00fcrl\u00fc\u011f\u00fcn\u00fcn S\u0131f\u0131r At\u0131k Projesi ba\u015fta olmak \u00fczere il\u00e7enin ekoloji konusundaki \u00e7al\u0131\u015fmalar\u0131n da tan\u0131t\u0131m\u0131 yap\u0131ld\u0131. Y\u00f6resel \u00fcr\u00fcnler \u00e7ad\u0131r\u0131nda yerini alan Mersin Yeni\u015fehir Tar\u0131msal Kalk\u0131nma Kooperatifinde ise il\u00e7e \u00fcreticileri ve kooperatif taraf\u0131ndan \u00fcretilen \u00fcr\u00fcnlere ziyaret\u00e7iler yo\u011fun ilgi g\u00f6sterdi. Senegal Ticaret Al\u0131m Ekibinin de ziyaret etti\u011fi kooperatifte Y\u00f6netim Kurulu Ba\u015fkan\u0131 Necmi Birim ekibe Mersin\u2019in tar\u0131msal varl\u0131\u011f\u0131 hakk\u0131nda bilgi verdi. Mersin\u2019in sebze ve meyve \u00e7e\u015fitlili\u011fi a\u00e7\u0131s\u0131ndan zengin oldu\u011funu anlatan Birim, ihracata uygun \u00fcr\u00fcnlerinde fazlala\u015ft\u0131\u011f\u0131n\u0131n alt\u0131n\u0131 \u00e7izdi.<br \/>\nMersin Yeni\u015fehir Belediye Ba\u015fkan\u0131 Abdullah \u00d6zyi\u011fit Mersin Memleket G\u00fcnleri\u2019nde belediyenin stantlar\u0131n\u0131 ziyaret eden misafirlere te\u015fekk\u00fcr ederek \u201c\u0130stanbullular ve \u0130stanbul\u2019da ya\u015fay\u0131p Mersin hasreti \u00e7eken hem\u015fehrilerimiz i\u00e7in Mersin Yeni\u015fehir Belediyesi olarak biz de oradayd\u0131k. Yeni\u015fehir Belediyemizin hayata ge\u00e7irdi\u011fi \u00f6rnek projeleri d\u00f6rt g\u00fcn boyunca kat\u0131l\u0131mc\u0131lara anlatt\u0131k, \u00fcretti\u011fimiz \u00fcr\u00fcnlerden ikram ettik. Mersin Memleket G\u00fcnleri\u2019nde yerini alarak emek veren \u00e7al\u0131\u015fma arkada\u015flar\u0131ma \u00e7ok te\u015fekk\u00fcr ederim.\u201d \u015feklinde konu\u015ftu.<\/p>\n","protected":false},"excerpt":{"rendered":"<p>Mersin Yeni\u015fehir Belediyesi, \u0130stanbul B\u00fcy\u00fck\u015fehir Belediyesi ev sahipli\u011finde 21-25 Aral\u0131k tarihleri aras\u0131nda Maltepe&#8217;de d\u00fczenlenen Mersin Memleket G\u00fcnleri&#8217;nde yerini alarak misafirleri a\u011f\u0131rlad\u0131. \u0130stanbul\u2019daki vatanda\u015flar\u0131n yo\u011fun ilgi g\u00f6sterdi\u011fi Yeni\u015fehir Belediyesi stantlar\u0131nda, Yeni\u015fehir &hellip; <a href=\"https:\/\/akdenizolaygazetesi.com\/?p=23125\" class=\"more-link\">Devam\u0131n\u0131 Oku&#8230;<\/a><\/p>\n","protected":false},"author":2,"featured_media":23126,"comment_status":"open","ping_status":"open","sticky":false,"template":"","format":"standard","meta":[],"categories":[2,3,5],"tags":[],"_links":{"self":[{"href":"https:\/\/akdenizolaygazetesi.com\/index.php?rest_route=\/wp\/v2\/posts\/23125"}],"collection":[{"href":"https:\/\/akdenizolaygazetesi.com\/index.php?rest_route=\/wp\/v2\/posts"}],"about":[{"href":"https:\/\/akdenizolaygazetesi.com\/index.php?rest_route=\/wp\/v2\/types\/post"}],"author":[{"embeddable":true,"href":"https:\/\/akdenizolaygazetesi.com\/index.php?rest_route=\/wp\/v2\/users\/2"}],"replies":[{"embeddable":true,"href":"https:\/\/akdenizolaygazetesi.com\/index.php?rest_route=%2Fwp%2Fv2%2Fcomments&post=23125"}],"version-history":[{"count":1,"href":"https:\/\/akdenizolaygazetesi.com\/index.php?rest_route=\/wp\/v2\/posts\/23125\/revisions"}],"predecessor-version":[{"id":23127,"href":"https:\/\/akdenizolaygazetesi.com\/index.php?rest_route=\/wp\/v2\/posts\/23125\/revisions\/23127"}],"wp:featuredmedia":[{"embeddable":true,"href":"https:\/\/akdenizolaygazetesi.com\/index.php?rest_route=\/wp\/v2\/media\/23126"}],"wp:attachment":[{"href":"https:\/\/akdenizolaygazetesi.com\/index.php?rest_route=%2Fwp%2Fv2%2Fmedia&parent=23125"}],"wp:term":[{"taxonomy":"category","embeddable":true,"href":"https:\/\/akdenizolaygazetesi.com\/index.php?rest_route=%2Fwp%2Fv2%2Fcategories&post=23125"},{"taxonomy":"post_tag","embeddable":true,"href":"https:\/\/akdenizolaygazetesi.com\/index.php?rest_route=%2Fwp%2Fv2%2Ftags&post=23125"}],"curies":[{"name":"wp","href":"https:\/\/api.w.org\/{rel}","templated":true}]}}