{"id":23128,"date":"2022-12-26T13:03:28","date_gmt":"2022-12-26T10:03:28","guid":{"rendered":"http:\/\/akdenizolaygazetesi.com\/?p=23128"},"modified":"2022-12-26T13:03:28","modified_gmt":"2022-12-26T10:03:28","slug":"cerkeslerden-baskan-yilmaza-yilin-en-basarili-belediye-baskani-odulu","status":"publish","type":"post","link":"https:\/\/akdenizolaygazetesi.com\/?p=23128","title":{"rendered":"\u00c7ERKESLERDEN BA\u015eKAN YILMAZ&#8217;A, &#8220;YILIN EN BA\u015eARILI BELED\u0130YE BA\u015eKANI&#8221; \u00d6D\u00dcL\u00dc"},"content":{"rendered":"<p>Uluslararas\u0131 Kafkas Derne\u011fi taraf\u0131ndan Y\u0131l\u0131n En Ba\u015far\u0131l\u0131 Belediye Ba\u015fkan\u0131 \u00d6d\u00fcl\u00fcne lay\u0131k g\u00f6r\u00fclen Ba\u015fkan Y\u0131lmaz; &#8220;Bu \u00f6d\u00fcl\u00fc Mersin&#8217;in ve il\u00e7emizin tek \u00c7erkes K\u00f6y\u00fc olan Sadiye&#8217;nin yi\u011fit insanlar\u0131na arma\u011fan ediyorum&#8221; dedi.<\/p>\n<p>Mersin&#8217;in merkez il\u00e7esi Toroslar Belediye Ba\u015fkan\u0131 Ats\u0131z Af\u015f\u0131n Y\u0131lmaz, Uluslararas\u0131 Kafkas Derne\u011fi taraf\u0131ndan bu y\u0131l 13&#8217;\u00fcnc\u00fcs\u00fc d\u00fczenlenen Y\u0131l\u0131n En \u0130yileri \u00d6d\u00fcl T\u00f6reninde, &#8220;Y\u0131l\u0131n En Ba\u015far\u0131l\u0131 Belediye Ba\u015fkan\u0131&#8221; \u00f6d\u00fcl\u00fcn\u00fcn sahibi oldu.<\/p>\n<p>&#8220;Ba\u015fkan Y\u0131lmaz, \u00d6d\u00fcl\u00fcn\u00fc Cumhurba\u015fkan\u0131 Ba\u015fdan\u0131\u015fman\u0131 T\u00fcrkmeno\u011flu&#8217;ndan Ald\u0131&#8221;<\/p>\n<p>Ankara Korkut Ata K\u00fclt\u00fcr Merkezi&#8217;nde ger\u00e7ekle\u015fen t\u00f6rende Ba\u015fkan Y\u0131lmaz, \u00f6d\u00fcl\u00fcn\u00fc Cumhurba\u015fkan\u0131 Recep Tayyip Erdo\u011fan&#8217;\u0131n Ba\u015fdan\u0131\u015fman\u0131 Ay\u015fe T\u00fcrkmeno\u011flu&#8217;nun elinden ald\u0131. Cumhurba\u015fkan\u0131 Ba\u015fdan\u0131\u015fman\u0131 T\u00fcrkmeno\u011flu, Ba\u015fkan Y\u0131lmaz&#8217;\u0131 tebrik ederek, ba\u015far\u0131lar\u0131n\u0131n devam\u0131n\u0131 diledi.<\/p>\n<p>K\u00fclt\u00fcr ve Turizm eski Bakan\u0131 Yal\u00e7\u0131n Top\u00e7u, Etimesgut Belediye Ba\u015fkan\u0131 Enver Demirel, \u00d6nceki D\u00f6nem Mersin Kafkas K\u00fclt\u00fcr ve Yard\u0131mla\u015fma Derne\u011fi Ba\u015fkan\u0131 ve MHP Toroslar \u0130l\u00e7e Y\u00f6neticisi G\u00fcner Savrum, Mersin Toroslar Sadiye Mahalle Muhtar\u0131 Mutlu \u00d6zdemir, i\u015f, sanat ve spor d\u00fcnyas\u0131ndan \u00e7ok say\u0131da davetlinin kat\u0131ld\u0131\u011f\u0131 gecede \u00f6d\u00fcl alanlara kalpak giydirildi.<\/p>\n<p>\u00d6d\u00fcl t\u00f6renine e\u015fi Meltem Y\u0131lmaz ile birlikte kat\u0131lan Ba\u015fkan Y\u0131lmaz&#8217;a kalpa\u011f\u0131n\u0131 ise Uluslararas\u0131 Kafkas Derne\u011fi Genel Ba\u015fkan\u0131 O\u011fuz Berk takdim etti.<\/p>\n<p>&#8220;\u00dcnl\u00fc Tarih\u00e7i Prof.Dr. \u0130lber Ortayl\u0131 da &#8220;Onur&#8221; \u00d6d\u00fcl\u00fcn\u00fcn Sahibi Oldu&#8221;<\/p>\n<p>\u0130mza G\u00fcn\u00fc, Elbruz \u00c7erkes K\u00fclt\u00fcr K\u00f6y\u00fc Lansman\u0131, Halk Danslar\u0131 G\u00f6sterisi, Aslan Tlebzu Konseri ve Mahalli D\u00fc\u011f\u00fcn ile renklenen t\u00f6rende; T\u00fcrk tarih\u00e7i, akademisyen ve yazar Prof. Dr. \u0130lber Ortayl\u0131 da onur \u00f6d\u00fcl\u00fcne lay\u0131k g\u00f6r\u00fcld\u00fc.<\/p>\n<p>Toroslar Belediye Ba\u015fkan\u0131 Ats\u0131z Af\u015f\u0131n Y\u0131lmaz, \u00f6d\u00fcl ald\u0131\u011f\u0131 gecede j\u00fcri \u00f6zel \u00f6d\u00fcl\u00fcne lay\u0131k g\u00f6r\u00fclen Ankara Meydan\u0131 program\u0131 yorumcular\u0131 \u0130brahim G\u00f6kdemir, Bayram Polat ve Ayd\u0131n Tufan&#8217;a da \u00f6d\u00fcllerini takdim etti.<\/p>\n<p>Cumhurba\u015fkan\u0131 Ba\u015fdan\u0131\u015fman\u0131 T\u00fcrkmeno\u011flu; &#8220;Burada Birlik ve Beraberlik Var&#8221;<\/p>\n<p>Cumhurba\u015fkan\u0131 Ba\u015fdan\u0131\u015fman\u0131 Ay\u015fe T\u00fcrkmeno\u011flu, birlik ve beraberli\u011fe vurgu yaparak; &#8220;Atalar\u0131m\u0131z\u0131n ge\u00e7mi\u015fini payla\u015ft\u0131\u011f\u0131 Kafkasya&#8217;dan buraya g\u00f6\u00e7 edenlerin, burada da birlik ve beraberlik i\u00e7inde olmas\u0131 ve ayn\u0131 zamanda da T\u00fcrkiye Cumhuriyeti Devleti&#8217;nin birer vatanda\u015f\u0131 ve T\u00fcrk vatanda\u015flar\u0131 olmas\u0131 nedeniyle bu birliktelik, bir Milliyet\u00e7iliktir&#8221; dedi,<\/p>\n<p>Ba\u015fkan Y\u0131lmaz; &#8220;Bu \u00d6d\u00fcl\u00fc, Rahmetli Kay\u0131nbabama ve Sadiye Mahallemizin Yi\u011fit \u0130nsanlar\u0131na Arma\u011fan Ediyorum&#8221;<\/p>\n<p>Toroslar Belediye Ba\u015fkan\u0131 Ats\u0131z Af\u015f\u0131n Y\u0131lmaz ise Uluslararas\u0131 Kafkas Derne\u011fi taraf\u0131ndan Y\u0131l\u0131n En Ba\u015far\u0131l\u0131 Belediye Ba\u015fkan\u0131 \u00f6d\u00fcl\u00fcne lay\u0131k g\u00f6r\u00fclmenin onurunu ve gururunu ya\u015fad\u0131klar\u0131n\u0131 s\u00f6yledi.<\/p>\n<p>&#8220;Kaf da\u011f\u0131n\u0131n ard\u0131ndan ac\u0131yla, s\u00fcrg\u00fcnle, s\u00fcz\u00fcl\u00fcp gelen Kafkaslar\u0131n yi\u011fit insanlar\u0131 hepinizi sayg\u0131 ve sevgiyle selaml\u0131yorum&#8221; diyerek konu\u015fmas\u0131na ba\u015flayan Ba\u015fkan Y\u0131lmaz; &#8220;Bu \u00f6d\u00fclden son derece gurur ve onur duyuyorum. Bu yi\u011fit insanlar, bu kadar s\u0131k\u0131nt\u0131n\u0131n, yoklu\u011fun i\u00e7inden gelmi\u015fler Anadolu&#8217;da vatan savunmas\u0131 yapm\u0131\u015flard\u0131r. Disiplinlilikleri, yi\u011fitlilikleri ve kahramanl\u0131l\u0131klar\u0131yla da destan olmu\u015flard\u0131r. Kafkas ve \u00c7erkes S\u00fcrg\u00fcn\u00fc&#8217;nde, vatan savunmas\u0131nda \u015fehit olan, hayat\u0131n\u0131 kaybeden t\u00fcm b\u00fcy\u00fcklerimizi rahmetle an\u0131yorum. Ruhlar\u0131 \u015fad, mek\u00e2nlar\u0131 cennet olsun&#8221; ifadelerini kulland\u0131.<\/p>\n<p>Ba\u015fkan Y\u0131lmaz, e\u015fi Meltem Y\u0131lmaz&#8217;\u0131n Kahramanmara\u015f&#8217;\u0131n G\u00f6ks\u00fcn il\u00e7esi Sarayc\u0131k k\u00f6y\u00fcnden J\u00fck ailesinden rahmetli Kadir \u00d6zcan&#8217;\u0131n k\u0131z\u0131 oldu\u011funu ve bir \u00e7erkes damad\u0131 olarak bu \u00f6d\u00fcl\u00fcn kendisini ayr\u0131ca duyguland\u0131rd\u0131\u011f\u0131n\u0131 kaydederek; &#8220;Bu \u00f6d\u00fcl\u00fc, birka\u00e7 y\u0131l \u00f6nce vefat eden rahmetli kay\u0131nbabama arma\u011fan ediyorum. Allah rahmet eylesin. Mersin&#8217;de tek bir \u00e7erkes k\u00f6y\u00fcm\u00fcz var. O da il\u00e7emizde bulunan Sadiye K\u00f6y\u00fc. Hem sosyal a\u00e7\u0131dan, hem hiyerar\u015fi hem de tertip ve d\u00fczen a\u00e7\u0131s\u0131ndan \u00f6rnek bir k\u00f6yd\u00fcr. Bu \u00f6d\u00fcl\u00fc ayn\u0131 zamanda Sadiye K\u00f6y\u00fcm\u00fcz\u00fcn yi\u011fit insanlar\u0131na arma\u011fan ediyorum&#8221; \u015feklinde konu\u015ftu.<\/p>\n<p>Ba\u015fkan Y\u0131lmaz, gecede \u00f6d\u00fcl\u00fcn\u00fc, Cumhurba\u015fkan\u0131 Ba\u015fdan\u0131\u015fman\u0131 Ay\u015fe T\u00fcrkmeno\u011flu&#8217;ndan almaktan onur duydu\u011funu da s\u00f6yleyerek, program\u0131n d\u00fczenlenmesinde eme\u011fi ge\u00e7en Uluslararas\u0131 Kafkas Derne\u011fi Genel Ba\u015fkan\u0131 O\u011fuz Berk ve \u00d6nceki D\u00f6nem Mersin Kafkas K\u00fclt\u00fcr ve Yard\u0131mla\u015fma Derne\u011fi Ba\u015fkan\u0131 ve MHP Toroslar \u0130l\u00e7e Y\u00f6neticisi G\u00fcner Savrum&#8217;a misafirperverlikleri i\u00e7in te\u015fekk\u00fcr etti.<\/p>\n<p>Uluslararas\u0131 Kafkas Derne\u011fi Genel Ba\u015fkan\u0131 O\u011fuz Berk de Ba\u015fkan Y\u0131lmaz&#8217;a programa kat\u0131l\u0131mlar\u0131ndan dolay\u0131 te\u015fekk\u00fcr ederek, bir sonraki \u00f6d\u00fcl t\u00f6renini Mersin&#8217;de yapmay\u0131 planlad\u0131klar\u0131n\u0131 s\u00f6yledi. Program, halk danslar\u0131 g\u00f6sterileriyle sona erdi.<\/p>\n<p>Uluslararas\u0131 Kafkas Derne\u011fi taraf\u0131ndan bu y\u0131l 13&#8217;\u00fcnc\u00fcs\u00fc d\u00fczenlenen Y\u0131l\u0131n En \u0130yileri \u00d6d\u00fcl T\u00f6reninde, \u00d6d\u00fcl alanlar ise \u015f\u00f6yle;<\/p>\n<p>Onur \u00d6d\u00fcl\u00fc;<\/p>\n<p>Prof. Dr. \u0130lber Ortayl\u0131 (T\u00fcrk tarih\u00e7i, akademisyen ve yazar)<br \/>\nProf. Dr Faz\u0131l Tekin (Osmangazi \u00dcniversitesi Kurucu Rekt\u00f6r\u00fc)<br \/>\nRe\u015fit Buru\u015f (\u00c7erkes Ethem&#8217;in ye\u011feni)<br \/>\nMahmut To\u011fuzataz (Kahramanmara\u015f Milli Komutan\u0131 Aslanbey To\u011fuzata&#8217;n\u0131n o\u011flu)<br \/>\nOral Koba\u015f (Kocaeli Milli M\u00fccadele Kahraman\u0131 R\u00fc\u015ft\u00fc Koba\u015f&#8217;\u0131n ye\u011feni)<br \/>\n\u00d6mer Onarok (Tokat Milli M\u00fccadele Kahraman\u0131 Binba\u015f\u0131 Osman Onarok&#8217;un torunu)<\/p>\n<p>Uluslararas\u0131 Kafkas Derne\u011fi Y\u0131l\u0131n Belediye Ba\u015fkan\u0131 \u00d6d\u00fcl\u00fc;<br \/>\nAts\u0131z Af\u015f\u0131n Y\u0131lmaz (Mersin Toroslar Belediye Ba\u015fkan\u0131)<\/p>\n<p>Uluslararas\u0131 Kafkas Derne\u011fi Vefa \u00d6d\u00fcl\u00fc;<br \/>\nTurhan Akhan<br \/>\nSaim Da\u015fc\u0131<\/p>\n<p>Y\u0131l\u0131n Spor \u00d6d\u00fclleri;<\/p>\n<p>Sait Babao\u011flu (Bak\u0131rk\u00f6y Belediyesi Spor M\u00fcd\u00fcr\u00fc)<br \/>\nMehmet Ayberk Ko\u015fak (Artistik Jimnastik T\u00fcrkiye \u015eampiyonu)<br \/>\nG\u00fclbahar G\u00f6z\u00fctok (U21 D\u00fcnya Karete \u015eampiyonu)<br \/>\nS\u00fcha Baytekin (Yazar)<br \/>\nJanet \u00d6zden (\u00c7erkes El sanatlar\u0131 Ustas\u0131)<br \/>\n\u00d6mer Ertu\u011frul (Ressam)<br \/>\nKoray \u00c7elik (Manyas Kaymakam\u0131)<br \/>\nSerdar K\u0131l\u0131\u00e7 ad\u0131na karde\u015fi Se\u00e7kin K\u0131l\u0131\u00e7 (Do\u011fa&#8217;da Tek Ba\u015f\u0131na&#8221; Belgesel yap\u0131mc\u0131s\u0131)<br \/>\n\u0130lter Sa\u011f\u0131rsoy (Kent T\u00fcrk Tv Yap\u0131mc\u0131<br \/>\nEmre Yurdakul (Kent T\u00fcrk Tv)<\/p>\n<p>Ankara Meydan\u0131 Program\u0131 Yorumcular\u0131<br \/>\n\u0130brahim G\u00f6kdemir<br \/>\nBayram Polat<br \/>\nAyd\u0131n Tufan<\/p>\n<p>Dil Kursu Hocalar\u0131<br \/>\nMetin G\u00fcn<br \/>\nYasin Ta\u015fc\u0131<br \/>\nBezir Zabit<br \/>\nMuammer Tekin<br \/>\nAmra Moran<br \/>\n Eda Moran<br \/>\nAstanda Khuapshykhu<\/p>\n<p>Ya\u015far K\u00f6k (Mu\u015f \u0130mam \u015eamil Caddesi a\u00e7\u0131l\u0131\u015f\u0131 vesilesiyle)<br \/>\nAhmet \u0130rice (Turhal Binba\u015f\u0131 Osman Onarok Park\u0131 a\u00e7\u0131l\u0131\u015f\u0131 sebebiyle)<\/p>\n<p>Sponsorlar<br \/>\nHalis Din<br \/>\nSerhat Baldan<br \/>\nAk\u0131n Acar<\/p>\n<p>Usta P\u015f\u0131navolerimiz K\u00fclt\u00fcr El\u00e7ileri<br \/>\nAbdullah Baykald\u0131<br \/>\nHakan Sert<\/p>\n","protected":false},"excerpt":{"rendered":"<p>Uluslararas\u0131 Kafkas Derne\u011fi taraf\u0131ndan Y\u0131l\u0131n En Ba\u015far\u0131l\u0131 Belediye Ba\u015fkan\u0131 \u00d6d\u00fcl\u00fcne lay\u0131k g\u00f6r\u00fclen Ba\u015fkan Y\u0131lmaz; &#8220;Bu \u00f6d\u00fcl\u00fc Mersin&#8217;in ve il\u00e7emizin tek \u00c7erkes K\u00f6y\u00fc olan Sadiye&#8217;nin yi\u011fit insanlar\u0131na arma\u011fan ediyorum&#8221; dedi. Mersin&#8217;in &hellip; <a href=\"https:\/\/akdenizolaygazetesi.com\/?p=23128\" class=\"more-link\">Devam\u0131n\u0131 Oku&#8230;<\/a><\/p>\n","protected":false},"author":2,"featured_media":23129,"comment_status":"open","ping_status":"open","sticky":false,"template":"","format":"standard","meta":[],"categories":[7,34,1,3,5],"tags":[],"_links":{"self":[{"href":"https:\/\/akdenizolaygazetesi.com\/index.php?rest_route=\/wp\/v2\/posts\/23128"}],"collection":[{"href":"https:\/\/akdenizolaygazetesi.com\/index.php?rest_route=\/wp\/v2\/posts"}],"about":[{"href":"https:\/\/akdenizolaygazetesi.com\/index.php?rest_route=\/wp\/v2\/types\/post"}],"author":[{"embeddable":true,"href":"https:\/\/akdenizolaygazetesi.com\/index.php?rest_route=\/wp\/v2\/users\/2"}],"replies":[{"embeddable":true,"href":"https:\/\/akdenizolaygazetesi.com\/index.php?rest_route=%2Fwp%2Fv2%2Fcomments&post=23128"}],"version-history":[{"count":1,"href":"https:\/\/akdenizolaygazetesi.com\/index.php?rest_route=\/wp\/v2\/posts\/23128\/revisions"}],"predecessor-version":[{"id":23130,"href":"https:\/\/akdenizolaygazetesi.com\/index.php?rest_route=\/wp\/v2\/posts\/23128\/revisions\/23130"}],"wp:featuredmedia":[{"embeddable":true,"href":"https:\/\/akdenizolaygazetesi.com\/index.php?rest_route=\/wp\/v2\/media\/23129"}],"wp:attachment":[{"href":"https:\/\/akdenizolaygazetesi.com\/index.php?rest_route=%2Fwp%2Fv2%2Fmedia&parent=23128"}],"wp:term":[{"taxonomy":"category","embeddable":true,"href":"https:\/\/akdenizolaygazetesi.com\/index.php?rest_route=%2Fwp%2Fv2%2Fcategories&post=23128"},{"taxonomy":"post_tag","embeddable":true,"href":"https:\/\/akdenizolaygazetesi.com\/index.php?rest_route=%2Fwp%2Fv2%2Ftags&post=23128"}],"curies":[{"name":"wp","href":"https:\/\/api.w.org\/{rel}","templated":true}]}}