{"id":23134,"date":"2022-12-27T13:23:09","date_gmt":"2022-12-27T10:23:09","guid":{"rendered":"http:\/\/akdenizolaygazetesi.com\/?p=23134"},"modified":"2022-12-27T13:23:09","modified_gmt":"2022-12-27T10:23:09","slug":"baskan-secer-meslek-odalariyla-bir-araya-geldi","status":"publish","type":"post","link":"https:\/\/akdenizolaygazetesi.com\/?p=23134","title":{"rendered":"BA\u015eKAN SE\u00c7ER, MESLEK ODALARIYLA B\u0130R ARAYA GELD\u0130"},"content":{"rendered":"<p>Mersin B\u00fcy\u00fck\u015fehir Belediye Ba\u015fkan\u0131 Vahap Se\u00e7er, kent dinamikleriyle beraber Mersin&#8217;e kaliteli hizmet sunmak ad\u0131na &#8220;Kente S\u00f6z\u00fcm\u00fcz Var&#8221; ba\u015fl\u0131\u011f\u0131yla hayata ge\u00e7irdi\u011fi &#8220;Sivil Toplum Bulu\u015fmalar\u0131&#8221;n\u0131 s\u00fcrd\u00fcr\u00fcyor. Ba\u015fkan Se\u00e7er, kentte aktif g\u00f6rev y\u00fcr\u00fcten meslek odalar\u0131n\u0131n ba\u015fkan ve y\u00f6neticileriyle bir araya geldi.<br \/>\n&#8220;Bu toplant\u0131lar\u0131n kent y\u00f6netiminde \u00f6nemli katk\u0131lar yapt\u0131\u011f\u0131n\u0131 g\u00f6r\u00fcyoruz&#8221;<br \/>\nB\u00fcy\u00fck\u015fehir Belediyesi Kongre ve Sergi Saray\u0131&#8217;nda ger\u00e7ekle\u015ftirilen toplant\u0131da kat\u0131l\u0131mc\u0131lar, \u00f6neri ve taleplerini dile getirdi.<br \/>\nMersin&#8217;de bulunan sivil toplum kurulu\u015flar\u0131 ile bir araya gelmelerinin kent y\u00f6netimine olumlu katk\u0131lar\u0131 oldu\u011funu belirten Ba\u015fkan Se\u00e7er, &#8220;Farkl\u0131 kesimlerden kurumlarla beraber yapt\u0131\u011f\u0131m\u0131z bu toplant\u0131lar\u0131n kent y\u00f6netiminde de \u00e7ok \u00f6nemli katk\u0131lar yapt\u0131\u011f\u0131n\u0131 g\u00f6r\u00fcyoruz ve bu toplant\u0131lar\u0131 s\u00fcrd\u00fcrmekte kararl\u0131y\u0131z&#8221; dedi. Bu bulu\u015fman\u0131n devam edece\u011fini vurgulayan Ba\u015fkan Se\u00e7er, meslek odalar\u0131na misafir olmak iste\u011fini de dile getirdi.<br \/>\nKentin ihtiya\u00e7lar\u0131n\u0131 kar\u015f\u0131lamak i\u00e7in mevcut \u015fartlar\u0131 en iyi \u015fekilde kulland\u0131klar\u0131n\u0131 dile getiren Ba\u015fkan Se\u00e7er, bu s\u00fcre\u00e7te \u00fclke ve d\u00fcnya g\u00fcndemini me\u015fgul eden geli\u015fmeler ya\u015fand\u0131\u011f\u0131n\u0131 belirtti. Se\u00e7er, &#8220;Belediye Ba\u015fkan\u0131 olarak bu s\u00fcre\u00e7le ilgili, &#8216;Bunu b\u00f6yle yapmasayd\u0131k iyi olurdu&#8217; diyece\u011fim \u00e7al\u0131\u015fmam\u0131z oldu\u011funu s\u00f6yleyemem. Genel anlamda yapt\u0131\u011f\u0131m\u0131z \u00e7al\u0131\u015fmalar\u0131n, uygulamaya koydu\u011fumuz projelerin geri d\u00f6n\u00fc\u015f\u00fcm\u00fcn\u00fcn olumlu olmas\u0131, bizi de bir sonraki yapaca\u011f\u0131m\u0131z \u00e7al\u0131\u015fmalara y\u00f6nelik motive etti\u011fini s\u00f6yleyebilirim. Bu y\u00f6netim, hem kentin sosyo-ekonomik sorunlar\u0131n\u0131 \u00e7\u00f6zecek hem yap\u0131sal sorunlar\u0131na m\u00fcdahale edecek hem kentin geli\u015fmesini sa\u011flayacak bir\u00e7ok konuda \u00f6nemli \u00e7al\u0131\u015fmalar\u0131n alt\u0131na imza att\u0131&#8221;  diye konu\u015ftu.<br \/>\nBelediye hizmetlerinin yeterli finans ve yeterli insan kayna\u011f\u0131 ile s\u00fcrd\u00fcr\u00fclebilir oldu\u011funun alt\u0131n\u0131 \u00e7izen Ba\u015fkan Se\u00e7er, Mersin B\u00fcy\u00fck\u015fehir Belediyesi&#8217;nde g\u00f6reve geldikleri g\u00fcn itibariyle her ikisinde de sorunlu bir s\u00fcre\u00e7 ya\u015fad\u0131klar\u0131n\u0131 aktard\u0131.<br \/>\n&#8220;3 y\u0131l 9 ayda \u00f6dedi\u011finiz para o 1 y\u0131ll\u0131k gelir b\u00fct\u00e7enize e\u015f&#8221;<br \/>\nBa\u015fkan Se\u00e7er bir taraftan bor\u00e7 erittiklerini ama yat\u0131r\u0131mlar\u0131n da h\u0131z kesmedi\u011fini belirtirken &#8220;G\u00f6revde oldu\u011fumuz 3 y\u0131l 9 ayda gelen kaynaklar\u0131n 280 milyon dolar\u0131 borca gitti. Yani benim 2022 y\u0131l\u0131 gelir b\u00fct\u00e7emin dahi ula\u015famad\u0131\u011f\u0131 bir rakamd\u0131r bu. 2022 y\u0131l\u0131 B\u00fcy\u00fck\u015fehir Belediyesi gelir b\u00fct\u00e7em 5.2 milyar lira ve bu 3 y\u0131l 9 ayda \u00f6dedi\u011finiz para 1 y\u0131ll\u0131k gelir b\u00fct\u00e7enize e\u015f&#8221; dedi. Ba\u015fkan Se\u00e7er,   MESK\u0130 de de tablonun de\u011fi\u015fmedi\u011fini, bir yandan bor\u00e7 \u00f6derken bir yandan da proje ve hizmetlerine devam ettiklerini vurgulad\u0131.<br \/>\n&#8220;Yer alt\u0131na da yat\u0131r\u0131m yapm\u0131\u015f\u0131z&#8221;<br \/>\nMersin&#8217;in \u015fu anda ya\u011fmur suyu konusunda, sel konusunda art\u0131k riskinin son derece azald\u0131\u011f\u0131n\u0131 da anlatan Ba\u015fkan Se\u00e7er, &#8220;Yeni y\u00f6netime geldi\u011fim 2019, 2020 y\u0131l\u0131 ba\u015f\u0131 ya\u011fmurlar\u0131n kentte yaratt\u0131\u011f\u0131 tahribatlar\u0131 da g\u00f6z \u00f6n\u00fcne al\u0131rsan\u0131z demek ki yer \u00fcst\u00fcnde oldu\u011fu kadar yer alt\u0131na da yat\u0131r\u0131m yapm\u0131\u015f\u0131z. Hakikaten bu ko\u015fullarda iyi bir i\u015f yap\u0131ld\u0131&#8221; diye konu\u015ftu.<br \/>\n&#8220;Kentin huzuru bizim i\u00e7in her \u015feyden \u00f6nemli&#8221;<br \/>\nMaddi yat\u0131r\u0131mlar\u0131n yan\u0131 s\u0131ra manevi yat\u0131r\u0131mlarda da \u00f6nemli hizmetler ortaya koyduklar\u0131n\u0131 vugrulayan Ba\u015fkan Se\u00e7er, &#8220;Kar\u015f\u0131la\u015ft\u0131\u011f\u0131m yurtta\u015flar\u0131n da y\u00fczlerinde mutluluk, nezaket, sayg\u0131, sevgi g\u00f6r\u00fcyorum. Asl\u0131nda kente yap\u0131lan en b\u00fcy\u00fck yat\u0131r\u0131m\u0131n bu oldu\u011funu d\u00fc\u015f\u00fcn\u00fcyorum&#8221; ifadelerini kulland\u0131.<br \/>\nAnkara siyasetini bilen bir belediye ba\u015fkan\u0131 olarak, Mersin&#8217;de huzuru hakim k\u0131lmay\u0131 \u00f6nceleyen \u00e7al\u0131\u015fmalara b\u00fcy\u00fck \u00f6nem verdiklerini s\u00f6yleyen Se\u00e7er, &#8220;Mersinliler \u015fundan emin olabilir. Her \u015feyden \u00f6ne koydu\u011fum Mersin&#8217;in huzuruna halel getirmemektir ve bunun tesis edilmesini sa\u011flamakt\u0131r. \u00c7\u00fcnk\u00fc kentin huzuru bizim i\u00e7in her \u015feyden \u00f6nemlidir&#8221; diye konu\u015ftu.<br \/>\nBa\u015fkan Se\u00e7er, meslek oda ba\u015fkan ve y\u00f6neticilerinden gelen fikir ve \u00f6nerileri dinlemesinin ard\u0131ndan da de\u011ferlendirmelerde bulundu.<br \/>\nYenilenebilir enerji konusuna dikkat \u00e7eken Ba\u015fkan Se\u00e7er, MESK\u0130&#8217;de bu konuda Ar-Ge birimi kurduklar\u0131n\u0131 anlatt\u0131. Ba\u015fkan Se\u00e7er,  belediyenin yenilenebilir ve g\u00fcne\u015f enerjisinden yararlanma miktar\u0131n\u0131n her ge\u00e7en g\u00fcn artt\u0131\u011f\u0131n\u0131n alt\u0131n\u0131 \u00e7izdi.<br \/>\n\u0130mar planlar\u0131 hakk\u0131nda konu\u015fan Ba\u015fkan Se\u00e7er, Meclis&#8217;teki en sorunlu tart\u0131\u015fmalar\u0131n bu konuda ya\u015fand\u0131\u011f\u0131n\u0131 hat\u0131rlatt\u0131. \u0130mar s\u00fcre\u00e7lerinin kamuoyuna ve ilgililerine a\u00e7\u0131k, \u015feffaf bir \u015fekilde y\u00fcr\u00fct\u00fcld\u00fc\u011f\u00fcn\u00fc s\u00f6yleyen Ba\u015fkan Se\u00e7er, B\u00fcy\u00fck\u015fehir Belediyesi y\u00f6netiminin bu hakk\u0131n\u0131n verilmesi gerekti\u011fine inand\u0131\u011f\u0131n\u0131 s\u00f6yledi. Se\u00e7er, &#8220;Meclis&#8217;te bu kadar ortam\u0131n gerildi\u011fi, Ba\u015fkan&#8217;\u0131n bu kadar aleni \u015fekilde halkla baz\u0131 ger\u00e7ekleri payla\u015ft\u0131\u011f\u0131 hi\u00e7 g\u00f6r\u00fclmemi\u015ftir. Ben bunu yap\u0131yorum. \u00c7\u00fcnk\u00fc kayg\u0131m oy de\u011fil, do\u011fru i\u015fler yapt\u0131\u011f\u0131ma inan\u0131yorum&#8221; diye konu\u015ftu.<br \/>\n&#8220;Ak\u0131ll\u0131 \u015eehir Uygulamalar\u0131&#8221; kapsam\u0131nda gelen bir soru \u00fczerine de bu konuda detayl\u0131 \u00e7al\u0131\u015fmalar\u0131n hayata ge\u00e7irdiklerini dile getiren Ba\u015fkan Se\u00e7er, Teksin Mersin uygulamas\u0131n\u0131 \u00f6rnek olarak verdi. Uygulamaya haftada ortalama 22 bin vatanda\u015f\u0131n mesaj b\u0131rakt\u0131\u011f\u0131n\u0131 ve bu mesajlar\u0131n 13 bine yak\u0131n\u0131n\u0131n talebe d\u00f6n\u00fc\u015ft\u00fc\u011f\u00fcn\u00fc a\u00e7\u0131klayan Ba\u015fkan Se\u00e7er, &#8220;Daha \u00f6nce de s\u00f6ylemi\u015ftim, TEKS\u0130N benim en b\u00fcy\u00fck yard\u0131mc\u0131m. Bu uygulaman\u0131n kullan\u0131m\u0131n yayg\u0131nla\u015ft\u0131r\u0131lmas\u0131 i\u00e7in sohbetlerinizde l\u00fctfen tercih edilmesini \u00f6nerin&#8221; dedi.<br \/>\nMersin Metro Projesi hakk\u0131nda da kat\u0131l\u0131mc\u0131lara bilgiler veren Ba\u015fkan Se\u00e7er, B\u00fcy\u00fck\u015fehir Belediyesi olarak mali disiplini sa\u011flayan g\u00fc\u00e7l\u00fc bir belediye olduklar\u0131 ifadesiyle toplant\u0131daki konu\u015fmas\u0131n\u0131 sonland\u0131rd\u0131.<br \/>\nOda temsilcileri: &#8220;Fikir ve g\u00f6r\u00fc\u015flerimiz yine \u015fehrimize ve Belediyemizin hizmetlerine \u0131\u015f\u0131k olacakt\u0131r&#8221;<br \/>\nB\u00fcy\u00fck\u015fehir Belediyesi&#8217;nin davetiyle kat\u0131ld\u0131\u011f\u0131 ikinci bulu\u015fma oldu\u011funu an\u0131msatan Mersin Eczac\u0131 Odas\u0131 Ba\u015fkan\u0131 \u00d6zg\u00fcn Sa\u011f\u0131r, &#8220;Sahada olanlar, sorunlar\u0131 ya\u015fayanlar biziz ve sorunlarla birebir muhatap olanlar biziz. Bu anlamda, Belediyemizin bize s\u00f6z imkan\u0131n\u0131 verip sorunlar\u0131 konu\u015fabilece\u011fimiz ve bunun \u00e7\u00f6z\u00fcm \u00f6nerilerini alabilece\u011fimiz bir yer olmas\u0131 dolay\u0131s\u0131yla toplant\u0131lar\u0131 \u00f6nemli buluyoruz. Umut ediyorum ki, bug\u00fcnk\u00fc fikir ve g\u00f6r\u00fc\u015flerimiz yine \u015fehrimize ve Belediyemizin hizmetlerine \u0131\u015f\u0131k olacakt\u0131r&#8221; diye konu\u015ftu.<br \/>\nBu t\u00fcr toplant\u0131lar haricinde de B\u00fcy\u00fck\u015fehir Belediye Ba\u015fkan\u0131 Vahap Se\u00e7er&#8217;e kolayl\u0131kla ula\u015fabildiklerini ve bunun son derece \u00f6nemli oldu\u011funu vurgulayan G\u0131da M\u00fchendisleri Odas\u0131 Mersin \u015eube Ba\u015fkan\u0131 Yusuf De\u011firmenci ise toplant\u0131n\u0131n kente katk\u0131 sa\u011flayaca\u011f\u0131na inand\u0131\u011f\u0131n\u0131 belirtti. Toplant\u0131da, T\u00fcrk M\u00fchendis ve Mimar Odalar\u0131 Birli\u011fi (TMMOB) olarak meslekle ilgili sorunlar\u0131n\u0131 veya sunduklar\u0131 \u00e7\u00f6z\u00fcm \u00f6nerilerini birebir g\u00f6r\u00fc\u015fme imkan\u0131 bulduklar\u0131n\u0131 da belirten De\u011firmenci, bu a\u00e7\u0131dan d\u00fczenlenen toplant\u0131lar\u0131n \u00e7ok faydal\u0131 oldu\u011funu s\u00f6yledi.<br \/>\nYerel y\u00f6netimlerin ve meslek \u00f6rg\u00fctlerinin her zaman i\u00e7 i\u00e7e ve beraber hareket etmesinin kent i\u00e7in yararl\u0131 olaca\u011f\u0131na dikkat \u00e7eken TMMOB il koordinasyon kurulu sekreteri ve Makine M\u00fchendisleri Odas\u0131 Mersin \u015eube Ba\u015fkan\u0131 \u0130brahim Y\u00fccesoy ise &#8220;\u00c7\u00fcnk\u00fc fikir fikirden \u00fcst\u00fcn olabiliyor. Fikirlerimizi iletiyoruz, yeni fikirler geli\u015ftiriliyor. \u015eu an mesle\u011fimize yeni giri\u015fimlerde bulunan ve giri\u015fimci olarak imalat yapan \u00fcyelerimizin fikirlerini de payla\u015f\u0131yoruz&#8221; dedi.<\/p>\n","protected":false},"excerpt":{"rendered":"<p>Mersin B\u00fcy\u00fck\u015fehir Belediye Ba\u015fkan\u0131 Vahap Se\u00e7er, kent dinamikleriyle beraber Mersin&#8217;e kaliteli hizmet sunmak ad\u0131na &#8220;Kente S\u00f6z\u00fcm\u00fcz Var&#8221; ba\u015fl\u0131\u011f\u0131yla hayata ge\u00e7irdi\u011fi &#8220;Sivil Toplum Bulu\u015fmalar\u0131&#8221;n\u0131 s\u00fcrd\u00fcr\u00fcyor. Ba\u015fkan Se\u00e7er, kentte aktif g\u00f6rev y\u00fcr\u00fcten &hellip; <a href=\"https:\/\/akdenizolaygazetesi.com\/?p=23134\" class=\"more-link\">Devam\u0131n\u0131 Oku&#8230;<\/a><\/p>\n","protected":false},"author":2,"featured_media":23135,"comment_status":"open","ping_status":"open","sticky":false,"template":"","format":"standard","meta":[],"categories":[1,2,3],"tags":[],"_links":{"self":[{"href":"https:\/\/akdenizolaygazetesi.com\/index.php?rest_route=\/wp\/v2\/posts\/23134"}],"collection":[{"href":"https:\/\/akdenizolaygazetesi.com\/index.php?rest_route=\/wp\/v2\/posts"}],"about":[{"href":"https:\/\/akdenizolaygazetesi.com\/index.php?rest_route=\/wp\/v2\/types\/post"}],"author":[{"embeddable":true,"href":"https:\/\/akdenizolaygazetesi.com\/index.php?rest_route=\/wp\/v2\/users\/2"}],"replies":[{"embeddable":true,"href":"https:\/\/akdenizolaygazetesi.com\/index.php?rest_route=%2Fwp%2Fv2%2Fcomments&post=23134"}],"version-history":[{"count":1,"href":"https:\/\/akdenizolaygazetesi.com\/index.php?rest_route=\/wp\/v2\/posts\/23134\/revisions"}],"predecessor-version":[{"id":23136,"href":"https:\/\/akdenizolaygazetesi.com\/index.php?rest_route=\/wp\/v2\/posts\/23134\/revisions\/23136"}],"wp:featuredmedia":[{"embeddable":true,"href":"https:\/\/akdenizolaygazetesi.com\/index.php?rest_route=\/wp\/v2\/media\/23135"}],"wp:attachment":[{"href":"https:\/\/akdenizolaygazetesi.com\/index.php?rest_route=%2Fwp%2Fv2%2Fmedia&parent=23134"}],"wp:term":[{"taxonomy":"category","embeddable":true,"href":"https:\/\/akdenizolaygazetesi.com\/index.php?rest_route=%2Fwp%2Fv2%2Fcategories&post=23134"},{"taxonomy":"post_tag","embeddable":true,"href":"https:\/\/akdenizolaygazetesi.com\/index.php?rest_route=%2Fwp%2Fv2%2Ftags&post=23134"}],"curies":[{"name":"wp","href":"https:\/\/api.w.org\/{rel}","templated":true}]}}