{"id":23137,"date":"2022-12-27T13:24:27","date_gmt":"2022-12-27T10:24:27","guid":{"rendered":"http:\/\/akdenizolaygazetesi.com\/?p=23137"},"modified":"2022-12-27T13:24:27","modified_gmt":"2022-12-27T10:24:27","slug":"buyuksehirden-dijital-donusum-zirvesi","status":"publish","type":"post","link":"https:\/\/akdenizolaygazetesi.com\/?p=23137","title":{"rendered":"B\u00dcY\u00dcK\u015eEH\u0130R&#8217;DEN &#8216;D\u0130J\u0130TAL D\u00d6N\u00dc\u015e\u00dcM Z\u0130RVES\u0130&#8217;"},"content":{"rendered":"<p>Mersin B\u00fcy\u00fck\u015fehir Belediyesi Bilgi \u0130\u015flem Dairesi&#8217;nin koordinesinde &#8216;Dijital D\u00f6n\u00fc\u015f\u00fcm Zirvesi&#8217; d\u00fczenlendi. Mersin ve Adana&#8217;dan \u00e7e\u015fitli kurumlar\u0131n bili\u015fim sorumlular\u0131n\u0131n ve ilgili personelin kat\u0131ld\u0131\u011f\u0131 program 2 oturumda ger\u00e7ekle\u015fti.<br \/>\nB\u00fcy\u00fck\u015fehir Belediyesi Bilgi \u0130\u015flem Dairesi Ba\u015fkan\u0131 Mustafa Berat Yerman&#8217;\u0131n a\u00e7\u0131l\u0131\u015f konu\u015fmas\u0131 ile ba\u015flayan programda, Bilgi \u0130\u015flem Dairesi Sistem Y\u00f6neticisi Ekrem Erdo\u011fan moderat\u00f6rl\u00fck yapt\u0131. Bilgi G\u00fcvenli\u011fi Siber Olaylara M\u00fcdahale Ekibi (S.O.M.E) Uzman\u0131 Mustafa Sansar, Bilgi G\u00fcvenli\u011fi&#8217;, Adli Bili\u015fim, T\u00fcrkiye&#8217;de ve d\u00fcnyada siber g\u00fcvenlik vakalar\u0131 konular\u0131n\u0131 anlatt\u0131. Sansar, ulusal ve uluslararas\u0131 firmalar\u0131n veri s\u0131z\u0131nt\u0131s\u0131 olaylar\u0131n\u0131 \u00f6rnekler \u00fczerinden aktard\u0131.<br \/>\nSiber G\u00fcvenlik ve Uygulamal\u0131 Sim\u00fclasyon alan\u0131nda uzman Safa Karaku\u015f, S.O.M.E, siber g\u00fcvenlik konular\u0131nda bilgi aktard\u0131 ve uygulamal\u0131 test \u00e7al\u0131\u015fmas\u0131 ger\u00e7ekle\u015ftirdi.<br \/>\nAvukat F. \u00dcnsal \u00d6zmestik, siber g\u00fcvenlik, KVKK gibi konular\u0131 \u00f6rnekler \u00fczerinden kat\u0131l\u0131mc\u0131lara aktard\u0131. Soru cevaplarla interaktif bir \u015fekilde ilerleyen programda kat\u0131l\u0131mc\u0131lar, kendi kurumlar\u0131 \u00fczerinden sorular sorarak merak ettikleri konular hakk\u0131nda bilgi sahibi oldu.<br \/>\nT\u00fcrksat \u0130\u015f Geli\u015ftirme Tak\u0131m Lideri Fatih \u00c7i\u00e7ek ise e-Devlet Kap\u0131s\u0131 ve i\u015fleyi\u015fi, e-Devlet Kap\u0131s\u0131&#8217;nda Belediyeler ve e-Devlet Kap\u0131s\u0131 Entegrasyon s\u00fcreci konular\u0131n\u0131 anlatt\u0131.<br \/>\nYerman: &#8220;\u00c7ok ba\u015far\u0131l\u0131 ve etkin bir zirve oldu&#8221;<br \/>\nB\u00fcy\u00fck\u015fehir Belediyesi Bilgi \u0130\u015flem Dairesi Ba\u015fkan\u0131 Mustafa Berat Yerman, Dijital D\u00f6n\u00fc\u015f\u00fcm Zirvesi&#8217;nin siber g\u00fcvenlik konusunda bir fark\u0131ndal\u0131k yarataca\u011f\u0131n\u0131 belirterek, &#8220;Bu zirve kapsam\u0131nda t\u00fcm kamu kurumlar\u0131m\u0131zla beraber \u00f6ncelikli olarak siber g\u00fcvenlik, siber g\u00fcvenlikle ilgili ya\u015fanan olaylar ve sim\u00fclasyonlar\u0131 konu\u015ftuk. \u0130kinci b\u00f6l\u00fcmdeki oturumumuzda da, T\u00fcrksat&#8217;\u0131n d\u00f6n\u00fc\u015f\u00fcmle ilgili olarak yapt\u0131\u011f\u0131 yenilikler ve belediyelerin kullanaca\u011f\u0131 yeni sistemler \u00fczerine konu\u015ftuk. \u00c7ok ba\u015far\u0131l\u0131 ve etkin bir zirve oldu&#8221; dedi. Zirvede, insanlar\u0131n \u00f6zellikle kullan\u0131c\u0131 baz\u0131nda yapt\u0131\u011f\u0131 hatalardan kaynakl\u0131 olarak kurumlar\u0131n kaybetti\u011fi zararlarla ilgili al\u0131nacak \u00f6nlemlerin konu\u015fuldu\u011funu da kaydeden Yerman, &#8220;Burada belediyelerin yapabilece\u011fi uygulamalarla ilgili ciddi bir feyz al\u0131nabilecek ya da \u00f6rnekleri sunulabilecek bir sunum olu\u015fturuldu. Belediyeler de \u00fczerine d\u00fc\u015feni yapacak ve biz de Mersin B\u00fcy\u00fck\u015fehir Belediyesi olarak kentin en b\u00fcy\u00fck kurumu olarak onlara \u00f6nderlik etmeye, \u0131\u015f\u0131k tutmaya ve Mersin&#8217;in tam anlam\u0131yla dijital d\u00f6n\u00fc\u015f\u00fcm\u00fcn\u00fc sa\u011flamaya y\u00f6n vermeye devam edece\u011fiz&#8221; diye konu\u015ftu.<br \/>\n&#8220;Siber g\u00fcvenlik konusunda t\u00fcm personele gerekli e\u011fitimi veriyoruz&#8221;<br \/>\nMersin B\u00fcy\u00fck\u015fehir Belediyesi&#8217;nde siber g\u00fcvenlik konusunda t\u00fcm personele gerekli e\u011fitimlerin verildi\u011fine dikkat \u00e7eken Yerman, &#8220;\u00d6zellikle 2019 y\u0131l\u0131ndan sonra \u00e7ok ciddi bir \u015fekilde siber g\u00fcvenlik konusunda t\u00fcm personelimize gerekli fark\u0131ndal\u0131k e\u011fitimlerini veriyoruz. KVKK, Cumhurba\u015fkanl\u0131\u011f\u0131&#8217;n\u0131n Dijital D\u00f6n\u00fc\u015f\u00fcm Ofisi&#8217;nin yay\u0131nlad\u0131\u011f\u0131 kurallara uygun olarak t\u00fcm programlar\u0131m\u0131z\u0131, yaz\u0131l\u0131mlar\u0131m\u0131z\u0131 da zaten organize ediyoruz&#8221; ifadelerini kulland\u0131.<\/p>\n","protected":false},"excerpt":{"rendered":"<p>Mersin B\u00fcy\u00fck\u015fehir Belediyesi Bilgi \u0130\u015flem Dairesi&#8217;nin koordinesinde &#8216;Dijital D\u00f6n\u00fc\u015f\u00fcm Zirvesi&#8217; d\u00fczenlendi. Mersin ve Adana&#8217;dan \u00e7e\u015fitli kurumlar\u0131n bili\u015fim sorumlular\u0131n\u0131n ve ilgili personelin kat\u0131ld\u0131\u011f\u0131 program 2 oturumda ger\u00e7ekle\u015fti. B\u00fcy\u00fck\u015fehir Belediyesi Bilgi \u0130\u015flem &hellip; <a href=\"https:\/\/akdenizolaygazetesi.com\/?p=23137\" class=\"more-link\">Devam\u0131n\u0131 Oku&#8230;<\/a><\/p>\n","protected":false},"author":2,"featured_media":23138,"comment_status":"open","ping_status":"open","sticky":false,"template":"","format":"standard","meta":[],"categories":[3,11],"tags":[],"_links":{"self":[{"href":"https:\/\/akdenizolaygazetesi.com\/index.php?rest_route=\/wp\/v2\/posts\/23137"}],"collection":[{"href":"https:\/\/akdenizolaygazetesi.com\/index.php?rest_route=\/wp\/v2\/posts"}],"about":[{"href":"https:\/\/akdenizolaygazetesi.com\/index.php?rest_route=\/wp\/v2\/types\/post"}],"author":[{"embeddable":true,"href":"https:\/\/akdenizolaygazetesi.com\/index.php?rest_route=\/wp\/v2\/users\/2"}],"replies":[{"embeddable":true,"href":"https:\/\/akdenizolaygazetesi.com\/index.php?rest_route=%2Fwp%2Fv2%2Fcomments&post=23137"}],"version-history":[{"count":1,"href":"https:\/\/akdenizolaygazetesi.com\/index.php?rest_route=\/wp\/v2\/posts\/23137\/revisions"}],"predecessor-version":[{"id":23139,"href":"https:\/\/akdenizolaygazetesi.com\/index.php?rest_route=\/wp\/v2\/posts\/23137\/revisions\/23139"}],"wp:featuredmedia":[{"embeddable":true,"href":"https:\/\/akdenizolaygazetesi.com\/index.php?rest_route=\/wp\/v2\/media\/23138"}],"wp:attachment":[{"href":"https:\/\/akdenizolaygazetesi.com\/index.php?rest_route=%2Fwp%2Fv2%2Fmedia&parent=23137"}],"wp:term":[{"taxonomy":"category","embeddable":true,"href":"https:\/\/akdenizolaygazetesi.com\/index.php?rest_route=%2Fwp%2Fv2%2Fcategories&post=23137"},{"taxonomy":"post_tag","embeddable":true,"href":"https:\/\/akdenizolaygazetesi.com\/index.php?rest_route=%2Fwp%2Fv2%2Ftags&post=23137"}],"curies":[{"name":"wp","href":"https:\/\/api.w.org\/{rel}","templated":true}]}}