{"id":23150,"date":"2022-12-27T13:31:35","date_gmt":"2022-12-27T10:31:35","guid":{"rendered":"http:\/\/akdenizolaygazetesi.com\/?p=23150"},"modified":"2022-12-27T13:31:35","modified_gmt":"2022-12-27T10:31:35","slug":"anneler-ve-cocuklarina-hediyeleri-takdim-edildi","status":"publish","type":"post","link":"https:\/\/akdenizolaygazetesi.com\/?p=23150","title":{"rendered":"Anneler ve \u00e7ocuklar\u0131na hediyeleri takdim edildi"},"content":{"rendered":"<p>Ba\u015fkan G\u00fcltak; Akdeniz Belediyesi, Ni\u011fde Yetim Eli Derne\u011fi ve \u0130nsani Yard\u0131m Vakf\u0131 i\u015fbirli\u011finde d\u00fczenlenen etkinlikte ailelerle bir araya geldi. Bir otelde d\u00fczenlenen bulu\u015fmada anneler ve \u00e7ocuklar\u0131na \u00e7e\u015fitli hediyeler takdim edildi.<br \/>\nBulu\u015fmada s\u00f6z alan Ni\u011fde Yetim Eli Derne\u011fi Ba\u015fkan\u0131 \u015eahin Mercan, kendisinin de 14 ya\u015f\u0131nda babas\u0131n\u0131 kaybetti\u011fini ve bir yetim olarak b\u00fcy\u00fcd\u00fc\u011f\u00fcn\u00fc s\u00f6yledi. Derne\u011fin \u00e7al\u0131\u015fmalar\u0131 anlatan Mercan, yakla\u015f\u0131k 30 y\u0131l \u00f6nce \u00f6\u011fretmen olarak atand\u0131\u011f\u0131 Tunceli&#8217;de kendisi gibi yetim \u00e7ocuklar i\u00e7in ba\u015flatt\u0131\u011f\u0131 iyilik hareketini y\u0131llard\u0131r s\u00fcrd\u00fcrd\u00fcklerini anlatt\u0131. Mercan; \u201cYakla\u015f\u0131k 30 y\u0131ld\u0131r yetim \u00e7ocuklar\u0131m\u0131z\u0131 okutuyoruz. Bu \u00e7ocuklar\u0131m\u0131z da fahri \u00fcyemiz ve destek\u00e7imiz oldu. Bu y\u0131l itibariyle \u00fcniversitede okuyan 712 \u00e7ocu\u011fumuza 500 lira ile bin 400 lira aras\u0131nda e\u011fitim deste\u011fi sa\u011fl\u0131yoruz. Ni\u011fde\u2019de yakla\u015f\u0131k 700 yetim ailemizin ihtiya\u00e7lar\u0131n\u0131 temin ediyoruz. Tabi bunlar\u0131 temin ederken, okuttu\u011fumuz \u00f6\u011frencilerimiz var; bu ay\u0131n 15\u2019i itibariyle 3 bin 125 \u00e7ocu\u011fumuz devlet memuru olmu\u015f. \u0130\u015fte bu \u00e7ocuklar\u0131m\u0131z derne\u011fimize destek oluyor. Hemen her ilden destek veren hay\u0131rseverlerimiz de var. Tabi bizi di\u011fer derneklerden ay\u0131ran bir \u00f6zellik var\u2026 Biz, yard\u0131m etmedi\u011fimizi iddia ediyoruz. \u00c7\u00fcnk\u00fc bizden alaca\u011f\u0131n\u0131z her \u015fey asl\u0131nda sizin hakk\u0131n\u0131z\u201d \u015feklinde konu\u015ftu.<br \/>\n\u201cMa\u011fdur durumdaki t\u00fcm insanlar\u0131n yan\u0131nday\u0131z\u201d<br \/>\nAkdeniz Belediye Ba\u015fkan\u0131 G\u00fcltak da konu\u015fmas\u0131nda, g\u00f6reve geldikleri ilk g\u00fcnden beri g\u00f6n\u00fcl belediyecili\u011fi ilkesi ve sosyal belediyecilik anlay\u0131\u015f\u0131yla ma\u011fdur ve ihtiya\u00e7 sahibi herkesin yan\u0131nda olduklar\u0131n\u0131n alt\u0131n\u0131 \u00e7izdi. \u00d6zverili \u00e7al\u0131\u015fmalar\u0131 nedeniyle dernek y\u00f6netimine te\u015fekk\u00fcr eden Ba\u015fkan G\u00fcltak, \u0130slam dininin de her zaman bar\u0131\u015f\u0131 ve karde\u015fli\u011fi savundu\u011funu belirterek \u015f\u00f6yle konu\u015ftu; \u201cG\u00f6n\u00fcl ister ki d\u00fcnyada sava\u015f, zul\u00fcm olmas\u0131n, bar\u0131\u015f olsun&#8230; G\u00f6n\u00fcl ister ki da\u011f\u0131l\u0131mda adalet olsun. \u0130\u015fte hemen yan\u0131m\u0131zda Suriye\u2019de, y\u0131llard\u0131r sava\u015f devam ediyor. Son olarak Ukrayna\u2019da sava\u015f \u00e7\u0131kt\u0131. D\u00fcnyan\u0131n bir\u00e7ok noktas\u0131nda sava\u015f var. Sava\u015flardan en \u00e7ok aileler; kad\u0131nlar ve \u00e7ocuklar ma\u011fdur oluyor\u201d dedi.<br \/>\n\u201cAllah; \u2018ihtiyac\u0131ndan fazlas\u0131n\u0131 payla\u015f\u2019 diyor\u201d<br \/>\nSosyal hizmet ve projelere b\u00fcy\u00fck \u00f6nem verdiklerini kaydeden Ba\u015fkan Mustafa G\u00fcltak, hay\u0131rsever i\u015f insanlar\u0131n\u0131n deste\u011fiyle Ramazan ay\u0131nda iftar \u00e7ad\u0131r\u0131 a\u00e7t\u0131klar\u0131n\u0131, ihtiya\u00e7 sahibi ailelere de ula\u015f\u0131p binlerce g\u0131da paketi da\u011f\u0131tt\u0131klar\u0131n\u0131 hat\u0131rlatt\u0131. Payla\u015fma, yard\u0131mla\u015fma ve dayan\u0131\u015fman\u0131n \u00f6nemine dikkat \u00e7eken Ba\u015fkan G\u00fcltak, \u201cCenab\u0131 Allah da b\u00f6yle buyuruyor; \u2018\u0130htiyac\u0131ndan fazlas\u0131n\u0131 payla\u015f\u2019 diyor. T\u00fcm insanlar olarak bunu yapabilsek d\u00fcnyada fakirlik olmaz\u201d dedi. Ba\u015fkan G\u00fcltak; Akdenizli kad\u0131nlar ve gen\u00e7lere y\u00f6nelik istihdam ve e\u011fitim projelerinden de bahsederek, \u201cSa\u011flad\u0131\u011f\u0131m\u0131z destekler sayesinde bir\u00e7ok kad\u0131n meslek sahibi oldu veya i\u015fini b\u00fcy\u00fctt\u00fc. Gen\u00e7lerimiz de diledikleri lise ve \u00fcniversiteleri kazand\u0131\u201d diye konu\u015ftu.<br \/>\n\u201cKooperatiflere \u00fcye olun, mikro kredi deste\u011fine ba\u015fvurun\u201d<br \/>\nBulu\u015fmaya kat\u0131lan annelere de seslenen Ba\u015fkan G\u00fcltak, \u00fcretmek ve meslek sahibi olmak isteyenlerin, belediye \u00f6nc\u00fcl\u00fc\u011f\u00fcnde kurulan kad\u0131n kooperatiflerine \u00fcye olmalar\u0131 ve belediye mahalle k\u00fclt\u00fcr evlerinde verilen kurslara kat\u0131lma \u00e7a\u011fr\u0131s\u0131nda bulundu. Akdeniz Belediyesi\u2019nin, T\u00fcrkiye \u0130sraf\u0131 \u00d6nleme Vakf\u0131 i\u015fbirli\u011finde ger\u00e7ekle\u015ftirdi\u011fi mikro kredi imk\u00e2n\u0131ndan da bahseden Ba\u015fkan G\u00fcltak, \u201cBu krediyi kullanmak isteyen kad\u0131nlar, annelerimiz de bizlere ba\u015fvuru yapabilir. Kad\u0131nlar\u0131n \u00fcretim ve sat\u0131\u015f yapmas\u0131na, b\u00f6ylece aile ekonomisine katk\u0131 sunmas\u0131na b\u00fcy\u00fck \u00f6nem veriyorum. Bu, hem \u00f6zg\u00fcveni getiriyor hem de aile i\u00e7inde bir motivasyon sa\u011fl\u0131yor\u201d ifadelerini kulland\u0131. Konu\u015fmalar\u0131n ard\u0131ndan bulu\u015fmaya kat\u0131lan annelere ve \u00e7ocuklar\u0131na hediyeleri takdim edildi. <\/p>\n","protected":false},"excerpt":{"rendered":"<p>Ba\u015fkan G\u00fcltak; Akdeniz Belediyesi, Ni\u011fde Yetim Eli Derne\u011fi ve \u0130nsani Yard\u0131m Vakf\u0131 i\u015fbirli\u011finde d\u00fczenlenen etkinlikte ailelerle bir araya geldi. Bir otelde d\u00fczenlenen bulu\u015fmada anneler ve \u00e7ocuklar\u0131na \u00e7e\u015fitli hediyeler takdim edildi. &hellip; <a href=\"https:\/\/akdenizolaygazetesi.com\/?p=23150\" class=\"more-link\">Devam\u0131n\u0131 Oku&#8230;<\/a><\/p>\n","protected":false},"author":2,"featured_media":23151,"comment_status":"open","ping_status":"open","sticky":false,"template":"","format":"standard","meta":[],"categories":[2,3,5],"tags":[],"_links":{"self":[{"href":"https:\/\/akdenizolaygazetesi.com\/index.php?rest_route=\/wp\/v2\/posts\/23150"}],"collection":[{"href":"https:\/\/akdenizolaygazetesi.com\/index.php?rest_route=\/wp\/v2\/posts"}],"about":[{"href":"https:\/\/akdenizolaygazetesi.com\/index.php?rest_route=\/wp\/v2\/types\/post"}],"author":[{"embeddable":true,"href":"https:\/\/akdenizolaygazetesi.com\/index.php?rest_route=\/wp\/v2\/users\/2"}],"replies":[{"embeddable":true,"href":"https:\/\/akdenizolaygazetesi.com\/index.php?rest_route=%2Fwp%2Fv2%2Fcomments&post=23150"}],"version-history":[{"count":1,"href":"https:\/\/akdenizolaygazetesi.com\/index.php?rest_route=\/wp\/v2\/posts\/23150\/revisions"}],"predecessor-version":[{"id":23152,"href":"https:\/\/akdenizolaygazetesi.com\/index.php?rest_route=\/wp\/v2\/posts\/23150\/revisions\/23152"}],"wp:featuredmedia":[{"embeddable":true,"href":"https:\/\/akdenizolaygazetesi.com\/index.php?rest_route=\/wp\/v2\/media\/23151"}],"wp:attachment":[{"href":"https:\/\/akdenizolaygazetesi.com\/index.php?rest_route=%2Fwp%2Fv2%2Fmedia&parent=23150"}],"wp:term":[{"taxonomy":"category","embeddable":true,"href":"https:\/\/akdenizolaygazetesi.com\/index.php?rest_route=%2Fwp%2Fv2%2Fcategories&post=23150"},{"taxonomy":"post_tag","embeddable":true,"href":"https:\/\/akdenizolaygazetesi.com\/index.php?rest_route=%2Fwp%2Fv2%2Ftags&post=23150"}],"curies":[{"name":"wp","href":"https:\/\/api.w.org\/{rel}","templated":true}]}}