{"id":23156,"date":"2022-12-28T12:43:56","date_gmt":"2022-12-28T09:43:56","guid":{"rendered":"http:\/\/akdenizolaygazetesi.com\/?p=23156"},"modified":"2022-12-28T12:43:56","modified_gmt":"2022-12-28T09:43:56","slug":"gultak-hal-kompleksi-taziye-evi-yapimi-ile-camisinin-yenileme-calismalarini-inceledi","status":"publish","type":"post","link":"https:\/\/akdenizolaygazetesi.com\/?p=23156","title":{"rendered":"G\u00dcLTAK; HAL KOMPLEKS\u0130 TAZ\u0130YE EV\u0130 YAPIMI \u0130LE CAM\u0130S\u0130N\u0130N YEN\u0130LEME \u00c7ALI\u015eMALARINI \u0130NCELED\u0130"},"content":{"rendered":"<p>Akdeniz Belediye Ba\u015fkan\u0131 M. Mustafa G\u00fcltak, Hal Mahallesi\u2019nde yap\u0131m\u0131 devam eden taziye evini ve Hal Kompleksi Camii\u2019nde y\u00fcr\u00fct\u00fclen lavabo ve gasilhane yenileme \u00e7al\u0131\u015fmalar\u0131n\u0131 yerinde inceledi. Ba\u015fkan G\u00fcltak, \u201cCamimiz, yenilenen haliyle hem esnaflar\u0131m\u0131za hem de vatanda\u015flar\u0131m\u0131za daha iyi hizmet verecek\u201d dedi.<br \/>\nBa\u015fkan G\u00fcltak, Hal Kompleksi i\u00e7erisinde bulunan ve hem esnaflar\u0131n hem de vatanda\u015flar\u0131n yo\u011fun olarak kulland\u0131\u011f\u0131 camide, bak\u0131ms\u0131z ve i\u015f g\u00f6remez halde olan gasilhane ile tuvaletlerin, belediye ekiplerince ger\u00e7ekle\u015fen yenileme \u00e7al\u0131\u015fmalar\u0131n\u0131 yerinde inceleyerek bilgi ald\u0131.<br \/>\n\u201cTaziye evi kazand\u0131rd\u0131k, camimizi yeniledik\u201d<br \/>\nZiyaretine ili\u015fkin bir a\u00e7\u0131klama yapan Ba\u015fkan G\u00fcltak, \u201cHal Kompleksi b\u00fcy\u00fck bir yer ve burada Yeni Hal Kompleksi Camii isimli g\u00fczel bir camimiz var. Bu camimiz b\u00fcy\u00fck bir merkez ama buraya geldi\u011fimizde kad\u0131n ve erkek tuvaletleri \u00e7ok bak\u0131ms\u0131zd\u0131 ve gasilhanesi yoktu. \u015ead\u0131rvan k\u00f6t\u00fc kokuyordu. Buradaki alt binay\u0131 tamamen yeniledik. Yakla\u015f\u0131k 50-60 ki\u015finin oturabilece\u011fi kapal\u0131 taziye evi yapt\u0131k. D\u0131\u015f alanda ise yine yakla\u015f\u0131k 150 ki\u015finin bulunabilece\u011fi bir alan yaratt\u0131k. Taziye evine bir \u00e7ay oca\u011f\u0131 ve mutfak yapt\u0131k. Bak\u0131ms\u0131z olan tuvaletlerimizde \u0131slak zeminler tamamen yenilenerek de\u011fi\u015ftirildi. Engelli vatanda\u015flar\u0131m\u0131z i\u00e7in engelli tuvaleti konuldu. Yine mahalle sakinlerimiz i\u00e7in bir gasilhane kazand\u0131rd\u0131k. Camimiz yenilenmi\u015f haliyle hem esnaflar\u0131m\u0131za hem de vatanda\u015flar\u0131m\u0131za daha iyi hizmet vermi\u015f olacak. Bu cami \u00e7ok eski ve y\u0131llard\u0131r millet gelip gitmi\u015f ama hi\u00e7bir \u015fey yapmam\u0131\u015f. Bu hizmeti yapmak da \u00e7ok \u015f\u00fck\u00fcr bize nasip oldu\u201d diye konu\u015ftu.<br \/>\nHal Mahallesi Muhtar\u0131 S\u0131d\u0131k Karaman ise, y\u0131llard\u0131r b\u00fcy\u00fck bir \u00f6zlemle bekledikleri sosyal tesise kavu\u015facaklar\u0131n\u0131 ifade ederek, \u201cBu tesisin mahallemize kazand\u0131r\u0131lmas\u0131n\u0131 sa\u011flayan; Akdeniz Belediye Ba\u015fkan\u0131 Say\u0131n Mustafa G\u00fcltak\u2019a, de\u011ferli meclis \u00fcyelerimize ve eme\u011fi ge\u00e7en herkese mahallem ad\u0131na \u00e7ok te\u015fekk\u00fcr ederim\u201d dedi.<\/p>\n","protected":false},"excerpt":{"rendered":"<p>Akdeniz Belediye Ba\u015fkan\u0131 M. Mustafa G\u00fcltak, Hal Mahallesi\u2019nde yap\u0131m\u0131 devam eden taziye evini ve Hal Kompleksi Camii\u2019nde y\u00fcr\u00fct\u00fclen lavabo ve gasilhane yenileme \u00e7al\u0131\u015fmalar\u0131n\u0131 yerinde inceledi. Ba\u015fkan G\u00fcltak, \u201cCamimiz, yenilenen haliyle &hellip; <a href=\"https:\/\/akdenizolaygazetesi.com\/?p=23156\" class=\"more-link\">Devam\u0131n\u0131 Oku&#8230;<\/a><\/p>\n","protected":false},"author":2,"featured_media":23157,"comment_status":"open","ping_status":"open","sticky":false,"template":"","format":"standard","meta":[],"categories":[1,2,3,5],"tags":[],"_links":{"self":[{"href":"https:\/\/akdenizolaygazetesi.com\/index.php?rest_route=\/wp\/v2\/posts\/23156"}],"collection":[{"href":"https:\/\/akdenizolaygazetesi.com\/index.php?rest_route=\/wp\/v2\/posts"}],"about":[{"href":"https:\/\/akdenizolaygazetesi.com\/index.php?rest_route=\/wp\/v2\/types\/post"}],"author":[{"embeddable":true,"href":"https:\/\/akdenizolaygazetesi.com\/index.php?rest_route=\/wp\/v2\/users\/2"}],"replies":[{"embeddable":true,"href":"https:\/\/akdenizolaygazetesi.com\/index.php?rest_route=%2Fwp%2Fv2%2Fcomments&post=23156"}],"version-history":[{"count":1,"href":"https:\/\/akdenizolaygazetesi.com\/index.php?rest_route=\/wp\/v2\/posts\/23156\/revisions"}],"predecessor-version":[{"id":23158,"href":"https:\/\/akdenizolaygazetesi.com\/index.php?rest_route=\/wp\/v2\/posts\/23156\/revisions\/23158"}],"wp:featuredmedia":[{"embeddable":true,"href":"https:\/\/akdenizolaygazetesi.com\/index.php?rest_route=\/wp\/v2\/media\/23157"}],"wp:attachment":[{"href":"https:\/\/akdenizolaygazetesi.com\/index.php?rest_route=%2Fwp%2Fv2%2Fmedia&parent=23156"}],"wp:term":[{"taxonomy":"category","embeddable":true,"href":"https:\/\/akdenizolaygazetesi.com\/index.php?rest_route=%2Fwp%2Fv2%2Fcategories&post=23156"},{"taxonomy":"post_tag","embeddable":true,"href":"https:\/\/akdenizolaygazetesi.com\/index.php?rest_route=%2Fwp%2Fv2%2Ftags&post=23156"}],"curies":[{"name":"wp","href":"https:\/\/api.w.org\/{rel}","templated":true}]}}