{"id":23162,"date":"2022-12-28T12:47:11","date_gmt":"2022-12-28T09:47:11","guid":{"rendered":"http:\/\/akdenizolaygazetesi.com\/?p=23162"},"modified":"2022-12-28T12:47:11","modified_gmt":"2022-12-28T09:47:11","slug":"secer-mersin-belediyecilik-tarihinin-en-seffaf-buyuksehir-belediyeciligini-yapiyoruz","status":"publish","type":"post","link":"https:\/\/akdenizolaygazetesi.com\/?p=23162","title":{"rendered":"SE\u00c7ER: &#8220;MERS\u0130N BELED\u0130YEC\u0130L\u0130K TAR\u0130H\u0130N\u0130N EN \u015eEFFAF B\u00dcY\u00dcK\u015eEH\u0130R BELED\u0130YEC\u0130L\u0130\u011e\u0130N\u0130 YAPIYORUZ&#8221;"},"content":{"rendered":"<p>Mersin B\u00fcy\u00fck\u015fehir Belediye Ba\u015fkan\u0131 Vahap Se\u00e7er, Mersin Sanayicileri ve \u0130\u015f \u0130nsanlar\u0131 Derne\u011fi&#8217;nin (MES\u0130AD) 32. Y\u0131l Balosu&#8217;na kat\u0131larak, i\u015f insanlar\u0131yla bir araya geldi. Keyifli bir gecenin ya\u015fand\u0131\u011f\u0131 baloda Ba\u015fkan Se\u00e7er, kentin gelece\u011fine y\u00f6n vermede i\u015f insanlar\u0131n\u0131n \u00f6nemine dikkat \u00e7ekti.<br \/>\n&#8220;Mersin belediyecilik tarihinin en \u015feffaf B\u00fcy\u00fck\u015fehir Belediyecili\u011fini yap\u0131yoruz&#8221;<br \/>\nBaloda, B\u00fcy\u00fck\u015fehir Belediyesi&#8217;nin yat\u0131r\u0131mlar\u0131 ve merkezi h\u00fck\u00fcmetten beklentiler ba\u015fl\u0131klar\u0131yla konu\u015fma yapan Ba\u015fkan Se\u00e7er, Mersin&#8217;in gelece\u011fi i\u00e7in herkesin birlikte hareket etmesi \u00e7a\u011fr\u0131s\u0131 yapt\u0131. B\u00fcy\u00fck\u015fehir Belediyesi&#8217;nin mali a\u00e7\u0131dan g\u00fc\u00e7l\u00fc bir belediye oldu\u011fu vurgusunu yapan Ba\u015fkan Se\u00e7er, &#8220;Burada hem belediye ba\u015fkan\u0131 hem de Meclis \u00fcyesi olan arkada\u015flar var. Bizim d\u00f6nemde, belki de Mersin belediyecilik tarihinin en \u015feffaf B\u00fcy\u00fck\u015fehir Belediyecili\u011fini yap\u0131yoruz. En ince ayr\u0131nt\u0131s\u0131na kadar kendilerine hesap veriyoruz. Bu zaten bizim g\u00f6revimiz&#8221; dedi.<br \/>\nG\u00f6reve geldiklerinde B\u00fcy\u00fck\u015fehir ve MESK\u0130 kurumlar\u0131na ait devrald\u0131klar\u0131 toplam 530 milyon dolar borcun 200 milyon dolar seviyelerine indi\u011fini belirten Se\u00e7er, bir taraftan bor\u00e7lar\u0131 eksilttiklerini bir taraftan da hizmet \u00fcretmekten \u00f6d\u00fcn vermediklerini ifade etti.<br \/>\n&#8220;Yerel kurumlar\u0131n devreye girmesiyle Bakanl\u0131klarda i\u015fler de\u011fi\u015febiliyor&#8221;<br \/>\n\u0130\u015f d\u00fcnyas\u0131n\u0131 ilgilendiren hizmetlerle ilgili de\u011ferlendirmede bulunan Ba\u015fkan Se\u00e7er, 13 sene \u00f6nce temeli at\u0131lan Erdemli Hali in\u015faat\u0131na yeniden ba\u015fland\u0131\u011f\u0131n\u0131 ve tesisi bitirdiklerini s\u00f6yleyen Ba\u015fkan Se\u00e7er, talep edildikten 2,5 y\u0131l aradan sonra tahsisini ald\u0131klar\u0131 Anamur Hali&#8217;nin de in\u015faat\u0131na h\u0131zla ba\u015flayacaklar\u0131n\u0131 s\u00f6yledi. Anamur Hali \u00f6rne\u011fini vererek yerel derneklerin, kurumlar\u0131n devreye girmesiyle Bakanl\u0131klarda i\u015flerin de\u011fi\u015febildi\u011fini dile getiren Se\u00e7er, nakliyeciler sitesi i\u00e7in de &#8220;Burada, Say\u0131n G\u00fcltak&#8217;\u0131n iyi niyetli yakla\u015f\u0131m\u0131n\u0131 anmam laz\u0131m. Ele\u015ftiri yapt\u0131\u011f\u0131m\u0131z yerde ele\u015ftiri ama te\u015fekk\u00fcr\u00fc de bilmeliyiz. Huzurkent&#8217;te 94 dekarl\u0131k bir arazi vard\u0131. Akdeniz Belediyesi ile Mersin B\u00fcy\u00fck\u015fehir Belediyesi daval\u0131kt\u0131. Bizden \u00f6nce ba\u015flam\u0131\u015f dava, bizim d\u00f6nemde neticelendi. O arazi bize ge\u00e7ti. Ancak Akdeniz Belediyesi&#8217;nin planlarda anlay\u0131\u015f g\u00f6stermesi laz\u0131md\u0131, oran\u0131n Nakliyeciler Sitesi olmas\u0131n\u0131 sa\u011flamas\u0131 gerekiyordu. Bu katk\u0131y\u0131 da yapt\u0131. San\u0131r\u0131m Ocak ay\u0131 i\u00e7erisinde ihalesi var. \u00c7ok da g\u00fczel proje yap\u0131ld\u0131. Ticaret ve Sanayi Odas\u0131 Ba\u015fkanlar\u0131m\u0131z\u0131n da katk\u0131s\u0131n\u0131 unutmamak gerekiyor&#8221; ifadelerini kulland\u0131.<br \/>\n&#8220;1\/1000&#8217;lik planlar\u0131n ard\u0131ndan Akdeniz&#8217;de \u00e7ok g\u00fczel yat\u0131r\u0131mlar\u0131n ba\u015flayaca\u011f\u0131n\u0131 g\u00f6r\u00fcyorum&#8221;<br \/>\nMersin&#8217;in imar planlar\u0131 hakk\u0131nda da bilgiler veren Ba\u015fkan Se\u00e7er, Mersin&#8217;in 1\/5000&#8217;lik imar planlar\u0131n\u0131n tamamland\u0131\u011f\u0131n\u0131 hat\u0131rlatt\u0131. 1\/1000&#8217;lik planlar\u0131n da Mezitli&#8217;de sorun kalmad\u0131\u011f\u0131, Yeni\u015fehir&#8217;de bitmek \u00fczere oldu\u011fu, Toroslar&#8217;da devam etti\u011fi ve Akdeniz&#8217;de de ikinci etap g\u00f6r\u00fc\u015fmelerinin ba\u015flad\u0131\u011f\u0131 bilgisini veren Ba\u015fkan Se\u00e7er, Akdeniz&#8217;deki bu planlar\u0131n \u00f6nemine dikkat \u00e7ekti. Se\u00e7er, &#8220;Akdeniz \u00f6nemli. Binlerce dekar arazi. Lojistik, depolama alanlar\u0131, sanayi ya da mesleki sitelerin yap\u0131m\u0131 i\u00e7in \u00e7ok \u00f6nemliydi. Bu \u00e7al\u0131\u015fmalar da \u00e7ok k\u0131sa s\u00fcrede bitecek. Orada \u00e7ok g\u00fczel yat\u0131r\u0131mlar\u0131n ba\u015flayaca\u011f\u0131n\u0131 g\u00f6r\u00fcyorum&#8221; dedi.<br \/>\nOrganize Sanayi B\u00f6lgesi&#8217;nde (OSB) i\u015f yeri olanlar\u0131n d\u00f6rt g\u00f6zle bekledi\u011fi do\u011fu-bat\u0131 aks\u0131nda demiryoluna paralel olacak ve Mersin&#8217;i Tarsus OSB&#8217;ye ba\u011flayacak yol \u00e7al\u0131\u015fmas\u0131 hakk\u0131nda da Ba\u015fkan Se\u00e7er, &#8220;Arkada\u015flar\u0131m\u0131z, 1\/1000&#8217;lik planlar\u0131 \u00e7al\u0131\u015ft\u0131ktan sonra bu i\u015f bizdedir ama belli ki bu d\u00f6neme yeti\u015fmeyecek. Biz gelecek d\u00f6nem i\u00e7in Allah nasip ederse sizden tekrar bir 5 y\u0131ll\u0131k vize istersek, se\u00e7im manifestomuzda verece\u011fimiz s\u00f6zler aras\u0131nda o da olacak&#8221; diye konu\u015ftu.<br \/>\nMersin Metro projesini de de\u011ferlendiren Ba\u015fkan Se\u00e7er, \u0130stanbul, Ankara, Konya ve \u0130zmir \u00f6rneklerini vererek, &#8220;Allah a\u015fk\u0131na Mersin&#8217;in neyi eksik&#8221; ele\u015ftirisini yapt\u0131. Ba\u015fkan Se\u00e7er, Cumhurba\u015fkanl\u0131\u011f\u0131 Yat\u0131r\u0131m Program\u0131&#8217;na al\u0131nan ve s\u00fcre\u00e7 i\u00e7erisinde 10 imbikten ge\u00e7mi\u015f Mersin Metrosu&#8217;nda finansman kullan\u0131m\u0131 yapmak i\u00e7in hala Hazine ve Maliye Bakanl\u0131\u011f\u0131&#8217;ndan imza beklediklerini an\u0131msatt\u0131.<br \/>\nMerkezi h\u00fck\u00fcmetten Mersin&#8217;in kalk\u0131nmas\u0131 i\u00e7in gereken yat\u0131r\u0131m beklentilerini de dile getiren Ba\u015fkan Se\u00e7er, konu\u015fmas\u0131nda \u00c7ukurova B\u00f6lgesel Havaliman\u0131, Pamukluk Baraj\u0131, Ana Konteyner Liman\u0131, \u00c7e\u015fmeli-Ta\u015fucu Otoyolu, Lojistik K\u00f6y, Karaman&#8217;dan Gaziantep&#8217;e kadar Mersin&#8217;inde i\u00e7inde oldu\u011fu h\u0131zl\u0131 tren, Sahil Band\u0131 Projesi ve Mersin-Antalya Yolu yat\u0131r\u0131mlar\u0131na de\u011findi. De\u011findi\u011fi yat\u0131r\u0131mlar aras\u0131nda Pamukluk Baraj\u0131&#8217;n\u0131 \u00f6zellikle vurgulayan Ba\u015fkan Se\u00e7er, bu yat\u0131r\u0131m\u0131n ivedilikle neticelendirilmesi gerekti\u011fini s\u00f6yledi. Se\u00e7er, &#8220;Pamukluk Baraj\u0131 devreye al\u0131nd\u0131ktan sonra \u015fu anda i\u00e7ti\u011finiz suyu, emin olun size yar\u0131 fiyat\u0131na verebiliriz. Say\u0131n Bakan&#8217;la da g\u00f6r\u00fc\u015ft\u00fcm. Bu milyarl\u0131k bir proje, MESK\u0130 bunun alt\u0131ndan kalkamaz. Belediye yat\u0131r\u0131mlar\u0131nda da ben \u00e7ok ciddi bir kredi kullanmad\u0131m. \u00d6yle milyarl\u0131k hibeler, bunlar\u0131 kullanamad\u0131k. Ben geldi\u011fimden beri \u0130ller Bankas\u0131&#8217;ndan bana altyap\u0131 yat\u0131r\u0131m\u0131 i\u00e7in bir delikli kuru\u015f gelmedi&#8221; dedi.<br \/>\n&#8220;Mersin, lobisi eksik bir kenttir&#8221;<br \/>\n &#8220;Mersin lobisi eksik bir kenttir&#8221; diyen Ba\u015fkan Se\u00e7er, &#8220;Gaziantep, Kayseri, Konya ekonomik, \u015fehir planlamas\u0131 ve yat\u0131r\u0131mlar olarak bizden fersah fersah ilerledi.  Bunun yegane sebebi, Mersin&#8217;de bir kent lobisi anlay\u0131\u015f\u0131n\u0131n hen\u00fcz yerle\u015fmemi\u015f olmas\u0131d\u0131r. Bug\u00fcn i\u00e7in bir B\u00fcy\u00fck\u015fehir Belediye Ba\u015fkan\u0131 olarak empati yapman\u0131z\u0131, beni anlaman\u0131z\u0131 ve bu konuda ne kadar derin \u00fcz\u00fcnt\u00fcler, zorluklar \u00e7ekti\u011fimi bilmenizi isterim&#8221; diye konu\u015ftu. Ba\u015fkan Se\u00e7er, konu\u015fmas\u0131n\u0131 &#8220;32 ya\u015f g\u00fcn\u00fcn\u00fcz kutlu olsun. Yeni y\u0131l\u0131m\u0131z da kutlu olsun. Ba\u015fta Mersin&#8217;imiz olmak \u00fczere \u00fclkemize, d\u00fcnyaya insanl\u0131\u011f\u0131na huzur ve bar\u0131\u015f getirsin&#8221; dile\u011finde bulunarak sonland\u0131rd\u0131.<br \/>\nEngin: &#8220;Metro projesinin ilgili Bakanl\u0131\u011f\u0131m\u0131zca acilen onaylanmas\u0131 gerekmektedir&#8221;<br \/>\nDernek olarak y\u00fcr\u00fctt\u00fckleri \u00e7al\u0131\u015fmalar hakk\u0131nda bilgi veren MES\u0130AD Ba\u015fkan\u0131 Hasan Engin, Mersin&#8217;de gecikmi\u015f yat\u0131r\u0131mlar ve kent sorunlar\u0131na da dikkat \u00e7ekti. Engin, \u00c7ukurova b\u00f6lgesinin kalk\u0131nmas\u0131na b\u00fcy\u00fck katk\u0131 sa\u011flayacak \u00c7ukurova B\u00f6lgesel Havaliman\u0131, \u00c7e\u015fmeli-Ta\u015fucu Otoyolu ve Mersin Ana Konteyner Liman\u0131 gibi konular\u0131 g\u00fcndemine ta\u015f\u0131d\u0131. &#8220;Mersin&#8217;de acilen bitirilmesi gereken projelerin gecikmemesi, b\u00f6lge ekonomisinin geli\u015fimini sa\u011flayacakt\u0131r&#8221; diye Engin, Mersin Metro Projesi i\u00e7in de \u00e7a\u011fr\u0131 yapt\u0131. Engin, &#8220;Mersin gibi metropol kentin ula\u015f\u0131m sorununun ivedi bir \u015fekilde \u00e7\u00f6z\u00fclmesi gerekmektedir. Ula\u015f\u0131m sorunu; kentin ekonomisine, hava kirlili\u011fine ve turizmine zarar vermektedir. Ula\u015f\u0131m sorununun \u00e7\u00f6z\u00fclmesi i\u00e7in kentimizin metroya ihtiyac\u0131 vard\u0131r. Metro projesinin Ankara&#8217;da ilgili Bakanl\u0131\u011f\u0131m\u0131zca acilen onaylanmas\u0131 ve t\u00fcm yat\u0131r\u0131mlar\u0131n\u0131n gecikmemesi gerekmektedir&#8221; dedi.<br \/>\nMersin Vali Yard\u0131mc\u0131s\u0131 Ahmet \u00c7\u0131rako\u011flu, MES\u0130AD&#8217;\u0131n kentte \u00e7ok g\u00fczel hizmetlere imza att\u0131\u011f\u0131n\u0131 belirterek, &#8220;Mersin&#8217;in geli\u015fmesi i\u00e7in nice 32 y\u0131llara&#8221; dile\u011finde bulundu.<br \/>\nK\u0131z\u0131ltan: &#8220;\u0130n\u015fallah, b\u00fcy\u00fck Mersin&#8217;i hep birlikte olu\u015fturaca\u011f\u0131z&#8221;<br \/>\nMersin Ticaret ve Sanayi Odas\u0131 Ba\u015fkan\u0131 Ayhan K\u0131z\u0131ltan da, Mersin&#8217;in kalk\u0131nmas\u0131 i\u00e7in hep birlikte \u00e7al\u0131\u015fmaya devam edecekleri mesaj\u0131n\u0131 verdi. K\u0131z\u0131ltan, &#8220;Amac\u0131m\u0131z; birlikte hareket etmek, birlikte \u00e7al\u0131\u015fmak, birlikte \u00fcretmektir. \u0130n\u015fallah, b\u00fcy\u00fck Mersin&#8217;i hep birlikte olu\u015fturaca\u011f\u0131z. MES\u0130AD&#8217;\u0131n 32. y\u0131l\u0131 kutlu olsun&#8221; diye konu\u015ftu.<\/p>\n","protected":false},"excerpt":{"rendered":"<p>Mersin B\u00fcy\u00fck\u015fehir Belediye Ba\u015fkan\u0131 Vahap Se\u00e7er, Mersin Sanayicileri ve \u0130\u015f \u0130nsanlar\u0131 Derne\u011fi&#8217;nin (MES\u0130AD) 32. Y\u0131l Balosu&#8217;na kat\u0131larak, i\u015f insanlar\u0131yla bir araya geldi. Keyifli bir gecenin ya\u015fand\u0131\u011f\u0131 baloda Ba\u015fkan Se\u00e7er, kentin &hellip; <a href=\"https:\/\/akdenizolaygazetesi.com\/?p=23162\" class=\"more-link\">Devam\u0131n\u0131 Oku&#8230;<\/a><\/p>\n","protected":false},"author":2,"featured_media":23163,"comment_status":"open","ping_status":"open","sticky":false,"template":"","format":"standard","meta":[],"categories":[2,3,5],"tags":[],"_links":{"self":[{"href":"https:\/\/akdenizolaygazetesi.com\/index.php?rest_route=\/wp\/v2\/posts\/23162"}],"collection":[{"href":"https:\/\/akdenizolaygazetesi.com\/index.php?rest_route=\/wp\/v2\/posts"}],"about":[{"href":"https:\/\/akdenizolaygazetesi.com\/index.php?rest_route=\/wp\/v2\/types\/post"}],"author":[{"embeddable":true,"href":"https:\/\/akdenizolaygazetesi.com\/index.php?rest_route=\/wp\/v2\/users\/2"}],"replies":[{"embeddable":true,"href":"https:\/\/akdenizolaygazetesi.com\/index.php?rest_route=%2Fwp%2Fv2%2Fcomments&post=23162"}],"version-history":[{"count":1,"href":"https:\/\/akdenizolaygazetesi.com\/index.php?rest_route=\/wp\/v2\/posts\/23162\/revisions"}],"predecessor-version":[{"id":23164,"href":"https:\/\/akdenizolaygazetesi.com\/index.php?rest_route=\/wp\/v2\/posts\/23162\/revisions\/23164"}],"wp:featuredmedia":[{"embeddable":true,"href":"https:\/\/akdenizolaygazetesi.com\/index.php?rest_route=\/wp\/v2\/media\/23163"}],"wp:attachment":[{"href":"https:\/\/akdenizolaygazetesi.com\/index.php?rest_route=%2Fwp%2Fv2%2Fmedia&parent=23162"}],"wp:term":[{"taxonomy":"category","embeddable":true,"href":"https:\/\/akdenizolaygazetesi.com\/index.php?rest_route=%2Fwp%2Fv2%2Fcategories&post=23162"},{"taxonomy":"post_tag","embeddable":true,"href":"https:\/\/akdenizolaygazetesi.com\/index.php?rest_route=%2Fwp%2Fv2%2Ftags&post=23162"}],"curies":[{"name":"wp","href":"https:\/\/api.w.org\/{rel}","templated":true}]}}