{"id":23165,"date":"2022-12-28T12:48:38","date_gmt":"2022-12-28T09:48:38","guid":{"rendered":"http:\/\/akdenizolaygazetesi.com\/?p=23165"},"modified":"2022-12-28T12:48:38","modified_gmt":"2022-12-28T09:48:38","slug":"buyuksehir-el-bebek-gul-bebek-ile-ailelerin-yaninda","status":"publish","type":"post","link":"https:\/\/akdenizolaygazetesi.com\/?p=23165","title":{"rendered":"B\u00dcY\u00dcK\u015eEH\u0130R, &#8220;EL BEBEK G\u00dcL BEBEK&#8221; \u0130LE A\u0130LELER\u0130N YANINDA"},"content":{"rendered":"<p>Mersin B\u00fcy\u00fck\u015fehir Belediyesi&#8217;nin sosyal belediyecilik anlay\u0131\u015f\u0131yla hayata ge\u00e7irdi\u011fi ve bebeklerin ihtiya\u00e7lar\u0131 ile geli\u015fimine katk\u0131 sunmay\u0131 ama\u00e7layan &#8220;El Bebek G\u00fcl Bebek&#8221; projesi, 13 il\u00e7ede ailelerin y\u00fcz\u00fcn\u00fc g\u00fcld\u00fcrmeye devam ediyor. 2020 y\u0131l\u0131n\u0131n Nisan ay\u0131nda ba\u015flat\u0131lan proje ile 30 binin \u00fczerinde destek paketi ailelere ula\u015ft\u0131r\u0131ld\u0131.<br \/>\nDar gelirli ailelerin 6-12 ayl\u0131k bebekleri i\u00e7in ba\u015flat\u0131lan projeye ba\u015fvurular, Teksin \u00fczerinden yap\u0131l\u0131yor. Ba\u015fvuruda, talepte bulunan ailenin asgari \u00fccret veya alt\u0131nda bir gelirinin olmas\u0131 \u015fart\u0131 aran\u0131yor.<br \/>\nAtar: &#8220;\u00c7ocuklar\u0131m\u0131z\u0131n her geli\u015fim a\u015famas\u0131nda yan\u0131nday\u0131z&#8221;<br \/>\nProjeyi pandemi s\u00fcrecinde hayata ge\u00e7irdiklerini ve sonras\u0131nda yayg\u0131nla\u015ft\u0131\u011f\u0131n\u0131 belirten Sosyal Hizmetler Dairesi b\u00fcnyesinde g\u00f6rev yapan \u00c7ocuk Geli\u015fimcisi G\u00fcl\u00e7in Atar, &#8220;\u0130nsanlar\u0131n al\u0131m g\u00fcc\u00fc azald\u0131\u011f\u0131 i\u00e7in, talep \u00e7ok fazla. Bundan kaynakl\u0131 olarak projemiz b\u00fcy\u00fcd\u00fc. Da\u011f\u0131tt\u0131\u011f\u0131m\u0131z paket say\u0131s\u0131 30 binin \u00fczerine ula\u015ft\u0131. \u0130\u00e7erisinde bebek bezi, bebek mamas\u0131, bebek \u015fampuan\u0131, \u0131slak mendil ve pi\u015fik kreminin bulundu\u011fu paketlerimizin da\u011f\u0131t\u0131m\u0131 devam ediyor&#8221; dedi.<br \/>\nAilelerin 6-12 ayl\u0131k bebe\u011fi oldu\u011fu d\u00f6nemlerde ba\u015fvuru yapmalar\u0131 durumunda talebi incelemeye ald\u0131klar\u0131n\u0131 s\u00f6yleyen Atar, asgari \u00fccret veya alt\u0131nda bir gelire sahip ailelerin bu hizmetten yararland\u0131klar\u0131n\u0131 belirtti. Atar, &#8220;Destek paketlerimizi, bebekler 1 ya\u015f\u0131na ula\u015f\u0131ncaya kadar verebiliyoruz. &#8216;El Bebek G\u00fcl Bebek&#8217; projemiz g\u00fcn ge\u00e7tik\u00e7e b\u00fcy\u00fcyor. \u015eu an aktif olarak 2 bin aile bu hizmetten yararlan\u0131yor. Do\u011fum \u00f6ncesinde bebe\u011fin beslenmesine katk\u0131 sa\u011flamak amac\u0131yla &#8216;Hamile Bak\u0131m S\u00fct\u00fc&#8217; projemiz, do\u011fum sonras\u0131 ise 6-12 ayl\u0131k bebekler i\u00e7in &#8216;El Bebek G\u00fcl Bebek&#8217; projelerimiz devam ediyor. Arada bir bo\u015fluk var. Bunu da &#8216;Ho\u015f Geldin Bebek&#8217; paketiyle tamamlayaca\u011f\u0131z. Bundan sonras\u0131nda da hizmetlerimiz devam edecek. \u00c7ocuklar\u0131m\u0131z\u0131n her geli\u015fim a\u015famas\u0131nda yan\u0131nday\u0131z&#8221; ifadelerini kulland\u0131.<br \/>\n&#8220;G\u00f6stermelik bir hizmet olmad\u0131\u011f\u0131 \u00fcr\u00fcnlerin kalitesinden de belli&#8221;<br \/>\n2 \u00e7ocuk annesi Besna Ta\u015fkan, o\u011flu Devran i\u00e7in ald\u0131\u011f\u0131 hizmet i\u00e7in, &#8220;Bu paketi ikinci kez al\u0131yorum. Bebek bezi, en ucuz yer olan pazarda bile 170 lira. Mama \u00e7ok pahal\u0131. Durumumuz olmad\u0131\u011f\u0131 i\u00e7in ben mama alam\u0131yordum ve bundan dolay\u0131 bebe\u011fim geli\u015fmedi. Belediye&#8217;nin da\u011f\u0131tt\u0131\u011f\u0131 \u00fcr\u00fcnlere bakt\u0131m ve hepsini de ara\u015ft\u0131rd\u0131m. \u00c7ok kaliteli. Memnunuz. G\u00f6stermelik bir hizmet olmad\u0131\u011f\u0131, \u00fcr\u00fcnlerin kalitesinden de belli&#8221; dedi.<br \/>\n&#8220;\u00dcr\u00fcnlerin tamam\u0131 kaliteli&#8221;<br \/>\n8 ayl\u0131k Umut Ayaz&#8217;\u0131n annesi Canan Akta\u015f, &#8220;Daha \u00f6nce &#8216;Hamile Bak\u0131m S\u00fct\u00fc&#8217;nden yararland\u0131m. 8 ayl\u0131k o\u011flum i\u00e7in de &#8216;El Bebek G\u00fcl Bebek&#8217; paketinden faydalan\u0131yoruz. Maddi durumumuz iyi de\u011fil. \u00dcr\u00fcnler kaliteli, bizim kendi kulland\u0131\u011f\u0131m\u0131z \u00fcr\u00fcnler. Personel de ger\u00e7ekten \u00e7ok iyi. Ben hamileyken s\u00fct\u00fc kendim ta\u015f\u0131yam\u0131yordum, s\u00fct\u00fc mutfa\u011fa kadar getiriyorlard\u0131. Memnunuz&#8221; ifadelerini kulland\u0131.<br \/>\n&#8220;Bu \u015fartlarda b\u00f6yle bir destek yap\u0131lmas\u0131 \u00e7ok iyi&#8221;<br \/>\nBebek i\u00e7in ald\u0131klar\u0131 destek paketinin, aile ekonomisine de ayn\u0131 \u015fekilde katk\u0131 sa\u011flad\u0131\u011f\u0131n\u0131 s\u00f6yleyen 11 ayl\u0131k Yi\u011fit Aras&#8217;\u0131n annesi Nebahat Duruk ise, &#8220;Paketi a\u00e7t\u0131m. Mama, bez, \u0131slak mendil, pi\u015fik kremi, \u015fampuan vard\u0131. Bu \u015fartlarda b\u00f6yle bir destek yap\u0131lmas\u0131 \u00e7ok iyi&#8221; dedi.<\/p>\n","protected":false},"excerpt":{"rendered":"<p>Mersin B\u00fcy\u00fck\u015fehir Belediyesi&#8217;nin sosyal belediyecilik anlay\u0131\u015f\u0131yla hayata ge\u00e7irdi\u011fi ve bebeklerin ihtiya\u00e7lar\u0131 ile geli\u015fimine katk\u0131 sunmay\u0131 ama\u00e7layan &#8220;El Bebek G\u00fcl Bebek&#8221; projesi, 13 il\u00e7ede ailelerin y\u00fcz\u00fcn\u00fc g\u00fcld\u00fcrmeye devam ediyor. 2020 y\u0131l\u0131n\u0131n &hellip; <a href=\"https:\/\/akdenizolaygazetesi.com\/?p=23165\" class=\"more-link\">Devam\u0131n\u0131 Oku&#8230;<\/a><\/p>\n","protected":false},"author":2,"featured_media":23166,"comment_status":"open","ping_status":"open","sticky":false,"template":"","format":"standard","meta":[],"categories":[2,3,5],"tags":[],"_links":{"self":[{"href":"https:\/\/akdenizolaygazetesi.com\/index.php?rest_route=\/wp\/v2\/posts\/23165"}],"collection":[{"href":"https:\/\/akdenizolaygazetesi.com\/index.php?rest_route=\/wp\/v2\/posts"}],"about":[{"href":"https:\/\/akdenizolaygazetesi.com\/index.php?rest_route=\/wp\/v2\/types\/post"}],"author":[{"embeddable":true,"href":"https:\/\/akdenizolaygazetesi.com\/index.php?rest_route=\/wp\/v2\/users\/2"}],"replies":[{"embeddable":true,"href":"https:\/\/akdenizolaygazetesi.com\/index.php?rest_route=%2Fwp%2Fv2%2Fcomments&post=23165"}],"version-history":[{"count":1,"href":"https:\/\/akdenizolaygazetesi.com\/index.php?rest_route=\/wp\/v2\/posts\/23165\/revisions"}],"predecessor-version":[{"id":23167,"href":"https:\/\/akdenizolaygazetesi.com\/index.php?rest_route=\/wp\/v2\/posts\/23165\/revisions\/23167"}],"wp:featuredmedia":[{"embeddable":true,"href":"https:\/\/akdenizolaygazetesi.com\/index.php?rest_route=\/wp\/v2\/media\/23166"}],"wp:attachment":[{"href":"https:\/\/akdenizolaygazetesi.com\/index.php?rest_route=%2Fwp%2Fv2%2Fmedia&parent=23165"}],"wp:term":[{"taxonomy":"category","embeddable":true,"href":"https:\/\/akdenizolaygazetesi.com\/index.php?rest_route=%2Fwp%2Fv2%2Fcategories&post=23165"},{"taxonomy":"post_tag","embeddable":true,"href":"https:\/\/akdenizolaygazetesi.com\/index.php?rest_route=%2Fwp%2Fv2%2Ftags&post=23165"}],"curies":[{"name":"wp","href":"https:\/\/api.w.org\/{rel}","templated":true}]}}