{"id":23181,"date":"2022-12-29T12:43:48","date_gmt":"2022-12-29T09:43:48","guid":{"rendered":"http:\/\/akdenizolaygazetesi.com\/?p=23181"},"modified":"2022-12-29T12:43:48","modified_gmt":"2022-12-29T09:43:48","slug":"mersinliler-geleneksel-3-ocak-zafer-yuruyusunde-bulusacak","status":"publish","type":"post","link":"https:\/\/akdenizolaygazetesi.com\/?p=23181","title":{"rendered":"MERS\u0130NL\u0130LER, GELENEKSEL 3 OCAK ZAFER Y\u00dcR\u00dcY\u00dc\u015e\u00dc&#8217;NDE BULU\u015eACAK"},"content":{"rendered":"<p>Toroslar Belediyesinin, 3 Ocak Mersin&#8217;in D\u00fc\u015fman \u0130\u015fgalinden Kurtulu\u015fu&#8217;nun 101&#8217;nci y\u0131l d\u00f6n\u00fcm\u00fcnde d\u00fczenleyece\u011fi &#8220;Geleneksel 3 Ocak Zafer Y\u00fcr\u00fcy\u00fc\u015f\u00fc&#8217;n\u00fcn&#8221;  heyecan\u0131 Mersin&#8217;i sard\u0131.<\/p>\n<p>Kentin sembol\u00fc haline gelen Zafer Y\u00fcr\u00fcy\u00fc\u015f\u00fc, bu y\u0131l Mersin Valili\u011fi ile birlikte yap\u0131lacak. Birlik ve beraberli\u011fin en g\u00fczel foto\u011fraf karesinin verilece\u011fi y\u00fcr\u00fcy\u00fc\u015f\u00fcn t\u00fcm haz\u0131rl\u0131klar\u0131 devam ediyor.<\/p>\n<p>Toroslar Belediye Ba\u015fkan\u0131 Ats\u0131z Af\u015f\u0131n Y\u0131lmaz, Mersin&#8217;in D\u00fc\u015fman \u0130\u015fgali&#8217;nden Kurtulu\u015fu&#8217;nun y\u0131l d\u00f6n\u00fcm\u00fcn\u00fc bu y\u0131l da b\u00fcy\u00fck bir gurur ve co\u015fkuyla kutlayacaklar\u0131n\u0131 s\u00f6yledi<\/p>\n<p>&#8220;K\u00d6YDEN KENTE B\u0130NLERCE VATANDA\u015e KATILACAK&#8221;<\/p>\n<p>3 Ocak 2023 Sal\u0131 g\u00fcn\u00fc saat 08.00&#8217;da Toroslar Kuvayi Milliye An\u0131t\u0131 \u00f6n\u00fcnden ba\u015flayarak Kuvayi Milliye Caddesi, Eski Devlet Hastanesi Kav\u015fa\u011f\u0131, Metropol Kav\u015fa\u011f\u0131, Fasih Kayabal\u0131 Caddesi, \u00c7akmak Caddesi, Tren Gar\u0131, Kurtulu\u015f Kav\u015fa\u011f\u0131 ve Sahil Yolu g\u00fczerg\u00e2h\u0131ndan Cumhuriyet Meydan\u0131&#8217;na kadar s\u00fcrecek olan y\u00fcr\u00fcy\u00fc\u015fe bu y\u0131l da k\u00f6yden kente binlerce vatanda\u015f kat\u0131lacak.<\/p>\n<p>Zafer Y\u00fcr\u00fcy\u00fc\u015f\u00fcnde, temsili Elif&#8217;in Ka\u011fn\u0131s\u0131 ve s\u0131rt\u0131nda cepheye mermi ta\u015f\u0131yan Nene Hatunlar da tarihi yeniden canland\u0131racak.<\/p>\n<p>\u00dcNL\u00dc TAR\u0130H\u00c7\u0130 PROF. DR. \u0130LBER ORTAYLI, 3 OCAK&#8217;TA TOROSLAR&#8217;DA!<\/p>\n<p>Toroslar Belediyesinin 3 Ocak kutlamalar\u0131, \u00fclkemizin tarih atlas\u0131 Prof. Dr. \u0130lber Ortayl\u0131&#8217;n\u0131n &#8220;Kurtulu\u015f Sava\u015f\u0131&#8217;nda Toroslar ve \u00c7ukurova&#8217;n\u0131n \u00d6nemi&#8221; konulu s\u00f6yle\u015fisiyle ta\u00e7lanacak.<\/p>\n<p>T\u00fcrk tarih\u00e7i, akademisyen ve yazar Prof. Dr. \u0130lber Ortayl\u0131, 3 Ocak Sal\u0131 g\u00fcn\u00fc saat 13.00&#8217;da Toroslar Belediyesi Yunus Emre K\u00fclt\u00fcr Merkezi&#8217;nde Mersinlilerle bulu\u015facak.<\/p>\n<p>BA\u015eKAN YILMAZ&#8217;DAN, ZAFER Y\u00dcR\u00dcY\u00dc\u015e\u00dc ve PROF. DR. \u0130LBER ORTAYLI&#8217;NIN S\u00d6YLE\u015e\u0130S\u0130NE DAVET<\/p>\n<p>Toroslar Belediye Ba\u015fkan\u0131 Ats\u0131z Af\u015f\u0131n Y\u0131lmaz, t\u00fcm Mersinlileri Zafer Y\u00fcr\u00fcy\u00fc\u015f\u00fc&#8217;ne ve Prof. Dr. \u0130lber Ortayl\u0131&#8217;n\u0131n konuk olaca\u011f\u0131 s\u00f6yle\u015fiye davet ederek; &#8220;Tarihe y\u00f6n veren, talihe yol a\u00e7an atalar\u0131m\u0131z\u0131n 101 y\u0131l \u00f6nce d\u00fc\u015fman i\u015fgalinden kurtard\u0131\u011f\u0131 g\u00fczel Mersinimizin kurtulu\u015f y\u0131l d\u00f6n\u00fcm\u00fcn\u00fc bu y\u0131l da co\u015fkuyla kutlayal\u0131m.  Bu y\u0131l, Mersin Valimiz Say\u0131n Ali Hamza Pehlivan&#8217;\u0131n himayelerinde ortakla\u015fa ger\u00e7ekle\u015ftirece\u011fimiz Geleneksel 3 Ocak Zafer Y\u00fcr\u00fcy\u00fc\u015f\u00fcm\u00fcze ve \u00fcnl\u00fc tarih\u00e7imiz Prof. Dr. \u0130lber Ortayl\u0131&#8217;n\u0131n &#8220;Kurtulu\u015f Sava\u015f\u0131&#8217;nda Toroslar ve \u00c7ukurova&#8217;n\u0131n \u00d6nemi&#8221; konulu s\u00f6yle\u015fisine bekliyoruz. T\u00fcrk tarihi ile ilgili donan\u0131mlar\u0131n\u0131 bizlerle payla\u015facak olan de\u011ferli tarih\u00e7i ve yazar\u0131m\u0131z \u0130lber Ortayl\u0131&#8217;y\u0131 Mersinimizde, Toroslar\u0131m\u0131zda a\u011f\u0131rlayacak olman\u0131n mutlulu\u011funu ya\u015f\u0131yoruz. Bu s\u00f6yle\u015finin gen\u00e7lerimize \u00e7ok b\u00fcy\u00fck katk\u0131 sa\u011flayaca\u011f\u0131n\u0131 d\u00fc\u015f\u00fcn\u00fcyorum. Amac\u0131m\u0131z, yeni nesle tarih \u015fuurunu, Kuvayi Milliye ruhunu ve kentlilik bilincini en g\u00fczel \u015fekilde aktarabilmek&#8221; ifadelerini kulland\u0131.<\/p>\n<p> &#8220;3 OCAK, MERS\u0130N&#8217;DE YA\u015eAYAN HERKES\u0130N ORTAK PAYDASIDIR&#8221;<\/p>\n<p>3 Ocak&#8217;\u0131n, Mersin&#8217;de ya\u015fayan herkesin ortak paydas\u0131 oldu\u011funu vurgulayan Ba\u015fkan Y\u0131lmaz, her y\u0131l geleneksel olarak d\u00fczenledikleri Zafer Y\u00fcr\u00fcy\u00fc\u015f\u00fcyle t\u00fcm T\u00fcrkiye&#8217;ye birlik ve beraberli\u011fin en g\u00fczel mesaj\u0131n\u0131 verdiklerini kaydederek; &#8220;Mersin&#8217;in ortak de\u011ferlerle ilerlemesini istiyoruz. Toplum olarak, vatan\u0131m\u0131z, bayra\u011f\u0131m\u0131z, \u0130stiklal Mar\u015f\u0131m\u0131z bizim ortak de\u011ferlerimiz. Yerel olarak ortak de\u011ferimiz ise 3 Ocak Mersin&#8217;in kurtulu\u015fudur. Bunu \u00f6nemsiyoruz ve \u00e7ocuklar\u0131m\u0131z taraf\u0131ndan daha iyi anla\u015f\u0131lmas\u0131n\u0131 istiyoruz. Gazi Mustafa Kemal Atat\u00fcrk&#8217;\u00fcn &#8220;Mersinliler Mersin&#8217;e sahip \u00e7\u0131k\u0131n\u0131z!&#8221; diyerek seslendi\u011fi bu cennet \u015fehri birlik, beraberlik i\u00e7erisinde devrald\u0131\u011f\u0131m\u0131z noktadan daha yukar\u0131lara \u00e7\u0131karaca\u011f\u0131z in\u015fallah. Her zaman yan\u0131m\u0131zda olan, y\u00fcr\u00fcy\u00fc\u015f\u00fcm\u00fcze destek veren t\u00fcm hem\u015fehrilerime \u015fimdiden te\u015fekk\u00fcr ediyorum. Bizler, Cumhuriyetimizin kurucusu Gazi Mustafa Kemal Atat\u00fcrk&#8217;\u00fcn, kahraman T\u00fcrk kad\u0131n\u0131n\u0131n ve yi\u011fit atalar\u0131m\u0131z\u0131n evlatlar\u0131y\u0131z. Bu g\u00fczel topraklarda ba\u011f\u0131ms\u0131z ya\u015famam\u0131z\u0131 sa\u011flayan Gazi Mustafa Kemal Atat\u00fcrk ve silah arkada\u015flar\u0131 olmak \u00fczere t\u00fcm \u015fehitlerimizi, kahraman gazilerimizi rahmet ve minnetle an\u0131yorum. Bize emanet edilen bu kutsal topraklar\u0131n her zaman savunucusu ve koruyucusu olaca\u011f\u0131z&#8221; \u015feklinde konu\u015ftu.<\/p>\n","protected":false},"excerpt":{"rendered":"<p>Toroslar Belediyesinin, 3 Ocak Mersin&#8217;in D\u00fc\u015fman \u0130\u015fgalinden Kurtulu\u015fu&#8217;nun 101&#8217;nci y\u0131l d\u00f6n\u00fcm\u00fcnde d\u00fczenleyece\u011fi &#8220;Geleneksel 3 Ocak Zafer Y\u00fcr\u00fcy\u00fc\u015f\u00fc&#8217;n\u00fcn&#8221; heyecan\u0131 Mersin&#8217;i sard\u0131. Kentin sembol\u00fc haline gelen Zafer Y\u00fcr\u00fcy\u00fc\u015f\u00fc, bu y\u0131l Mersin Valili\u011fi &hellip; <a href=\"https:\/\/akdenizolaygazetesi.com\/?p=23181\" class=\"more-link\">Devam\u0131n\u0131 Oku&#8230;<\/a><\/p>\n","protected":false},"author":2,"featured_media":23182,"comment_status":"open","ping_status":"open","sticky":false,"template":"","format":"standard","meta":[],"categories":[3],"tags":[],"_links":{"self":[{"href":"https:\/\/akdenizolaygazetesi.com\/index.php?rest_route=\/wp\/v2\/posts\/23181"}],"collection":[{"href":"https:\/\/akdenizolaygazetesi.com\/index.php?rest_route=\/wp\/v2\/posts"}],"about":[{"href":"https:\/\/akdenizolaygazetesi.com\/index.php?rest_route=\/wp\/v2\/types\/post"}],"author":[{"embeddable":true,"href":"https:\/\/akdenizolaygazetesi.com\/index.php?rest_route=\/wp\/v2\/users\/2"}],"replies":[{"embeddable":true,"href":"https:\/\/akdenizolaygazetesi.com\/index.php?rest_route=%2Fwp%2Fv2%2Fcomments&post=23181"}],"version-history":[{"count":1,"href":"https:\/\/akdenizolaygazetesi.com\/index.php?rest_route=\/wp\/v2\/posts\/23181\/revisions"}],"predecessor-version":[{"id":23183,"href":"https:\/\/akdenizolaygazetesi.com\/index.php?rest_route=\/wp\/v2\/posts\/23181\/revisions\/23183"}],"wp:featuredmedia":[{"embeddable":true,"href":"https:\/\/akdenizolaygazetesi.com\/index.php?rest_route=\/wp\/v2\/media\/23182"}],"wp:attachment":[{"href":"https:\/\/akdenizolaygazetesi.com\/index.php?rest_route=%2Fwp%2Fv2%2Fmedia&parent=23181"}],"wp:term":[{"taxonomy":"category","embeddable":true,"href":"https:\/\/akdenizolaygazetesi.com\/index.php?rest_route=%2Fwp%2Fv2%2Fcategories&post=23181"},{"taxonomy":"post_tag","embeddable":true,"href":"https:\/\/akdenizolaygazetesi.com\/index.php?rest_route=%2Fwp%2Fv2%2Ftags&post=23181"}],"curies":[{"name":"wp","href":"https:\/\/api.w.org\/{rel}","templated":true}]}}