{"id":23184,"date":"2022-12-29T12:45:07","date_gmt":"2022-12-29T09:45:07","guid":{"rendered":"http:\/\/akdenizolaygazetesi.com\/?p=23184"},"modified":"2022-12-29T12:45:07","modified_gmt":"2022-12-29T09:45:07","slug":"mersin-radyasyon-acil-durum-tatbikati","status":"publish","type":"post","link":"https:\/\/akdenizolaygazetesi.com\/?p=23184","title":{"rendered":"&#8220;MERS\u0130N RADYASYON AC\u0130L DURUM TATB\u0130KATI&#8221;"},"content":{"rendered":"<p>Mersin Valimiz Say\u0131n Ali Hamza PEHL\u0130VAN ba\u015fkanl\u0131\u011f\u0131nda ve Mersin \u0130l Afet ve Koordinasyon Kurulu koordinesinde , il genelindeki t\u00fcm yetkili amir ve g\u00f6revli personelin kat\u0131l\u0131m\u0131yla &#8220;Tam \u00d6l\u00e7ekli Mersin Radyasyon Acil Durumu Tatbikat\u0131&#8221;, Ye\u015filovac\u0131k Yang\u0131n Ekip Binas\u0131 lokasyonunda, ger\u00e7ekle\u015ftirildi.<br \/>\nKar\u015f\u0131la\u015f\u0131labilecek t\u00fcm olumsuz senaryolar kar\u015f\u0131s\u0131nda al\u0131nmas\u0131 gereken tedbirlerin ve y\u00fcr\u00fct\u00fclmesi planlanan \u00e7al\u0131\u015fmalar\u0131n canland\u0131r\u0131ld\u0131\u011f\u0131 tatbikatta \u0130l Milli E\u011fitim M\u00fcd\u00fcr\u00fcm\u00fcz Say\u0131n Adem KOCA:<br \/>\n&#8220;Afet ve acil durumlar kar\u015f\u0131s\u0131nda b\u00f6lgenin \u00f6zelliklerine g\u00f6re \u00fclke olarak haz\u0131rl\u0131kl\u0131 olmak zorunday\u0131z. Her b\u00f6lgenin ko\u015fullar\u0131 ve acil durum riskleri farkl\u0131l\u0131k arz ediyor. Biz Mersin&#8217;de Say\u0131n Valimizin ba\u015fkanl\u0131\u011f\u0131nda, geni\u015f ve uzman bir ekiple ger\u00e7ekle\u015ftirdi\u011fimiz tatbikatlarla t\u00fcm kurumlar\u0131m\u0131zla i\u015f birli\u011fi halinde ve g\u00f6rev da\u011f\u0131l\u0131m\u0131n\u0131n fark\u0131nda olarak her t\u00fcrl\u00fc olumsuz duruma haz\u0131rl\u0131kl\u0131 olmaya, vatanda\u015flar\u0131m\u0131z\u0131 bilgilendirmeye ve bilin\u00e7lendirmeye gayret ediyoruz. Mersin Milli E\u011fitim M\u00fcd\u00fcrl\u00fc\u011f\u00fc olarak tatbikatta, acil bir durum olmas\u0131 halinde b\u00f6lgeden tahliye edilenlerin yerle\u015ftirilece\u011fi Kabul Merkezinde kurulmas\u0131 planlanan \u00e7ad\u0131rlar\u0131n kurulumunda 30 ki\u015fiden olu\u015fan Mersin Arama ve Kurtarma Ekibimizle (MEB AKUB)  yer ald\u0131k. MEB AKUB olarak tatbikat esnas\u0131nda verilen di\u011fer g\u00f6revlendirmeleri ger\u00e7ekle\u015ftirdik. M\u00fcd\u00fcrl\u00fc\u011f\u00fcm\u00fcze ba\u011fl\u0131 Silifke Halk E\u011fitimi Merkezi kursiyerlerimiz de vatanda\u015flar\u0131 temsil etmek \u00fczere tatbikatta yerlerini ald\u0131. Hangi alanda, kurumda, g\u00f6revde olursa olsun herkesin g\u00f6rev ve sorumluluklar\u0131n\u0131 bilmesi, panikten uzak ve so\u011fukkanl\u0131 bir duru\u015fla, i\u015f birli\u011fi halinde olumsuz ko\u015fullar\u0131 bertaraf etmeye \u00e7al\u0131\u015fmas\u0131 \u00e7ok \u00f6nemli. M\u00fcd\u00fcrl\u00fc\u011f\u00fcm\u00fcz ihtiya\u00e7 halinde t\u00fcm ekibiyle, t\u00fcm bile\u015fenleriyle vatanda\u015flar\u0131n hizmetinde olmaya haz\u0131rd\u0131r.&#8221; dedi.<\/p>\n","protected":false},"excerpt":{"rendered":"<p>Mersin Valimiz Say\u0131n Ali Hamza PEHL\u0130VAN ba\u015fkanl\u0131\u011f\u0131nda ve Mersin \u0130l Afet ve Koordinasyon Kurulu koordinesinde , il genelindeki t\u00fcm yetkili amir ve g\u00f6revli personelin kat\u0131l\u0131m\u0131yla &#8220;Tam \u00d6l\u00e7ekli Mersin Radyasyon Acil &hellip; <a href=\"https:\/\/akdenizolaygazetesi.com\/?p=23184\" class=\"more-link\">Devam\u0131n\u0131 Oku&#8230;<\/a><\/p>\n","protected":false},"author":2,"featured_media":23185,"comment_status":"open","ping_status":"open","sticky":false,"template":"","format":"standard","meta":[],"categories":[2,3],"tags":[],"_links":{"self":[{"href":"https:\/\/akdenizolaygazetesi.com\/index.php?rest_route=\/wp\/v2\/posts\/23184"}],"collection":[{"href":"https:\/\/akdenizolaygazetesi.com\/index.php?rest_route=\/wp\/v2\/posts"}],"about":[{"href":"https:\/\/akdenizolaygazetesi.com\/index.php?rest_route=\/wp\/v2\/types\/post"}],"author":[{"embeddable":true,"href":"https:\/\/akdenizolaygazetesi.com\/index.php?rest_route=\/wp\/v2\/users\/2"}],"replies":[{"embeddable":true,"href":"https:\/\/akdenizolaygazetesi.com\/index.php?rest_route=%2Fwp%2Fv2%2Fcomments&post=23184"}],"version-history":[{"count":1,"href":"https:\/\/akdenizolaygazetesi.com\/index.php?rest_route=\/wp\/v2\/posts\/23184\/revisions"}],"predecessor-version":[{"id":23186,"href":"https:\/\/akdenizolaygazetesi.com\/index.php?rest_route=\/wp\/v2\/posts\/23184\/revisions\/23186"}],"wp:featuredmedia":[{"embeddable":true,"href":"https:\/\/akdenizolaygazetesi.com\/index.php?rest_route=\/wp\/v2\/media\/23185"}],"wp:attachment":[{"href":"https:\/\/akdenizolaygazetesi.com\/index.php?rest_route=%2Fwp%2Fv2%2Fmedia&parent=23184"}],"wp:term":[{"taxonomy":"category","embeddable":true,"href":"https:\/\/akdenizolaygazetesi.com\/index.php?rest_route=%2Fwp%2Fv2%2Fcategories&post=23184"},{"taxonomy":"post_tag","embeddable":true,"href":"https:\/\/akdenizolaygazetesi.com\/index.php?rest_route=%2Fwp%2Fv2%2Ftags&post=23184"}],"curies":[{"name":"wp","href":"https:\/\/api.w.org\/{rel}","templated":true}]}}