{"id":23187,"date":"2022-12-29T12:46:49","date_gmt":"2022-12-29T09:46:49","guid":{"rendered":"http:\/\/akdenizolaygazetesi.com\/?p=23187"},"modified":"2022-12-29T12:46:49","modified_gmt":"2022-12-29T09:46:49","slug":"tarsus-hal-esnafi-buyuksehirin-calismalariyla-cok-mutlu","status":"publish","type":"post","link":"https:\/\/akdenizolaygazetesi.com\/?p=23187","title":{"rendered":"TARSUS HAL ESNAFI B\u00dcY\u00dcK\u015eEH\u0130R&#8217;\u0130N \u00c7ALI\u015eMALARIYLA \u00c7OK MUTLU"},"content":{"rendered":"<p>Mersin B\u00fcy\u00fck\u015fehir Belediyesi, Tarsus Hal Kompleksi&#8217;ndeki altyap\u0131 g\u00fc\u00e7lendirme faaliyetlerine devam ediyor.<br \/>\nTarsus Hal Kompleksi&#8217;nde ayd\u0131nlatma sistemi yap\u0131l\u0131rken, giri\u015f-\u00e7\u0131k\u0131\u015f kap\u0131lar\u0131nda \u00e7at\u0131 yenileme ve ek kantar monte i\u015flemi yerine getirildi. Enerji tasarruflu led lambalar\u0131n yer ald\u0131\u011f\u0131 ayd\u0131nlatma direklerinin yerle\u015ftirilmesiyle, Tarsus Hal&#8217;inin her noktas\u0131 \u0131\u015f\u0131l \u0131\u015f\u0131l duruma geldi. Hal i\u00e7inde zamandan tasarruf sa\u011flanmas\u0131 i\u00e7in de kantar say\u0131s\u0131 4&#8217;de \u00e7\u0131kart\u0131ld\u0131.<\/p>\n<p>Sistemli \u00e7al\u0131\u015fma uyguland\u0131<\/p>\n<p>Ba\u015fkan Vahap Se\u00e7er&#8217;in, ticari a\u00e7\u0131dan \u00f6nemli noktalarda altyap\u0131n\u0131n g\u00fc\u00e7lendirilmesi i\u00e7in ger\u00e7ekle\u015ftirdi\u011fi projeler kapsam\u0131nda, Tarsus Hal Kompleksi&#8217;nde B\u00fcy\u00fck\u015fehir ekipleri sistemli bir \u00e7al\u0131\u015fma ger\u00e7ekle\u015ftirdi.<\/p>\n<p>Hal Tesisleri \u00f6n\u00fcnden ge\u00e7en Gazipa\u015fa Bulvar\u0131&#8217;nda s\u0131cak asfalt serim i\u015flemini uygulayan B\u00fcy\u00fck\u015fehir Belediyesi ekipleri, ayn\u0131 \u015fekilde komisyoncu ve sevkiyat\u00e7\u0131 y\u00fczlerce i\u015fyerini bar\u0131nd\u0131ran Tarsus Hal Kompleksi&#8217;nin yakla\u015f\u0131k 100 d\u00f6n\u00fcml\u00fck i\u00e7 alan\u0131ndaki bozuk zeminini tamamen s\u00f6kerek, ya\u011fmur suyu hatt\u0131n\u0131 revize etti ve \u00e7ift kat s\u0131cak asfalt ile kaplad\u0131.<\/p>\n<p>Tarsus Hal Kompleksi&#8217;nin arka k\u0131sm\u0131nda yer alan ve \u00d6\u011fretmenler Mahallesi s\u0131n\u0131rlar\u0131nda bulunan KOB\u0130 i\u015fletmelerinin faaliyette bulundu\u011fu alanda da s\u0131cak asfalt \u00e7al\u0131\u015fmas\u0131 uygulayan B\u00fcy\u00fck\u015fehir ekipleri, \u00e7izgileme i\u015flemiyle de g\u00fcvenli ge\u00e7i\u015flerin yap\u0131lmas\u0131n\u0131 sa\u011flad\u0131.<\/p>\n<p>\u015eahin: &#8220;Esnaf\u0131m\u0131za daha konforlu ve g\u00fcvenli bir hizmet alan\u0131 sa\u011fland\u0131&#8221;<\/p>\n<p>B\u00fcy\u00fck\u015fehir Belediyesi Fen \u0130\u015fleri Dairesi Ba\u015fkanl\u0131\u011f\u0131 Yap\u0131m, Bak\u0131m ve Onar\u0131m \u015eube M\u00fcd\u00fcrl\u00fc\u011f\u00fc&#8217;nde g\u00f6revli Elektrik-Elektronik M\u00fchendisi G\u00fcl\u015fah \u015eahin, yap\u0131lan \u00e7al\u0131\u015fmalar ile ilgili olarak verdi\u011fi bilgide, &#8220;Projemiz kapsam\u0131nda Tarsus Hal Kompleksi modern g\u00f6r\u00fcn\u00fcml\u00fc, uzun \u00f6m\u00fcrl\u00fc ve enerji tasarruflu led lambalarla ayd\u0131nlat\u0131ld\u0131&#8221; dedi.<br \/>\nYap\u0131lan \u00e7al\u0131\u015fmalar neticesinde esnaflar i\u00e7in daha g\u00fcvenli bir hizmet alan\u0131 yarat\u0131ld\u0131\u011f\u0131n\u0131 ifade eden \u015eahin, &#8220;Ayr\u0131ca i\u015f kapsam\u0131nda \u00e7evresel fakt\u00f6rlerden kaynakl\u0131, zamanla i\u015flevini yitirmi\u015f fiber glass \u00e7at\u0131lar\u0131n yerine, daha dayan\u0131kl\u0131 ve uzun \u00f6m\u00fcrl\u00fc kenet \u00e7at\u0131 sistemi yap\u0131ld\u0131. Projemizin tamamlanmas\u0131yla, vatanda\u015f\u0131m\u0131za ve esnaf\u0131m\u0131za daha konforlu ve g\u00fcvenli bir hizmet alan\u0131 sa\u011fland\u0131&#8221; \u015feklinde konu\u015ftu.<\/p>\n<p>&#8220;Hi\u00e7bir belediye daha \u00f6nce b\u00f6yle bir \u00e7al\u0131\u015fma yapmad\u0131&#8221;<\/p>\n<p>Tarsus Hal esnaflar\u0131ndan \u00d6nder Elbasan, B\u00fcy\u00fck\u015fehir&#8217;in altyap\u0131 \u00e7al\u0131\u015fmalar\u0131ndan olduk\u00e7a memnun olduklar\u0131n\u0131 s\u00f6yleyerek, &#8220;Yollar\u0131m\u0131z ve \u0131\u015f\u0131kland\u0131rma \u00e7ok g\u00fczel oldu. Kantarlar\u0131m\u0131z \u00e7o\u011fald\u0131. Her g\u00fcn temizlik yap\u0131l\u0131yor, \u00e7ok memnunuz. Hi\u00e7bir belediye daha \u00f6nce b\u00f6yle \u00e7al\u0131\u015fma yapmad\u0131. \u015eu an d\u00f6rt d\u00f6rtl\u00fck bir \u00e7al\u0131\u015fma var. Kantar say\u0131s\u0131 \u00e7o\u011fald\u0131\u011f\u0131 i\u00e7in, kimse s\u0131ra beklemiyor art\u0131k ve insanlar i\u015flerini k\u0131sa s\u00fcrede g\u00f6r\u00fcyorlar. Hal&#8217;e giri\u015f-\u00e7\u0131k\u0131\u015flar da rahatlad\u0131&#8221; diye konu\u015ftu.<\/p>\n<p>&#8220;Buralar batakl\u0131kt\u0131, arabalar bat\u0131yordu&#8221;<\/p>\n<p>Bir ba\u015fka Hal esnaf\u0131 Ayd\u0131n Bilici de, altyap\u0131 \u00e7al\u0131\u015fmalar\u0131 ile art\u0131k \u00e7amurlu yollardan kurtulduklar\u0131n\u0131 belirterek, &#8220;Gerek yollar, gerek ayd\u0131nlatma sistemi, gerekse g\u00fcvenlik a\u00e7\u0131s\u0131ndan epey i\u015f yap\u0131ld\u0131. Vahap Se\u00e7er Ba\u015fkan\u0131m\u0131z buraya baya\u011f\u0131 bir yat\u0131r\u0131m yapt\u0131. Memnunuz kendisinden, Allah raz\u0131 olsun.  Daha \u00f6nce buradan hi\u00e7 ge\u00e7ilmiyordu, buralar hep batakl\u0131kt\u0131. Arabalar burada bat\u0131yordu. Ama \u015fu an \u00e7ok \u015f\u00fck\u00fcr belediyemiz \u00e7al\u0131\u015f\u0131yor&#8221; \u015feklinde konu\u015ftu.<\/p>\n<p>&#8220;Her yere kapsaml\u0131 hizmet yap\u0131l\u0131yor, asfaltlama konusu s\u00fcper&#8221;<\/p>\n<p>Yine Hal esnaflar\u0131ndan B\u00fcnyamin Yal\u00e7\u0131nda\u011f da, &#8220;Benim g\u00f6rd\u00fc\u011f\u00fcm \u015fu var. K\u00f6ylere gidiyorum, k\u00f6y yollar\u0131 komple yap\u0131lm\u0131\u015f. Da\u011flara gidiyorum, da\u011f kesimlerinde ara yollar, k\u00f6y yollar\u0131 gibi yap\u0131lm\u0131\u015f. Ben b\u00f6yle hizmeti burada \u015fimdiye kadar g\u00f6rmedim. \u00dcreticiler de memnun. Kelahmet&#8217;ten a\u015fa\u011f\u0131ya do\u011fru yol yap\u0131lm\u0131\u015f. A\u011fz\u0131delik&#8217;ten \u00c7\u00f6pl\u00fc&#8217;ye kadar ara yol var mesela, oras\u0131 da yap\u0131lm\u0131\u015f ve \u00e7ok g\u00fczel olmu\u015f. Asfaltlama konusu s\u00fcper&#8221; dedi.<\/p>\n","protected":false},"excerpt":{"rendered":"<p>Mersin B\u00fcy\u00fck\u015fehir Belediyesi, Tarsus Hal Kompleksi&#8217;ndeki altyap\u0131 g\u00fc\u00e7lendirme faaliyetlerine devam ediyor. Tarsus Hal Kompleksi&#8217;nde ayd\u0131nlatma sistemi yap\u0131l\u0131rken, giri\u015f-\u00e7\u0131k\u0131\u015f kap\u0131lar\u0131nda \u00e7at\u0131 yenileme ve ek kantar monte i\u015flemi yerine getirildi. Enerji tasarruflu &hellip; <a href=\"https:\/\/akdenizolaygazetesi.com\/?p=23187\" class=\"more-link\">Devam\u0131n\u0131 Oku&#8230;<\/a><\/p>\n","protected":false},"author":2,"featured_media":23188,"comment_status":"open","ping_status":"open","sticky":false,"template":"","format":"standard","meta":[],"categories":[2,3],"tags":[],"_links":{"self":[{"href":"https:\/\/akdenizolaygazetesi.com\/index.php?rest_route=\/wp\/v2\/posts\/23187"}],"collection":[{"href":"https:\/\/akdenizolaygazetesi.com\/index.php?rest_route=\/wp\/v2\/posts"}],"about":[{"href":"https:\/\/akdenizolaygazetesi.com\/index.php?rest_route=\/wp\/v2\/types\/post"}],"author":[{"embeddable":true,"href":"https:\/\/akdenizolaygazetesi.com\/index.php?rest_route=\/wp\/v2\/users\/2"}],"replies":[{"embeddable":true,"href":"https:\/\/akdenizolaygazetesi.com\/index.php?rest_route=%2Fwp%2Fv2%2Fcomments&post=23187"}],"version-history":[{"count":1,"href":"https:\/\/akdenizolaygazetesi.com\/index.php?rest_route=\/wp\/v2\/posts\/23187\/revisions"}],"predecessor-version":[{"id":23189,"href":"https:\/\/akdenizolaygazetesi.com\/index.php?rest_route=\/wp\/v2\/posts\/23187\/revisions\/23189"}],"wp:featuredmedia":[{"embeddable":true,"href":"https:\/\/akdenizolaygazetesi.com\/index.php?rest_route=\/wp\/v2\/media\/23188"}],"wp:attachment":[{"href":"https:\/\/akdenizolaygazetesi.com\/index.php?rest_route=%2Fwp%2Fv2%2Fmedia&parent=23187"}],"wp:term":[{"taxonomy":"category","embeddable":true,"href":"https:\/\/akdenizolaygazetesi.com\/index.php?rest_route=%2Fwp%2Fv2%2Fcategories&post=23187"},{"taxonomy":"post_tag","embeddable":true,"href":"https:\/\/akdenizolaygazetesi.com\/index.php?rest_route=%2Fwp%2Fv2%2Ftags&post=23187"}],"curies":[{"name":"wp","href":"https:\/\/api.w.org\/{rel}","templated":true}]}}