{"id":23190,"date":"2022-12-29T12:48:37","date_gmt":"2022-12-29T09:48:37","guid":{"rendered":"http:\/\/akdenizolaygazetesi.com\/?p=23190"},"modified":"2022-12-29T12:48:37","modified_gmt":"2022-12-29T09:48:37","slug":"kuruma-gelen-vatandaslarla-sohbet-etti-is-ve-islemleri-icin-ilgili-birimlere-yonlendirdi","status":"publish","type":"post","link":"https:\/\/akdenizolaygazetesi.com\/?p=23190","title":{"rendered":"Kuruma gelen vatanda\u015flarla sohbet etti, i\u015f ve i\u015flemleri i\u00e7in ilgili birimlere y\u00f6nlendirdi"},"content":{"rendered":"<p>Ba\u015fkan G\u00fcltak, yeni y\u0131l nedeniyle bir s\u00fcrpriz yaparak \u2018Beyaz Masaya\u2019 oturdu, \u00e7e\u015fitli i\u015f ve i\u015flemleri veya talepleri nedeniyle Akdeniz Belediye merkez binas\u0131na gelen vatanda\u015flara yard\u0131mc\u0131 oldu. Kar\u015f\u0131lar\u0131nda belediye ba\u015fkan\u0131n\u0131 g\u00f6ren vatanda\u015flar, k\u0131sa s\u00fcreli bir \u015fa\u015fk\u0131nl\u0131k ya\u015fad\u0131.<br \/>\nAkdeniz Belediye Ba\u015fkan\u0131 M. Mustafa G\u00fcltak, vatanda\u015flar\u0131n \u00e7e\u015fitli i\u015f ve i\u015flemleri i\u00e7in ilk dura\u011f\u0131 olan Beyaz Masaya oturarak kuruma gelen vatanda\u015flar\u0131n i\u015flemleri ile yak\u0131ndan ilgilendi. Gelen vatanda\u015flar\u0131n talep ve \u015fik\u00e2yetlerini dinleyip yard\u0131mc\u0131 olan Ba\u015fkan G\u00fcltak, dile getirilen talep veya \u015fik\u00e2yetlere g\u00f6re vatanda\u015flar\u0131 ilgili birim m\u00fcd\u00fcrleri ile g\u00f6r\u00fc\u015ft\u00fcrd\u00fc.<br \/>\nYenilenen y\u00fcz\u00fc ve g\u00fc\u00e7lendirilen personeliyle vatanda\u015flara hizmet veren Beyaz Masa\u2019da Belediye Ba\u015fkan\u0131n\u0131 g\u00f6ren kimi vatanda\u015flar k\u0131sa s\u00fcreli \u015fa\u015fk\u0131nl\u0131k ve heyecan ya\u015fad\u0131. Gelen vatanda\u015flarla sohbet eden Ba\u015fkan G\u00fcltak, yeni y\u0131llar\u0131n\u0131 kutlad\u0131, sa\u011fl\u0131k, mutluluk ve esenlik diledi.<br \/>\nGelen vatanda\u015flar\u0131n taleplerini tek tek dinleyen Ba\u015fkan Mustafa G\u00fcltak, yap\u0131lacak i\u015fleme g\u00f6re yetkili birimlere y\u00f6nlendirdi. \u0130lk kez b\u00f6yle bir ilgiyle kar\u015f\u0131la\u015ft\u0131klar\u0131n\u0131 belirterek mutluluklar\u0131n\u0131 dile getiren vatanda\u015flar, Akdeniz Belediye Ba\u015fkan\u0131 Mustafa G\u00fcltak ve kendileriyle yak\u0131ndan ilgilenip yard\u0131mc\u0131 olan Beyaz Masa personeline te\u015fekk\u00fcr ettiler. <\/p>\n","protected":false},"excerpt":{"rendered":"<p>Ba\u015fkan G\u00fcltak, yeni y\u0131l nedeniyle bir s\u00fcrpriz yaparak \u2018Beyaz Masaya\u2019 oturdu, \u00e7e\u015fitli i\u015f ve i\u015flemleri veya talepleri nedeniyle Akdeniz Belediye merkez binas\u0131na gelen vatanda\u015flara yard\u0131mc\u0131 oldu. Kar\u015f\u0131lar\u0131nda belediye ba\u015fkan\u0131n\u0131 g\u00f6ren &hellip; <a href=\"https:\/\/akdenizolaygazetesi.com\/?p=23190\" class=\"more-link\">Devam\u0131n\u0131 Oku&#8230;<\/a><\/p>\n","protected":false},"author":2,"featured_media":23191,"comment_status":"open","ping_status":"open","sticky":false,"template":"","format":"standard","meta":[],"categories":[34,2,3,5],"tags":[],"_links":{"self":[{"href":"https:\/\/akdenizolaygazetesi.com\/index.php?rest_route=\/wp\/v2\/posts\/23190"}],"collection":[{"href":"https:\/\/akdenizolaygazetesi.com\/index.php?rest_route=\/wp\/v2\/posts"}],"about":[{"href":"https:\/\/akdenizolaygazetesi.com\/index.php?rest_route=\/wp\/v2\/types\/post"}],"author":[{"embeddable":true,"href":"https:\/\/akdenizolaygazetesi.com\/index.php?rest_route=\/wp\/v2\/users\/2"}],"replies":[{"embeddable":true,"href":"https:\/\/akdenizolaygazetesi.com\/index.php?rest_route=%2Fwp%2Fv2%2Fcomments&post=23190"}],"version-history":[{"count":1,"href":"https:\/\/akdenizolaygazetesi.com\/index.php?rest_route=\/wp\/v2\/posts\/23190\/revisions"}],"predecessor-version":[{"id":23192,"href":"https:\/\/akdenizolaygazetesi.com\/index.php?rest_route=\/wp\/v2\/posts\/23190\/revisions\/23192"}],"wp:featuredmedia":[{"embeddable":true,"href":"https:\/\/akdenizolaygazetesi.com\/index.php?rest_route=\/wp\/v2\/media\/23191"}],"wp:attachment":[{"href":"https:\/\/akdenizolaygazetesi.com\/index.php?rest_route=%2Fwp%2Fv2%2Fmedia&parent=23190"}],"wp:term":[{"taxonomy":"category","embeddable":true,"href":"https:\/\/akdenizolaygazetesi.com\/index.php?rest_route=%2Fwp%2Fv2%2Fcategories&post=23190"},{"taxonomy":"post_tag","embeddable":true,"href":"https:\/\/akdenizolaygazetesi.com\/index.php?rest_route=%2Fwp%2Fv2%2Ftags&post=23190"}],"curies":[{"name":"wp","href":"https:\/\/api.w.org\/{rel}","templated":true}]}}