{"id":23199,"date":"2022-12-29T12:53:08","date_gmt":"2022-12-29T09:53:08","guid":{"rendered":"http:\/\/akdenizolaygazetesi.com\/?p=23199"},"modified":"2022-12-29T12:53:08","modified_gmt":"2022-12-29T09:53:08","slug":"herkes-icin-yasanilabilir-bir-sehir-mersin","status":"publish","type":"post","link":"https:\/\/akdenizolaygazetesi.com\/?p=23199","title":{"rendered":"HERKES \u0130\u00c7\u0130N YA\u015eANILAB\u0130L\u0130R B\u0130R \u015eEH\u0130R: MERS\u0130N"},"content":{"rendered":"<p>Mersin B\u00fcy\u00fck\u015fehir Belediyesi, Ba\u015fkan Vahap Se\u00e7er \u00f6nc\u00fcl\u00fc\u011f\u00fcnde bu sene de kente kazand\u0131r\u0131lan kaliteli hizmetlerin yan\u0131 s\u0131ra, vatanda\u015flar\u0131n kendilerini daha mutlu ve \u00f6zg\u00fcr hissetmeleri i\u00e7in takdir toplayan \u00e7al\u0131\u015fmalara imza att\u0131. Dinamizmiyle, g\u00fcl\u00fcmseyen bir kente d\u00f6n\u00fc\u015fen Mersin&#8217;de ger\u00e7ekle\u015ftirilen etkinlikler ve sunulan olanaklarla, 7&#8217;den 70&#8217;e herkes i\u00e7in bu kentte ya\u015famak \u00e7ok daha keyifli hale geldi. \u00d6zellikle gen\u00e7ler, kad\u0131nlar ve ya\u015f alm\u0131\u015f yurtta\u015flar, 2022 y\u0131l\u0131n\u0131n geride b\u0131rak\u0131laca\u011f\u0131 bu g\u00fcnlerde, Mersin&#8217;de ya\u015f\u0131yor olman\u0131n kendileri i\u00e7in b\u00fcy\u00fck \u015fans oldu\u011funu ifade etti.<br \/>\nGen\u00e7ler: &#8220;B\u00fcy\u00fck\u015fehir&#8217;in, ger\u00e7ekle\u015ftirdi\u011fi hizmetlerle, gen\u00e7lere sahip \u00e7\u0131kt\u0131\u011f\u0131n\u0131 d\u00fc\u015f\u00fcn\u00fcyoruz&#8221;<br \/>\nGen\u00e7ler, bu y\u0131l dolu dolu ge\u00e7en etkinlikler ve olanaklarla kendilerini &#8220;daha ne\u015feli&#8221; olarak tan\u0131mlad\u0131. 20 ya\u015f\u0131ndaki Ekrem Do\u011fru, &#8220;2022 y\u0131l\u0131nda gen\u00e7lere sunulan olanaklar \u00e7ok iyiydi. Beni ger\u00e7ekten gen\u00e7 olarak de\u011ferli hissettirdi. 2023&#8217;te bu olanaklar\u0131n daha iyi olaca\u011f\u0131n\u0131 d\u00fc\u015f\u00fcn\u00fcyorum. \u00dccretsiz a\u00e7\u0131lan kurs merkezleri olsun, konserler olsun \u00e7ok de\u011ferliydi. \u00d6nceden b\u00f6yle etkinlikler \u00e7ok olmuyordu, \u015fu an olmaya ba\u015flad\u0131. Mutluyuz. Bu etkinliklerin daha fazla olmas\u0131n\u0131 umuyoruz ve olaca\u011f\u0131na da inan\u0131yoruz. Mersin B\u00fcy\u00fck\u015fehir Belediyesi&#8217;nin yapt\u0131\u011f\u0131 hizmetlerle, gen\u00e7lere ger\u00e7ekten sahip \u00e7\u0131kt\u0131\u011f\u0131n\u0131 d\u00fc\u015f\u00fcn\u00fcyorum&#8221; dedi.<br \/>\n\u015eehrazat \u00c7imen, Mersin&#8217;in \u00f6\u011frenci ve gen\u00e7 dostu bir kent oldu\u011funu belirtti. B\u00fcy\u00fck\u015fehir&#8217;in \u00f6\u011frenciler ve gen\u00e7ler i\u00e7in \u00e7ok g\u00fczel hizmetleri hayata ge\u00e7irdi\u011fini ifade eden \u00c7imen, &#8220;B\u00fcy\u00fck\u015fehir Belediyesi; bize festivaller, \u015fenlikler, etkinlikler gibi imk\u00e2nlar sa\u011flad\u0131. Pandemi s\u00fcrecinde eve kapand\u0131k. Sonras\u0131nda bu tarz etkinliklerin olmas\u0131, Mersinli gen\u00e7leri ve vatanda\u015flar\u0131 \u00e7ok memnun etti. Ben de f\u0131rsat bulduk\u00e7a bizzat kat\u0131l\u0131yorum etkinliklere, kafa da\u011f\u0131tma imkan\u0131m\u0131z oluyor&#8221; dedi. B\u00fcy\u00fck\u015fehir&#8217;in gen\u00e7leri \u00f6nemsedi\u011fini s\u00f6yleyen \u00c7imen, &#8220;Bence \u00e7ok g\u00fczel etkinlikler planlan\u0131yor. Mersin&#8217;de gen\u00e7ler ger\u00e7ekten \u00f6nemsenmeye ba\u015fland\u0131, hepimiz bunu hissediyoruz. B\u00fcy\u00fck\u015fehir&#8217;in sundu\u011fu kurs hizmetlerinden de yararlan\u0131yorum. E\u011fitim seviyesi \u00e7ok y\u00fcksek d\u00fczeyde, \u00f6\u011fretmenlerimiz bizlerle bizzat ilgileniyor. Bence bir \u00f6\u011frencinin alaca\u011f\u0131 en iyi e\u011fitim veriliyor. Bir kent i\u00e7in, ancak bu kadar g\u00fczel hizmetler sunulabilirdi \u00f6\u011frencilere. Mersin&#8217;de gen\u00e7 olmak \u00e7ok g\u00fczel. K\u00fclt\u00fcr Park&#8217;ta okuma salonumuz var. Ben, Mersinli bir gen\u00e7 olarak daha ne diyebilirim ki&#8221; ifadelerini kulland\u0131.<br \/>\nKad\u0131nlar: &#8220;Kad\u0131nlar\u0131n \u00f6ncelendi\u011fi bir kentte ya\u015famak \u00e7ok b\u00fcy\u00fck bir avantaj&#8221;<br \/>\nKad\u0131nlar, son d\u00f6nemlerde hayata ge\u00e7irilen \u00fcretici kad\u0131n stantlar\u0131 ve i\u015f hayat\u0131nda ald\u0131klar\u0131 desteklerle, kendilerini &#8220;daha \u00f6zg\u00fcr ve daha \u015fansl\u0131&#8221; olarak tan\u0131mlad\u0131. Hizmetlerde kad\u0131nlar\u0131n \u00f6ncelendi\u011fi bir kentte ya\u015faman\u0131n, kendileri i\u00e7in b\u00fcy\u00fck bir avantaj oldu\u011funu dile getiren kad\u0131nlardan \u00d6zlem Da\u011fl\u0131o\u011flu, B\u00fcy\u00fck\u015fehir Belediyesi&#8217;nin kendisine ve \u00e7evresindeki \u00fcretici kad\u0131nlara tan\u0131d\u0131\u011f\u0131 f\u0131rsatlar\u0131n olduk\u00e7a memnun edici oldu\u011funu belirtti. Mersin B\u00fcy\u00fck\u015fehir Belediyesi&#8217;nin kad\u0131nlara y\u00f6nelik pozitif ayr\u0131mc\u0131 yakla\u015f\u0131m\u0131n\u0131, kad\u0131n\u0131n hayat\u0131n\u0131 \u00f6zg\u00fcrle\u015ftirmek ad\u0131na \u00f6nemli g\u00f6rd\u00fc\u011f\u00fcn\u00fc dile getiren Da\u011fl\u0131o\u011flu, &#8220;Mesela \u00e7evremizde yard\u0131ma ihtiyac\u0131 olan bir kad\u0131n g\u00f6r\u00fcyoruz. Hemen belediyemizden yetkililere ula\u015f\u0131yoruz. &#8216;Bu kad\u0131n i\u00e7in ne yap\u0131labilir, el eme\u011fi bir \u015fey yap\u0131yorsa stant a\u00e7t\u0131r\u0131labilir mi?&#8217; diye. Bununla ilgili hep yan\u0131m\u0131zdalar. Ne zaman arasam, asla olumsuz yan\u0131t almad\u0131m. O y\u00f6nden de kendim ve di\u011fer arkada\u015flar\u0131m ad\u0131na \u00e7ok memnunum&#8221; diye konu\u015ftu.<br \/>\nMersinli kad\u0131nlar\u0131n, \u0130\u00e7 Anadolu&#8217;da ya\u015fayan kad\u0131nlara nazaran daha \u015fansl\u0131 oldu\u011funu s\u00f6yleyen bal \u00fcreticisi \u0130lknur \u00c7akmak ise, &#8220;Bence Mersinli kad\u0131nlar \u00e7ok \u015fansl\u0131lar. Bir \u0130\u00e7 Anadolu insan\u0131 olarak, Mersin&#8217;e geldikten sonra bir\u00e7ok hakk\u0131m\u0131n fark\u0131na vard\u0131m. Ben Mersin&#8217;de hem kad\u0131n\u0131m, hem \u00fcreticiyim, hem \u00e7ift\u00e7iyim. Her y\u00f6n\u00fcyle Mersin&#8217;in imk\u00e2nlar\u0131ndan faydalan\u0131yorum. Bunu tabii ki bize belediyemiz, bir \u015fekilde sunuyor. Bir\u00e7ok imk\u00e2n\u0131ndan faydalan\u0131yoruz&#8221; ifadelerini kulland\u0131.<br \/>\nYa\u015f alm\u0131\u015f yurtta\u015flar: &#8220;Biz bu hizmetleri r\u00fcyam\u0131zda bile g\u00f6remezdik&#8221;<br \/>\nYa\u015f alm\u0131\u015f yurtta\u015flar, emekli evlerindeki etkinlikler ve B\u00fcy\u00fck\u015fehir Belediyesi&#8217;nin &#8220;manevi evlat&#8221; duygusuyla kendilerine sundu\u011fu olanaklar sayesinde yaln\u0131zl\u0131k duygusundan tamamen ar\u0131nd\u0131klar\u0131n\u0131 belirterek, kendilerini &#8220;daha de\u011ferli&#8221; olarak tan\u0131mlad\u0131lar. Ya\u015f alm\u0131\u015f yurtta\u015flardan Ethem T\u00fcrk, sunulan hizmetler a\u00e7\u0131s\u0131ndan B\u00fcy\u00fck\u015fehir Belediyesi&#8217;ne minnettar oldu\u011funu ifade ederek, &#8220;Bize t\u00fcm sosyal aktiviteleri sunuyorlar. Konserler, tiyatrolar, konferanslar; hepsini g\u00f6rd\u00fck, ya\u015fad\u0131k, izledik. Bu hizmetlerin 2023&#8217;te de devam\u0131n\u0131 diliyorum. Hem de \u00e7ok daha fazlas\u0131n\u0131n yap\u0131laca\u011f\u0131na inan\u0131yorum. Emekliler i\u00e7in \u00e7ok g\u00fczel bir y\u0131l oldu. B\u00fcy\u00fck\u015fehir Belediyesi&#8217;nin sunmu\u015f oldu\u011fu imkanlar, emeklileri sevindirdi, mutlu etti&#8221; dedi.<br \/>\nEmekli \u00f6\u011fretmen \u00d6kke\u015f Yetim de, B\u00fcy\u00fck\u015fehir&#8217;in ya\u015f alm\u0131\u015f vatanda\u015flar i\u00e7in hayata ge\u00e7irdi\u011fi hizmetlerden yararland\u0131\u011f\u0131n\u0131 ve \u00e7ok memnun oldu\u011funu s\u00f6yledi. &#8220;Mahallemizde son 3,5 y\u0131la kadar do\u011fru d\u00fcr\u00fcst bir \u00e7al\u0131\u015fma olmam\u0131\u015f, halk\u0131m\u0131za hizmet verilmemi\u015fti&#8221; diyen Yetim, \u015fu anda kendisini en \u00e7ok memnun eden hizmetin Mahalle Mutfaklar\u0131 oldu\u011funu belirterek, &#8220;Bug\u00fcn 3 \u00f6\u011f\u00fcn yemek 3,5 lira, bu hi\u00e7bir yerde yok.  Sa\u011f olsun, B\u00fcy\u00fck\u015fehir Belediye Ba\u015fkan\u0131m\u0131z bu hizmetleri bize verdi&#8221; dedi. B\u00fcy\u00fck\u015fehir&#8217;in evde sa\u011fl\u0131k ve bak\u0131m hizmetinden de yararland\u0131\u011f\u0131n\u0131 belirten Yetim, &#8220;Evde sa\u011fl\u0131k hizmetinin ad\u0131n\u0131 duymam\u0131\u015ft\u0131k bug\u00fcne kadar. E\u015fimden \u00f6rnek vereyim, a\u015fa\u011f\u0131 yukar\u0131 her hafta aran\u0131yor, &#8216;Sa\u011fl\u0131\u011f\u0131n\u0131z nas\u0131l? Bir ihtiyac\u0131n\u0131z var m\u0131?&#8217; diye soruluyor. Ya\u015fl\u0131 bak\u0131m\u0131 da \u00e7ok \u00f6nemli. \u00d6yle hastalar\u0131m\u0131z var ki, kendi ba\u015flar\u0131na hi\u00e7bir \u015fey yapamayacak durumdalar. Onlar i\u00e7in de gezici sa\u011fl\u0131k ekipleri olsun, temizlik ekipleri olsun; bunlar bizi fazlas\u0131yla memnun etti&#8221; diye konu\u015ftu. B\u00fcy\u00fck\u015fehir sayesinde, emeklilerin Mersin&#8217;de g\u00fczel bir y\u0131l ge\u00e7irdi\u011fine dikkat \u00e7eken Yetim, &#8220;Bu y\u0131l emekliler i\u00e7in \u00e7ok g\u00fczel bir y\u0131l oldu. Biz b\u00f6yle hizmetleri nerede g\u00f6recektik? R\u00fcyam\u0131zda bile g\u00f6remezdik bu zamana kadar, ama \u015fimdi \u00e7ok \u015f\u00fck\u00fcr bizlere kazand\u0131r\u0131ld\u0131&#8221; ifadelerini kulland\u0131.<\/p>\n","protected":false},"excerpt":{"rendered":"<p>Mersin B\u00fcy\u00fck\u015fehir Belediyesi, Ba\u015fkan Vahap Se\u00e7er \u00f6nc\u00fcl\u00fc\u011f\u00fcnde bu sene de kente kazand\u0131r\u0131lan kaliteli hizmetlerin yan\u0131 s\u0131ra, vatanda\u015flar\u0131n kendilerini daha mutlu ve \u00f6zg\u00fcr hissetmeleri i\u00e7in takdir toplayan \u00e7al\u0131\u015fmalara imza att\u0131. Dinamizmiyle, &hellip; <a href=\"https:\/\/akdenizolaygazetesi.com\/?p=23199\" class=\"more-link\">Devam\u0131n\u0131 Oku&#8230;<\/a><\/p>\n","protected":false},"author":2,"featured_media":23200,"comment_status":"open","ping_status":"open","sticky":false,"template":"","format":"standard","meta":[],"categories":[1,2,3,5,9,10],"tags":[],"_links":{"self":[{"href":"https:\/\/akdenizolaygazetesi.com\/index.php?rest_route=\/wp\/v2\/posts\/23199"}],"collection":[{"href":"https:\/\/akdenizolaygazetesi.com\/index.php?rest_route=\/wp\/v2\/posts"}],"about":[{"href":"https:\/\/akdenizolaygazetesi.com\/index.php?rest_route=\/wp\/v2\/types\/post"}],"author":[{"embeddable":true,"href":"https:\/\/akdenizolaygazetesi.com\/index.php?rest_route=\/wp\/v2\/users\/2"}],"replies":[{"embeddable":true,"href":"https:\/\/akdenizolaygazetesi.com\/index.php?rest_route=%2Fwp%2Fv2%2Fcomments&post=23199"}],"version-history":[{"count":1,"href":"https:\/\/akdenizolaygazetesi.com\/index.php?rest_route=\/wp\/v2\/posts\/23199\/revisions"}],"predecessor-version":[{"id":23201,"href":"https:\/\/akdenizolaygazetesi.com\/index.php?rest_route=\/wp\/v2\/posts\/23199\/revisions\/23201"}],"wp:featuredmedia":[{"embeddable":true,"href":"https:\/\/akdenizolaygazetesi.com\/index.php?rest_route=\/wp\/v2\/media\/23200"}],"wp:attachment":[{"href":"https:\/\/akdenizolaygazetesi.com\/index.php?rest_route=%2Fwp%2Fv2%2Fmedia&parent=23199"}],"wp:term":[{"taxonomy":"category","embeddable":true,"href":"https:\/\/akdenizolaygazetesi.com\/index.php?rest_route=%2Fwp%2Fv2%2Fcategories&post=23199"},{"taxonomy":"post_tag","embeddable":true,"href":"https:\/\/akdenizolaygazetesi.com\/index.php?rest_route=%2Fwp%2Fv2%2Ftags&post=23199"}],"curies":[{"name":"wp","href":"https:\/\/api.w.org\/{rel}","templated":true}]}}