{"id":23202,"date":"2022-12-29T12:54:47","date_gmt":"2022-12-29T09:54:47","guid":{"rendered":"http:\/\/akdenizolaygazetesi.com\/?p=23202"},"modified":"2022-12-29T12:54:47","modified_gmt":"2022-12-29T09:54:47","slug":"akdeniz-belediye-baskani-gultak-tamamen-yenilenen-nebi-eyup-turbesini-ziyaret-etti","status":"publish","type":"post","link":"https:\/\/akdenizolaygazetesi.com\/?p=23202","title":{"rendered":"AKDEN\u0130Z BELED\u0130YE BA\u015eKANI G\u00dcLTAK, TAMAMEN YEN\u0130LENEN NEB\u0130 EY\u00dcP T\u00dcRBES\u0130N\u0130 Z\u0130YARET ETT\u0130"},"content":{"rendered":"<p>Ba\u015fkan G\u00fcltak, Akdeniz Belediyesi taraf\u0131ndan ge\u00e7en aylarda ba\u015flat\u0131lan kapsaml\u0131 yenileme ve tadilat \u00e7al\u0131\u015fmalar\u0131n\u0131n tamamland\u0131\u011f\u0131; Arap Alevi vatanda\u015flar i\u00e7in b\u00fcy\u00fck \u00f6nem ta\u015f\u0131yan Nebi Ey\u00fcp T\u00fcrbesi\u2019ni ziyaret etti.<br \/>\nMahmudiye Mahallesi\u2019nde bulunan t\u00fcrbede yap\u0131lan \u00e7al\u0131\u015fmalar\u0131 inceleyen Akdeniz Belediye Ba\u015fkan\u0131 Mustafa G\u00fcltak, yapt\u0131\u011f\u0131 a\u00e7\u0131klamada, bak\u0131ms\u0131zl\u0131k nedeniyle t\u00fcrbenin harap hale geldi\u011fini, bu durumun da vatanda\u015flar\u0131 \u00fczd\u00fc\u011f\u00fcn\u00fc s\u00f6yledi. Ba\u015fkan G\u00fcltak, \u201cT\u00fcrbemiz, \u00f6zellikle Arap Alevi karde\u015flerimiz i\u00e7in \u00f6nemli bir mek\u00e2n. Gadiri Hum bayram\u0131n\u0131 burada kutluyor, kurban kesiyor, kazanlar\u0131n\u0131 kaynat\u0131p, ibadetlerini burada ger\u00e7ekle\u015ftiriyorlar. Peki, biz ne yapt\u0131k? \u00d6ncelikle t\u00fcrbenin t\u00fcm bak\u0131m\u0131n\u0131 tamamlay\u0131p yal\u0131t\u0131mlar\u0131n\u0131 bitirdik. Zira ya\u011fmur ya\u011fd\u0131\u011f\u0131nda i\u00e7eriye ak\u0131yordu. T\u00fcrbe ve \u00e7evresinin zemini k\u00f6t\u00fc durumdayd\u0131, ta\u015f, toprak, \u00e7amur i\u00e7indeydi. T\u00fcrbemiz \u015fimdi ise \u00e7ok g\u00fczel ve temiz bir zemine kavu\u015ftu. Hemen yan tarafta da kurban veya adak kesmek isteyen vatanda\u015flar\u0131m\u0131z i\u00e7in yerler haz\u0131rlad\u0131k\u201d dedi.<br \/>\nTaziye yeri de kazand\u0131r\u0131ld\u0131<br \/>\nT\u00fcrbenin \u00f6n taraf\u0131nda ise bayram g\u00fcnlerinde kesilen etlerin kaynat\u0131laca\u011f\u0131, yemeklerin haz\u0131rlanaca\u011f\u0131 alanlar kazand\u0131rd\u0131klar\u0131n\u0131 kaydeden Ba\u015fkan G\u00fcltak, \u201cT\u00fcrbenin arka taraf\u0131nda da kapal\u0131 bir mek\u00e2n yaparak, taziyelerin rahatl\u0131kla yap\u0131laca\u011f\u0131 bir mekan elde etmi\u015f olduk. Dolay\u0131s\u0131yla, g\u00f6reve geldi\u011fimizde t\u00fcrbesi bak\u0131ms\u0131z, yerleri \u00e7amur ve ta\u015f i\u00e7inde, etraf\u0131nda koruma demirlerinin olmad\u0131\u011f\u0131 Nebi Ey\u00fcp t\u00fcrbemiz, bug\u00fcn g\u00fcven i\u00e7inde ibadet yap\u0131labilecek hale geldi. Yenileme \u00e7al\u0131\u015fmas\u0131n\u0131 bitirmi\u015f olmaktan dolay\u0131 mutluyuz. Arap Alevi karde\u015flerime hay\u0131rl\u0131 u\u011furlu olsun. Tabi yeniledi\u011fimiz ba\u015fka t\u00fcrbelerimiz de var ama kentin ortas\u0131nda kendi haline b\u0131rak\u0131lm\u0131\u015f, viraneye d\u00f6n\u00fc\u015fen t\u00fcrbemizin b\u00f6ylesi g\u00fczelle\u015fmesi beni mutlu etti. T\u00fcm Arap Alevi karde\u015flerimize sayg\u0131lar\u0131m\u0131 sunuyor, t\u00fcrbemizi bayramlarda ve di\u011fer farkl\u0131 ibadetlerinde g\u00f6n\u00fcl rahatl\u0131\u011f\u0131yla kullanmalar\u0131n\u0131 diliyorum\u201d ifadelerini kulland\u0131.<br \/>\nMuhtar Ku\u015f\u00e7u; \u201c\u00c7a\u011fr\u0131m\u0131za sadece Ba\u015fkan G\u00fcltak yan\u0131t verdi\u201d<br \/>\nMahmudiye Mahalle Muhtar\u0131 Fahri Ku\u015f\u00e7u ise konu\u015fmas\u0131nda, Nebi Ey\u00fcp T\u00fcrbesi\u2019nin, mahalle sakinleri ad\u0131na \u00e7ok \u00f6zel bir \u00f6nem ve anlama sahip oldu\u011funun alt\u0131n\u0131 \u00e7izdi. Ku\u015f\u00e7u; \u201cT\u00fcrbemiz, daha \u00f6nceleri ger\u00e7ekten kaderine terk edilmi\u015f, \u00e7ok bak\u0131ms\u0131z ve k\u00f6t\u00fc bir durumdayd\u0131. Ziyaretimizin yenilenmesi i\u00e7in bir\u00e7ok kez di\u011fer belediye ba\u015fkanlar\u0131yla da g\u00f6r\u00fc\u015ft\u00fck. Ama sa\u011f olsun Ba\u015fkan\u0131m\u0131z Say\u0131n G\u00fcltak, talebimize yan\u0131t verdi ve t\u00fcrbemizle yak\u0131ndan ilgilendi. Ziyaretlerin yan\u0131 s\u0131ra t\u00fcrbemizde bir taziye yeri de kazand\u0131k. Mahmudiye, Bar\u0131\u015f, Bah\u00e7e ve di\u011fer yak\u0131n mahalle sakinleri taziyelerini bu alanda kabul edebilecek. T\u00fcrbemizi, i\u00e7ini ve etraf\u0131n\u0131 tamamen yenileyen Akdeniz Belediye Ba\u015fkan\u0131m\u0131z Say\u0131n Mustafa G\u00fcltak\u2019a ve ekibine \u015fahs\u0131m ve mahallem ad\u0131na \u00e7ok te\u015fekk\u00fcr ediyorum\u201d diye konu\u015ftu.<\/p>\n","protected":false},"excerpt":{"rendered":"<p>Ba\u015fkan G\u00fcltak, Akdeniz Belediyesi taraf\u0131ndan ge\u00e7en aylarda ba\u015flat\u0131lan kapsaml\u0131 yenileme ve tadilat \u00e7al\u0131\u015fmalar\u0131n\u0131n tamamland\u0131\u011f\u0131; Arap Alevi vatanda\u015flar i\u00e7in b\u00fcy\u00fck \u00f6nem ta\u015f\u0131yan Nebi Ey\u00fcp T\u00fcrbesi\u2019ni ziyaret etti. Mahmudiye Mahallesi\u2019nde bulunan t\u00fcrbede &hellip; <a href=\"https:\/\/akdenizolaygazetesi.com\/?p=23202\" class=\"more-link\">Devam\u0131n\u0131 Oku&#8230;<\/a><\/p>\n","protected":false},"author":2,"featured_media":23203,"comment_status":"open","ping_status":"open","sticky":false,"template":"","format":"standard","meta":[],"categories":[2,3,5],"tags":[],"_links":{"self":[{"href":"https:\/\/akdenizolaygazetesi.com\/index.php?rest_route=\/wp\/v2\/posts\/23202"}],"collection":[{"href":"https:\/\/akdenizolaygazetesi.com\/index.php?rest_route=\/wp\/v2\/posts"}],"about":[{"href":"https:\/\/akdenizolaygazetesi.com\/index.php?rest_route=\/wp\/v2\/types\/post"}],"author":[{"embeddable":true,"href":"https:\/\/akdenizolaygazetesi.com\/index.php?rest_route=\/wp\/v2\/users\/2"}],"replies":[{"embeddable":true,"href":"https:\/\/akdenizolaygazetesi.com\/index.php?rest_route=%2Fwp%2Fv2%2Fcomments&post=23202"}],"version-history":[{"count":1,"href":"https:\/\/akdenizolaygazetesi.com\/index.php?rest_route=\/wp\/v2\/posts\/23202\/revisions"}],"predecessor-version":[{"id":23204,"href":"https:\/\/akdenizolaygazetesi.com\/index.php?rest_route=\/wp\/v2\/posts\/23202\/revisions\/23204"}],"wp:featuredmedia":[{"embeddable":true,"href":"https:\/\/akdenizolaygazetesi.com\/index.php?rest_route=\/wp\/v2\/media\/23203"}],"wp:attachment":[{"href":"https:\/\/akdenizolaygazetesi.com\/index.php?rest_route=%2Fwp%2Fv2%2Fmedia&parent=23202"}],"wp:term":[{"taxonomy":"category","embeddable":true,"href":"https:\/\/akdenizolaygazetesi.com\/index.php?rest_route=%2Fwp%2Fv2%2Fcategories&post=23202"},{"taxonomy":"post_tag","embeddable":true,"href":"https:\/\/akdenizolaygazetesi.com\/index.php?rest_route=%2Fwp%2Fv2%2Ftags&post=23202"}],"curies":[{"name":"wp","href":"https:\/\/api.w.org\/{rel}","templated":true}]}}