{"id":23211,"date":"2022-12-30T12:53:03","date_gmt":"2022-12-30T09:53:03","guid":{"rendered":"http:\/\/akdenizolaygazetesi.com\/?p=23211"},"modified":"2022-12-30T12:53:03","modified_gmt":"2022-12-30T09:53:03","slug":"mersinin-kurtulusunu-siirle-anlattilar-dereceye-girdiler","status":"publish","type":"post","link":"https:\/\/akdenizolaygazetesi.com\/?p=23211","title":{"rendered":"MERS\u0130N&#8217;\u0130N KURTULU\u015eUNU \u015e\u0130\u0130RLE ANLATTILAR, DERECEYE G\u0130RD\u0130LER!"},"content":{"rendered":"<p>Toroslar Belediyesinin, Mersin Yazarlar Derne\u011fi (MEYAD) ile birlikte geleneksel olarak d\u00fczenledi\u011fi &#8220;3 Ocak Mersin&#8217;in Kurtulu\u015fu&#8221; konulu \u015fiir yar\u0131\u015fmas\u0131nda dereceye girenler belli oldu.<\/p>\n<p>3 Ocak Mersin&#8217;in D\u00fc\u015fman \u0130\u015fgalinden Kurtulu\u015fu&#8217;nun y\u0131l d\u00f6n\u00fcm\u00fcn\u00fc her y\u0131l d\u00fczenledi\u011fi Zafer Y\u00fcr\u00fcy\u00fc\u015f\u00fc ve etkinliklerle ta\u00e7land\u0131ran Toroslar Belediyesi, kurtulu\u015fun 101. y\u0131l d\u00f6n\u00fcm\u00fcn\u00fc de co\u015fkuyla kutlayacak.<\/p>\n<p>Toroslar Belediye Ba\u015fkan\u0131 Ats\u0131z Af\u015f\u0131n Y\u0131lmaz&#8217;\u0131n, kuvayi milliye ruhunun ya\u015fat\u0131lmas\u0131 ve yeni nesle aktar\u0131lmas\u0131 amac\u0131yla \u00f6nem verdi\u011fi etkinliklerden biri olan \u015fiir yar\u0131\u015fmas\u0131na bu y\u0131l T\u00fcrkiye&#8217;nin d\u00f6rt bir yan\u0131ndan 65 eser kat\u0131ld\u0131.<\/p>\n<p>J\u00fcri \u00fcyelerinin yapt\u0131\u011f\u0131 de\u011ferlendirme sonucunda; &#8220;Atat\u00fcrk Y\u00fcrekliler&#8221; adl\u0131 \u015fiiri ile Mersin&#8217;in Tarsus \u0130l\u00e7esinden Fatma \u00d6zger Bilgi\u00e7 birinci, &#8220;\u015e\u00f6leni Var Mersin&#8217;in&#8221; adl\u0131 \u015fiiri ile Mersin&#8217;in Mut \u0130l\u00e7esinden Osman G\u00fcndo\u011fdu ikinci, &#8220;Mersin \u0130stiklali&#8221; adl\u0131 \u015fiiri ile Mersin&#8217;in Bozyaz\u0131 \u0130l\u00e7esinden Furkan Poyraz \u00fc\u00e7\u00fcnc\u00fc oldu.<\/p>\n<p>Birinciye tam alt\u0131n, ikinciye yar\u0131m alt\u0131n ve \u00fc\u00e7\u00fcnc\u00fcye \u00e7eyrek alt\u0131n\u0131n verilece\u011fi \u015fiir yar\u0131\u015fmas\u0131&#8217;n\u0131n \u00f6d\u00fcl t\u00f6reninde t\u00fcm kat\u0131l\u0131mc\u0131lara da kat\u0131l\u0131m belgesi takdim edilecek.<\/p>\n<p>Ba\u015fkan Y\u0131lmaz; &#8220;Amac\u0131m\u0131z, Tarih \u015euurunu Unutturmamak&#8221;<\/p>\n<p>Toroslar Belediye Ba\u015fkan\u0131 Ats\u0131z Af\u015f\u0131n Y\u0131lmaz, \u015fiir yar\u0131\u015fmas\u0131n\u0131n T\u00fcrkiye genelinde ilgi g\u00f6rd\u00fc\u011f\u00fcn\u00fc belirterek, organizasyona destek veren Mersin Yazarlar Derne\u011fi Ba\u015fkan\u0131 R\u00fc\u015ft\u00fc Ayd\u0131n ve y\u00f6netim kurulu \u00fcyelerine te\u015fekk\u00fcr etti.<\/p>\n<p>Ba\u015fkan Y\u0131lmaz; &#8220;Her ge\u00e7en y\u0131l kat\u0131l\u0131m\u0131n artt\u0131\u011f\u0131 bu organizasyonla amac\u0131m\u0131z, yeni nesle tarihi \u015fuurunu unutturmamak, milli birlik ve beraberli\u011fimize katk\u0131 sa\u011flamak. Mersinimizin D\u00fc\u015fman \u0130\u015fgalinden Kurtulu\u015fu&#8217;nun 101. y\u0131l d\u00f6n\u00fcm\u00fc kapsam\u0131nda d\u00fczenledi\u011fimiz yar\u0131\u015fmam\u0131za kat\u0131larak kentimizin kurtulu\u015f m\u00fccadelesini en g\u00fczel ifadelerle m\u0131sralara d\u00f6ken t\u00fcm \u015fairlerimize te\u015fekk\u00fcr ediyor, j\u00fcri \u00fcyelerinin yapt\u0131\u011f\u0131 de\u011ferlendirme sonucu dereceye giren yar\u0131\u015fmac\u0131lar\u0131 da tebrik ediyorum. Ba\u015fta Gazi Mustafa Kemal Atat\u00fcrk olmak \u00fczere vatan\u0131m\u0131z\u0131n kurtulmas\u0131nda, Kurtulu\u015f Sava\u015f\u0131m\u0131zda can veren, kan veren, ter ak\u0131tan t\u00fcm \u015fehitlerimizi, gazilerimizi rahmetle, minnetle an\u0131yorum&#8221; diye konu\u015ftu.<\/p>\n","protected":false},"excerpt":{"rendered":"<p>Toroslar Belediyesinin, Mersin Yazarlar Derne\u011fi (MEYAD) ile birlikte geleneksel olarak d\u00fczenledi\u011fi &#8220;3 Ocak Mersin&#8217;in Kurtulu\u015fu&#8221; konulu \u015fiir yar\u0131\u015fmas\u0131nda dereceye girenler belli oldu. 3 Ocak Mersin&#8217;in D\u00fc\u015fman \u0130\u015fgalinden Kurtulu\u015fu&#8217;nun y\u0131l d\u00f6n\u00fcm\u00fcn\u00fc &hellip; <a href=\"https:\/\/akdenizolaygazetesi.com\/?p=23211\" class=\"more-link\">Devam\u0131n\u0131 Oku&#8230;<\/a><\/p>\n","protected":false},"author":2,"featured_media":23212,"comment_status":"open","ping_status":"open","sticky":false,"template":"","format":"standard","meta":[],"categories":[3],"tags":[],"_links":{"self":[{"href":"https:\/\/akdenizolaygazetesi.com\/index.php?rest_route=\/wp\/v2\/posts\/23211"}],"collection":[{"href":"https:\/\/akdenizolaygazetesi.com\/index.php?rest_route=\/wp\/v2\/posts"}],"about":[{"href":"https:\/\/akdenizolaygazetesi.com\/index.php?rest_route=\/wp\/v2\/types\/post"}],"author":[{"embeddable":true,"href":"https:\/\/akdenizolaygazetesi.com\/index.php?rest_route=\/wp\/v2\/users\/2"}],"replies":[{"embeddable":true,"href":"https:\/\/akdenizolaygazetesi.com\/index.php?rest_route=%2Fwp%2Fv2%2Fcomments&post=23211"}],"version-history":[{"count":1,"href":"https:\/\/akdenizolaygazetesi.com\/index.php?rest_route=\/wp\/v2\/posts\/23211\/revisions"}],"predecessor-version":[{"id":23213,"href":"https:\/\/akdenizolaygazetesi.com\/index.php?rest_route=\/wp\/v2\/posts\/23211\/revisions\/23213"}],"wp:featuredmedia":[{"embeddable":true,"href":"https:\/\/akdenizolaygazetesi.com\/index.php?rest_route=\/wp\/v2\/media\/23212"}],"wp:attachment":[{"href":"https:\/\/akdenizolaygazetesi.com\/index.php?rest_route=%2Fwp%2Fv2%2Fmedia&parent=23211"}],"wp:term":[{"taxonomy":"category","embeddable":true,"href":"https:\/\/akdenizolaygazetesi.com\/index.php?rest_route=%2Fwp%2Fv2%2Fcategories&post=23211"},{"taxonomy":"post_tag","embeddable":true,"href":"https:\/\/akdenizolaygazetesi.com\/index.php?rest_route=%2Fwp%2Fv2%2Ftags&post=23211"}],"curies":[{"name":"wp","href":"https:\/\/api.w.org\/{rel}","templated":true}]}}