{"id":23226,"date":"2022-12-30T13:00:53","date_gmt":"2022-12-30T10:00:53","guid":{"rendered":"http:\/\/akdenizolaygazetesi.com\/?p=23226"},"modified":"2022-12-30T13:00:53","modified_gmt":"2022-12-30T10:00:53","slug":"meryad-baskani-dogmustan-yeni-yil-mesaji","status":"publish","type":"post","link":"https:\/\/akdenizolaygazetesi.com\/?p=23226","title":{"rendered":"MERYAD Ba\u015fkan\u0131 Do\u011fmu\u015f&#8217;tan Yeni Y\u0131l Mesaj\u0131"},"content":{"rendered":"<p>Mersin Yat\u0131r\u0131mc\u0131 \u0130\u015f \u0130nsanlar\u0131 Derne\u011fi (MERYAD) Ba\u015fkan\u0131 Co\u015fkun Do\u011fmu\u015f, yeni y\u0131l dolay\u0131s\u0131 ile kutlama mesaj\u0131 yay\u0131nlad\u0131. <\/p>\n<p>Ba\u015far\u0131l\u0131 i\u015f insan\u0131 Do\u011fmu\u015f, &#8220;Geride b\u0131rakt\u0131\u011f\u0131m\u0131z 2022 senesi \u00fclkemiz ve d\u00fcnyan\u0131n hem sa\u011fl\u0131k hem de ekonomik y\u00f6nden zorlu bir s\u0131nav verdi\u011fi bir y\u0131l oldu.  \u00dclkemiz ve milletimiz bak\u0131m\u0131ndan \u00e7ok \u00f6nemli geli\u015fmelerin ya\u015fand\u0131\u011f\u0131 2022 y\u0131l\u0131n\u0131 geride b\u0131rak\u0131yor, yeni \u00fcmitler ve heyecanlarla 2023 y\u0131l\u0131na giriyoruz.<br \/>\nMERYAD olarak g\u00f6reve geldi\u011fimiz g\u00fcn i\u00e7imizde var olan ilimize hizmet etme a\u015fk\u0131n\u0131n ayn\u0131 heyecanla 2023&#8217;te de devam edece\u011fine \u015f\u00fcpheniz olmas\u0131n. \u0130limize hizmet a\u015fk\u0131yla \u00e7\u0131kt\u0131\u011f\u0131m\u0131z yolda sizlerden ald\u0131\u011f\u0131m\u0131z emaneti gururla ta\u015f\u0131yaca\u011f\u0131z.<br \/>\n2023 y\u0131l\u0131nda daha \u00e7ok \u00e7al\u0131\u015fan, daha \u00e7ok \u00fcreten ve daha \u00e7ok hem\u015ferimize dokunan, bir MERYAD g\u00f6receksiniz.<br \/>\nBu duygu ve d\u00fc\u015f\u00fcncelerle ba\u015fta Mersinli hem\u015ferilerim olmak \u00fczere 2023 y\u0131l\u0131n\u0131n; milletimiz, \u00fclkemiz ve insanl\u0131k i\u00e7in \u00f6ncelikli olarak sa\u011fl\u0131k sonras\u0131nda ise huzur ve bereket getirmesini temenni ederim&#8221; dedi.<\/p>\n","protected":false},"excerpt":{"rendered":"<p>Mersin Yat\u0131r\u0131mc\u0131 \u0130\u015f \u0130nsanlar\u0131 Derne\u011fi (MERYAD) Ba\u015fkan\u0131 Co\u015fkun Do\u011fmu\u015f, yeni y\u0131l dolay\u0131s\u0131 ile kutlama mesaj\u0131 yay\u0131nlad\u0131. Ba\u015far\u0131l\u0131 i\u015f insan\u0131 Do\u011fmu\u015f, &#8220;Geride b\u0131rakt\u0131\u011f\u0131m\u0131z 2022 senesi \u00fclkemiz ve d\u00fcnyan\u0131n hem sa\u011fl\u0131k hem &hellip; <a href=\"https:\/\/akdenizolaygazetesi.com\/?p=23226\" class=\"more-link\">Devam\u0131n\u0131 Oku&#8230;<\/a><\/p>\n","protected":false},"author":2,"featured_media":23227,"comment_status":"open","ping_status":"open","sticky":false,"template":"","format":"standard","meta":[],"categories":[2,3],"tags":[],"_links":{"self":[{"href":"https:\/\/akdenizolaygazetesi.com\/index.php?rest_route=\/wp\/v2\/posts\/23226"}],"collection":[{"href":"https:\/\/akdenizolaygazetesi.com\/index.php?rest_route=\/wp\/v2\/posts"}],"about":[{"href":"https:\/\/akdenizolaygazetesi.com\/index.php?rest_route=\/wp\/v2\/types\/post"}],"author":[{"embeddable":true,"href":"https:\/\/akdenizolaygazetesi.com\/index.php?rest_route=\/wp\/v2\/users\/2"}],"replies":[{"embeddable":true,"href":"https:\/\/akdenizolaygazetesi.com\/index.php?rest_route=%2Fwp%2Fv2%2Fcomments&post=23226"}],"version-history":[{"count":1,"href":"https:\/\/akdenizolaygazetesi.com\/index.php?rest_route=\/wp\/v2\/posts\/23226\/revisions"}],"predecessor-version":[{"id":23228,"href":"https:\/\/akdenizolaygazetesi.com\/index.php?rest_route=\/wp\/v2\/posts\/23226\/revisions\/23228"}],"wp:featuredmedia":[{"embeddable":true,"href":"https:\/\/akdenizolaygazetesi.com\/index.php?rest_route=\/wp\/v2\/media\/23227"}],"wp:attachment":[{"href":"https:\/\/akdenizolaygazetesi.com\/index.php?rest_route=%2Fwp%2Fv2%2Fmedia&parent=23226"}],"wp:term":[{"taxonomy":"category","embeddable":true,"href":"https:\/\/akdenizolaygazetesi.com\/index.php?rest_route=%2Fwp%2Fv2%2Fcategories&post=23226"},{"taxonomy":"post_tag","embeddable":true,"href":"https:\/\/akdenizolaygazetesi.com\/index.php?rest_route=%2Fwp%2Fv2%2Ftags&post=23226"}],"curies":[{"name":"wp","href":"https:\/\/api.w.org\/{rel}","templated":true}]}}