{"id":23229,"date":"2022-12-30T16:05:52","date_gmt":"2022-12-30T13:05:52","guid":{"rendered":"http:\/\/akdenizolaygazetesi.com\/?p=23229"},"modified":"2022-12-30T16:05:52","modified_gmt":"2022-12-30T13:05:52","slug":"gultak-kazanli-mahallesi-esnafi-ile-bulustu","status":"publish","type":"post","link":"https:\/\/akdenizolaygazetesi.com\/?p=23229","title":{"rendered":"G\u00dcLTAK, KAZANLI MAHALLES\u0130 ESNAFI \u0130LE BULU\u015eTU"},"content":{"rendered":"<p>G\u00f6reve geldi\u011fi g\u00fcnden bu yana halk\u0131n i\u00e7inde olan Akdeniz Belediye Ba\u015fkan\u0131 M. Mustafa G\u00fcltak, Kazanl\u0131 Mahallesi esnaf\u0131 ile bir araya gelerek taleplerini dinledi. Vatanda\u015flara tatl\u0131 ikram eden Ba\u015fkan G\u00fcltak, yeni y\u0131llar\u0131n\u0131 da kutlad\u0131. <\/p>\n<p>AK Parti Akdeniz \u0130l\u00e7e Kad\u0131n Kollar\u0131 Neriman \u00d6ztoprak, Y\u00f6netim Kurulu \u00dcyesi Ferhat Koca ve Ba\u015fkan yard\u0131mc\u0131lar\u0131n\u0131n da e\u015flik etti\u011fi ziyarette renkli anlar ya\u015fand\u0131. Mahallede tatl\u0131 sat\u0131\u015f\u0131 yapan bir vatanda\u015f\u0131 fark eden Akdeniz Belediye Ba\u015fkan\u0131 Mustafa G\u00fcltak, vatanda\u015flar ve beraberindeki gezen ekibe tatl\u0131 ikram etti. Her mahalle ve esnaf ziyaretinde oldu\u011fu gibi, bu ziyaretinde de \u00e7ocuklar\u0131 unutmayan Ba\u015fkan G\u00fcltak, etraf\u0131n\u0131 saran miniklerle de sohbet etti, ard\u0131ndan foto\u011fraf \u00e7ektirdi. Ziyaret etti\u011fi her i\u015fyerinde esnafla sohbet edip hal hat\u0131rlar\u0131n\u0131 soran ve yeni y\u0131llar\u0131n\u0131 kutlayan Ba\u015fkan G\u00fcltak, dile getirilen baz\u0131 taleplerin de en k\u0131sa s\u00fcrede \u00e7\u00f6z\u00fcm\u00fc i\u00e7in ilgili birimlere talimat verdi. <\/p>\n<p>Evi yanan aileye ziyaret<\/p>\n<p>Ba\u015fkan Mustafa G\u00fcltak, ge\u00e7en g\u00fcnlerde \u00e7\u0131kan yang\u0131nda evi ve e\u015fyalar\u0131 zarar g\u00f6ren aileyi de ziyaret etti. Aileye ge\u00e7mi\u015f olsun dileklerini ileten Ba\u015fkan G\u00fcltak, evin tadilat\u0131 i\u00e7in ekiplere talimat verdi, belediyenin imk\u00e2nlar\u0131 \u00f6l\u00e7\u00fcs\u00fcnde yard\u0131mc\u0131 olacaklar\u0131n\u0131 da s\u00f6yledi. Ba\u015fkan G\u00fcltak, esnaf ziyaretinin ard\u0131ndan Kazanl\u0131 Mahallesi\u2019nde bulunan Onur Sitesi sakinleri ile de bir araya geldi, yeni y\u0131llar\u0131n\u0131 kutlad\u0131. Vatanda\u015flar\u0131n \u00e7ay ikram\u0131n\u0131 k\u0131rmayan Ba\u015fkan G\u00fcltak, site sakinlerinin \u015fikayet ve taleplerini dinledi. (Haber Merkezi) <\/p>\n","protected":false},"excerpt":{"rendered":"<p>G\u00f6reve geldi\u011fi g\u00fcnden bu yana halk\u0131n i\u00e7inde olan Akdeniz Belediye Ba\u015fkan\u0131 M. Mustafa G\u00fcltak, Kazanl\u0131 Mahallesi esnaf\u0131 ile bir araya gelerek taleplerini dinledi. Vatanda\u015flara tatl\u0131 ikram eden Ba\u015fkan G\u00fcltak, yeni &hellip; <a href=\"https:\/\/akdenizolaygazetesi.com\/?p=23229\" class=\"more-link\">Devam\u0131n\u0131 Oku&#8230;<\/a><\/p>\n","protected":false},"author":2,"featured_media":23230,"comment_status":"open","ping_status":"open","sticky":false,"template":"","format":"standard","meta":[],"categories":[2,3],"tags":[],"_links":{"self":[{"href":"https:\/\/akdenizolaygazetesi.com\/index.php?rest_route=\/wp\/v2\/posts\/23229"}],"collection":[{"href":"https:\/\/akdenizolaygazetesi.com\/index.php?rest_route=\/wp\/v2\/posts"}],"about":[{"href":"https:\/\/akdenizolaygazetesi.com\/index.php?rest_route=\/wp\/v2\/types\/post"}],"author":[{"embeddable":true,"href":"https:\/\/akdenizolaygazetesi.com\/index.php?rest_route=\/wp\/v2\/users\/2"}],"replies":[{"embeddable":true,"href":"https:\/\/akdenizolaygazetesi.com\/index.php?rest_route=%2Fwp%2Fv2%2Fcomments&post=23229"}],"version-history":[{"count":1,"href":"https:\/\/akdenizolaygazetesi.com\/index.php?rest_route=\/wp\/v2\/posts\/23229\/revisions"}],"predecessor-version":[{"id":23231,"href":"https:\/\/akdenizolaygazetesi.com\/index.php?rest_route=\/wp\/v2\/posts\/23229\/revisions\/23231"}],"wp:featuredmedia":[{"embeddable":true,"href":"https:\/\/akdenizolaygazetesi.com\/index.php?rest_route=\/wp\/v2\/media\/23230"}],"wp:attachment":[{"href":"https:\/\/akdenizolaygazetesi.com\/index.php?rest_route=%2Fwp%2Fv2%2Fmedia&parent=23229"}],"wp:term":[{"taxonomy":"category","embeddable":true,"href":"https:\/\/akdenizolaygazetesi.com\/index.php?rest_route=%2Fwp%2Fv2%2Fcategories&post=23229"},{"taxonomy":"post_tag","embeddable":true,"href":"https:\/\/akdenizolaygazetesi.com\/index.php?rest_route=%2Fwp%2Fv2%2Ftags&post=23229"}],"curies":[{"name":"wp","href":"https:\/\/api.w.org\/{rel}","templated":true}]}}