{"id":23235,"date":"2022-12-31T18:48:32","date_gmt":"2022-12-31T15:48:32","guid":{"rendered":"http:\/\/akdenizolaygazetesi.com\/?p=23235"},"modified":"2022-12-31T18:48:32","modified_gmt":"2022-12-31T15:48:32","slug":"10-numara-ogrenci-kenti-mersinde-10-numara-acilis","status":"publish","type":"post","link":"https:\/\/akdenizolaygazetesi.com\/?p=23235","title":{"rendered":"10 NUMARA \u00d6\u011eRENC\u0130 KENT\u0130 MERS\u0130N&#8217;DE 10 NUMARA A\u00c7ILI\u015e"},"content":{"rendered":"<p>Mersin B\u00fcy\u00fck\u015fehir Belediyesi, Ba\u015fkan Vahap Se\u00e7er \u00f6nc\u00fcl\u00fc\u011f\u00fcnde \u00f6\u011frenci dostu belediyecilik anlay\u0131\u015f\u0131yla ger\u00e7ekle\u015ftirdi\u011fi hizmetlere ara vermeden devam ediyor. \u00d6\u011frencilerin ula\u015f\u0131m, beslenme ve bar\u0131nma gibi temel sorunlar\u0131n\u0131n \u00e7\u00f6z\u00fcm\u00fc i\u00e7in hayata ge\u00e7irdi\u011fi sosyal projelerle takdir toplayan B\u00fcy\u00fck\u015fehir Belediyesi, hizmetlerine bir yenisini daha ekledi.<\/p>\n<p>B\u00fcy\u00fck\u015fehir&#8217;in, \u00f6\u011frencilerin g\u00fcvenli bir \u015fekilde konaklayabilmeleri i\u00e7in hizmete sundu\u011fu &#8216;Y\u00fcksek\u00f6\u011frenim Erkek \u00d6\u011frenci Yurdu&#8217;nun a\u00e7\u0131l\u0131\u015f\u0131, B\u00fcy\u00fck\u015fehir Belediye Ba\u015fkan\u0131 Vahap Se\u00e7er ve e\u015fi Meral Se\u00e7er&#8217;in kat\u0131l\u0131m\u0131yla ger\u00e7ekle\u015fti. Her f\u0131rsatta temel prensibinin &#8220;Mersin&#8217;i \u00f6\u011frenci kenti yapmak&#8221; oldu\u011funu dile getiren Ba\u015fkan Se\u00e7er, yurdun a\u00e7\u0131l\u0131\u015f kurdelesini protokol \u00fcyeleri ve \u00f6\u011frencilerle birlikte kesti.<\/p>\n<p>Akdeniz il\u00e7esinde yer alan, 3 ve 4 ki\u015filik odalar\u0131n yer ald\u0131\u011f\u0131 120 yatak kapasitesine sahip &#8216;Y\u00fcksek\u00f6\u011frenim Erkek \u00d6\u011frenci Yurdu&#8217;nda \u00f6zel gereksinimli bireylerin kullan\u0131m\u0131na uygun birer ki\u015filik 5 adet de engelsiz oda bulunuyor. Yurtta ayr\u0131ca, sabah ve ak\u015fam yemek hizmeti de veriliyor.<\/p>\n<p> &#8220;\u00c7ocuklar iyi e\u011fitim al\u0131rsa refah toplumu olur&#8221;<\/p>\n<p>Mersin&#8217;e hizmet \u00fcretirken gen\u00e7leri ve e\u011fitimi ayr\u0131 bir noktada tuttuklar\u0131n\u0131 s\u00f6yleyen Ba\u015fkan Se\u00e7er, T\u00fcrkiye&#8217;de e\u011fitimde bar\u0131nma sorununun hem veliler hem \u00f6\u011frenciler i\u00e7in \u00e7ok s\u0131k\u0131nt\u0131 verici bir konu oldu\u011funu ifade etti. Hayata ge\u00e7irdikleri hizmetleri halk\u0131n kaynaklar\u0131yla kente kazand\u0131rd\u0131klar\u0131n\u0131 s\u00f6yleyen Ba\u015fkan Se\u00e7er, &#8220;Biz arac\u0131y\u0131z, \u00f6nemli olan bu kayna\u011f\u0131 halel getirmeden, israf etmeden size hizmete d\u00f6n\u00fc\u015ft\u00fcrmek&#8221; dedi.<\/p>\n<p>Son y\u0131llarda kentte \u00f6\u011frencilere y\u00f6nelik projeler ve k\u00fclt\u00fcrel etkinliklerin artmas\u0131yla \u00f6\u011frencilerin Mersin&#8217;e olan ilgisinin de y\u00fckseldi\u011fini belirten Ba\u015fkan Se\u00e7er, \u00e7ocuklar\u0131n iyi e\u011fitimiyle \u00fclkedeki refah ve mutlulu\u011fun do\u011fru orant\u0131l\u0131 oldu\u011funu s\u00f6yledi. Ba\u015fkan Se\u00e7er, eski t\u0131p fak\u00fcltesi hastanesinin metruk binas\u0131n\u0131 \u00f6\u011frenciler i\u00e7in elveri\u015fli bir yurda d\u00f6n\u00fc\u015ft\u00fcr\u00fcrken Mersin \u00dcniversitesi&#8217;nin de deste\u011fini ald\u0131klar\u0131n\u0131 belirtti. Se\u00e7er, &#8220;Birlikten g\u00fc\u00e7 do\u011far. Bu anlay\u0131\u015fla devam edersek yapamayaca\u011f\u0131m\u0131z i\u015f yok. Bug\u00fcne kadar ne yapt\u0131ysak emin olun \u00e7ok daha fazlas\u0131n\u0131 yaparak ilerleriz. Ba\u015far\u0131l\u0131 hizmetler olduk\u00e7a bizim de moralimiz y\u00fckseliyor. Sabah daha erken kalk\u0131yoruz. Uyumak bile istemiyoruz. \u00c7\u00fcnk\u00fc insanlar\u0131 mutlu g\u00f6r\u00fcyoruz. Enerjimiz onlar\u0131n mutlulu\u011fu&#8221; diye konu\u015ftu.<\/p>\n<p>Mersin&#8217;in her b\u00f6lgesine adil bir \u015fekilde hizmet g\u00f6t\u00fcrd\u00fcklerini vurgulayan Ba\u015fkan Se\u00e7er, ilkini G\u00fclnar&#8217;da a\u00e7t\u0131klar\u0131, K\u0131z \u00d6\u011frenci Yurdu ve Erkek \u00d6\u011frenci Konukevi&#8217;ne de\u011finerek, &#8220;Vatanda\u015flar\u0131m\u0131z aras\u0131nda asla ayr\u0131m yapm\u0131yoruz. Oradaki yurdumuz o b\u00f6lgeye canl\u0131l\u0131k getirdi&#8221; dedi.  <\/p>\n<p>&#8220;Kurumlar aras\u0131nda ileti\u015fim ve i\u015f birli\u011fi olursa i\u015fte b\u00f6yle g\u00fczel, at\u0131l binalar i\u015fe yarar&#8221;<\/p>\n<p>T\u00fcrkiye&#8217;de at\u0131l vaziyette bulunan binlerce binan\u0131n, kurumlarla i\u015f birli\u011fi kurularak i\u015flevsel hale getirilebilece\u011fini s\u00f6yleyen Ba\u015fkan Se\u00e7er, &#8220;Yine burada 120 kapasiteli bir yurdumuzu hizmete a\u00e7\u0131yoruz. Silifke Ta\u015fucu&#8217;nda bir \u00e7al\u0131\u015fmam\u0131z var; ihtiya\u00e7 var. Yine Mut&#8217;ta eski devlet hastanesi var. Bakanl\u0131ktan talebimizdir, istedik. Bu yurt i\u00e7in Rekt\u00f6r Bey&#8217;e, &#8216;Bura uygundur, bir yat\u0131r\u0131m yapal\u0131m, bir yurt a\u00e7al\u0131m, kente katk\u0131m\u0131z olsun&#8217; dedik. Bir s\u00f6z\u00fcm\u00fcz iki olmad\u0131. Neden? Bu bina halk\u0131n mal\u0131yd\u0131 zaten. T\u00fcrkiye&#8217;de binlerce kamu binas\u0131 var ve milyarlarca ekonomik de\u011fere sahip bu binalar at\u0131l vaziyette. Oysa kurumlar aras\u0131nda ileti\u015fim, i\u015f birli\u011fi olursa i\u015fte b\u00f6yle g\u00fczel, at\u0131l binalar i\u015fe yarar. Topluma hizmet eden \u00e7ok g\u00fczel birer yuva haline gelir&#8221; dedi. Se\u00e7er, yurt konusunda il\u00e7e belediyelerinin de \u00e7al\u0131\u015fmalar yapt\u0131\u011f\u0131 bilgisini payla\u015ft\u0131.<\/p>\n<p>Mersin B\u00fcy\u00fck\u015fehir Belediye Ba\u015fkan\u0131 olarak t\u00fcm Mersinlilere e\u015fit ve adil bir anlay\u0131\u015fla bakt\u0131\u011f\u0131n\u0131 ifade eden Ba\u015fkan Se\u00e7er, e\u011fitim alan\u0131nda \u00f6\u011frencilere sunduklar\u0131 &#8216;1 Ekmek 1 \u00c7orba&#8217;, &#8216;Mahalle Mutfaklar\u0131&#8217;, &#8216;\u00c7ama\u015f\u0131r Kafe&#8217; ve \u00f6\u011frenim deste\u011fini anlatt\u0131. Ba\u015fkan Se\u00e7er, &#8220;\u00c7ok de\u011ferli \u00e7al\u0131\u015fmalar Mersin i\u00e7in. Mersin&#8217;in gen\u00e7leri gitsin, T\u00fcrkiye&#8217;nin ve d\u00fcnyan\u0131n en iyi s\u0131navlar\u0131n\u0131 kazans\u0131n, Mersin&#8217;i onurland\u0131r\u0131p \u015fereflendirsin, ilim adam\u0131 ve bilim adam\u0131 olsun, m\u00fchendis,  doktor ve hukuk\u00e7u olsun. Mersin&#8217;de e\u011fitimli insan say\u0131s\u0131 ne kadar artarsa bizi T\u00fcrkiye&#8217;ye tan\u0131t\u0131r, d\u00fcnyaya tan\u0131t\u0131r. Mersin&#8217;in de marka de\u011feri artar&#8221; diye konu\u015ftu.<\/p>\n<p>&#8220;Mersin&#8217;deki t\u00fcm gen\u00e7leri mutlaka Adres Okuma Salonu&#8217;na bekliyorum&#8221;<\/p>\n<p>\u00d6n\u00fcm\u00fczdeki g\u00fcnlerde a\u00e7\u0131l\u0131\u015f\u0131 yap\u0131lacak olan Adres Okuma Salonu&#8217;nu da \u00f6vg\u00fcyle anlatan Ba\u015fkan Se\u00e7er, yazar Ahmet \u00dcmit&#8217;in de a\u00e7\u0131l\u0131\u015fa gelece\u011fi bilgisini verdi. Adres Okuma Salonu&#8217;nun \u00e7ok farkl\u0131 bir konseptte oldu\u011funu dile getiren Ba\u015fkan Se\u00e7er &#8220;Her ay ya da belli s\u00fcrelerle yazarlar gelip gen\u00e7lerle sohbet edecek. Mersin&#8217;deki t\u00fcm gen\u00e7leri mutlaka Adres Okuma Salonu&#8217;na bekliyorum. &#8216;T\u00fcrkiye&#8217;nin en iyi okuma salonu&#8217; dediler. G\u00f6rmenizi, \u00f6\u011frencilerimizin gidip \u00e7al\u0131\u015fmas\u0131n\u0131 tavsiye ederim. 24 saat a\u00e7\u0131k olacak. Orada huzur ve g\u00fcven ortam\u0131 var. Gen\u00e7lerimizi oraya bekliyoruz&#8221; ifadelerini kulland\u0131.  <\/p>\n<p>Tarhan: &#8220;Daha d\u00fcn Tarsus&#8217;ta bir kre\u015f a\u00e7\u0131ld\u0131. Bug\u00fcn ise burada \u00f6\u011frenci yurdu a\u00e7\u0131l\u0131yor&#8221;<\/p>\n<p>Sosyal belediyecilik anlay\u0131\u015f\u0131yla kente hizmet sunmaya \u00e7al\u0131\u015ft\u0131klar\u0131n\u0131 s\u00f6yleyen Mezitli Belediye Ba\u015fkan\u0131 Ne\u015fet Tarhan, &#8220;Daha d\u00fcn Tarsus&#8217;ta bir kre\u015f a\u00e7\u0131ld\u0131. Bug\u00fcn ise burada \u00f6\u011frenci yurdu a\u00e7\u0131l\u0131yor. Dar olanaklara ra\u011fmen \u015fikayet etmeden sosyal demokrat belediyeler T\u00fcrkiye&#8217;de, 4 y\u0131la yak\u0131n bir zamand\u0131r g\u00f6revlerini en iyi \u015fekilde yap\u0131yorlar ve halk\u0131n be\u011fenisini kazan\u0131yorlar&#8221; dedi.  <\/p>\n<p>Ya\u011fc\u0131: &#8220;B\u00fcy\u00fck\u015fehirle ilk i\u015f birli\u011fimiz de\u011fil&#8221;<\/p>\n<p>Yurdun, Mersin B\u00fcy\u00fck\u015fehir Belediyesi ile Mersin \u00dcniversitesi aras\u0131ndaki \u00f6nemli bir i\u015f birli\u011finin eseri oldu\u011funu s\u00f6yleyen Mersin \u00dcniversitesi Rekt\u00f6r Yard\u0131mc\u0131s\u0131 Prof. Dr. \u0130smail Ya\u011fc\u0131 &#8220;Mersin&#8217;de b\u00f6yle \u00f6rnek bir projenin hayata ge\u00e7irilmesinden dolay\u0131 biz de kurumumuz olarak \u00e7ok mutluyuz. Mersin B\u00fcy\u00fck\u015fehir Belediyesi ile bu ilk projemiz de de\u011fildi. Daha \u00f6nce G\u00fclnar yurdumuzu B\u00fcy\u00fck\u015fehir Belediyesi arac\u0131l\u0131\u011f\u0131yla hizmete a\u00e7t\u0131k&#8221; ifadelerini kulland\u0131.<\/p>\n<p>Antmen: &#8220;Yap\u0131lan hizmetlerin haddi hesab\u0131 yok&#8221;<\/p>\n<p>Cumhuriyet Halk Partisi (CHP) Mersin Milletvekili Alpay Antmen, a\u00e7\u0131l\u0131\u015fta yapt\u0131\u011f\u0131 konu\u015fmada &#8220;Mersin B\u00fcy\u00fck\u015fehir Belediyesi ilk\u00f6\u011fretim \u00e7a\u011f\u0131ndaki \u00e7ocuklar\u0131m\u0131z\u0131 &#8216;K\u0131r \u00c7i\u00e7ekleri Projesi&#8217; ile yeti\u015ftiriyor, \u00fcniversite \u00f6\u011frencilerine yurtlar ve \u00fcniversitenin \u00f6n\u00fcnde Mahalle Mutfa\u011f\u0131 ile destek veriyor. Di\u011fer yap\u0131lan hizmetlerin de haddi hesab\u0131 yok&#8221; vurgusu yapt\u0131.<\/p>\n<p>G\u00f6k\u00e7el: &#8220;Vahap Ba\u015fkan\u0131m\u0131z e\u011fitimli bireylerin yeti\u015fmesine katk\u0131da bulunuyor&#8221;<\/p>\n<p>Mersin B\u00fcy\u00fck\u015fehir Belediyesi&#8217;nin e\u011fitime ve \u00e7ocuklara verdi\u011fi \u00f6neme dikkat \u00e7eken CHP Mersin Milletvekili Cengiz G\u00f6k\u00e7el, &#8220;\u00d6zellikle e\u011fitim noktas\u0131nda \u00e7ocuklar\u0131m\u0131za ve ailelerine b\u00fcy\u00fck katk\u0131lar yap\u0131yorlar. En b\u00fcy\u00fck s\u0131k\u0131nt\u0131m\u0131z olan bar\u0131nma ve \u00e7ocuklar\u0131m\u0131z\u0131n yurt ihtiyac\u0131na ger\u00e7ekten yurt yaparak katk\u0131da bulunuyorlar&#8221; diye konu\u015ftu.<\/p>\n<p>CHP Mersin \u0130l Ba\u015fkan\u0131 Koral \u00d6m\u00fcr, kentteki \u00f6\u011frenciler i\u00e7in bu yurt hizmetinin \u00e7ok k\u0131ymetli oldu\u011funu vurgulad\u0131. &#8220;Bu g\u00fczel hizmet Mersin&#8217;imize hay\u0131rl\u0131 olsun&#8221; diyen \u00d6m\u00fcr, &#8220;T\u00fcrkiye&#8217;den \u015fehrimize gelen \u00f6\u011frenciler en ba\u015fta bar\u0131nma sorunuyla kar\u015f\u0131la\u015f\u0131yor. Bug\u00fcn a\u00e7\u0131l\u0131\u015f\u0131n\u0131 yapt\u0131\u011f\u0131m\u0131z \u00f6\u011frenci yurdunu Mersin&#8217;e kazand\u0131ran ve toplumun her kesimine, ilimizin her k\u00f6\u015fesine ayr\u0131m yapmadan e\u015fit hizmet g\u00f6t\u00fcren Ba\u015fkan\u0131m\u0131z Vahap Se\u00e7er&#8217;e ve \u00e7al\u0131\u015fma arkada\u015flar\u0131na te\u015fekk\u00fcr ediyoruz&#8221; dedi.<\/p>\n<p>Akdeniz il\u00e7esi \u0130hsaniye Mahalle Muhtar\u0131 Zehra Y\u0131lmaz, ba\u015fta mahallesi olmak \u00fczere Mersin&#8217;e kazand\u0131r\u0131lan bu yurdun e\u011fitime yap\u0131lan hizmetler aras\u0131nda b\u00fcy\u00fck \u00f6nem ta\u015f\u0131d\u0131\u011f\u0131n\u0131 s\u00f6yledi. Y\u0131lmaz, &#8220;Buras\u0131 metruk bir binayd\u0131. G\u00f6rd\u00fc\u011f\u00fcn\u00fcz gibi \u00e7evresindeki d\u00fckkanlar bombo\u015f oldu. Bu yurdun burada a\u00e7\u0131lmas\u0131 ve \u00f6\u011frencilerin gelmesinin, hem mahallemize hem esnaf\u0131m\u0131za hem de mahallenin hareketlili\u011fine canl\u0131l\u0131k kataca\u011f\u0131na inan\u0131yorum&#8221; diye konu\u015ftu.<\/p>\n<p>\u00d6\u011frencilerin yurttan olduk\u00e7a memnun oldu\u011funu s\u00f6yleyen B\u00fcy\u00fck\u015fehir Belediyesi Sosyal Hizmetler Dairesi Ba\u015fkan\u0131 Engin Y\u0131ld\u0131r\u0131m, &#8220;Mersin B\u00fcy\u00fck\u015fehir Belediyesi olarak \u00f6\u011frencilerimize, gen\u00e7lerimize de\u011fer veriyoruz. Sadece kentimizde ya\u015fayan gen\u00e7lere de\u011fil, e\u011fitim ama\u00e7l\u0131 kentimize d\u0131\u015far\u0131dan gelen \u00f6\u011frencilerimize de katk\u0131da bulunuyoruz&#8221; dedi.<\/p>\n<p>\u00d6\u011frenci velisi Ali \u015eehnaz, &#8220;\u00d6\u011frenciler bir y\u00fcksekokulu kazand\u0131\u011f\u0131 zaman sevin\u00e7 \u00e7\u0131\u011fl\u0131\u011f\u0131 atarken, biz anne ve babalar\u0131n akl\u0131na ilk gelen \u015fey &#8216;Acaba yurdu var m\u0131?&#8217;. Bunu d\u00fc\u015f\u00fcn\u00fcyoruz. Yurt, \u00f6zellikle y\u00fcksek\u00f6\u011frenim gen\u00e7li\u011fi i\u00e7in olmazsa olmaz bir \u015fey. B\u00fcy\u00fck\u015fehir Belediyemizin \u00f6\u011frencilerimize sundu\u011fu bu hizmet \u00f6nemli&#8221; diye konu\u015ftu.<\/p>\n<p>Y\u00fcksek\u00f6\u011frenim Erkek \u00d6\u011frenci Yurdu&#8217;nda kalan \u00f6\u011frencilerden \u015eeref Aksu, \u00f6\u011frenciler olarak bar\u0131nma konusunda \u00e7ok s\u0131k\u0131nt\u0131 \u00e7ektiklerini ve bu konuyu Teksin \u00fczerinden Ba\u015fkan Vahap Se\u00e7er&#8217;e ilettiklerini anlatarak, &#8220;Ben ve onlarca \u00f6\u011frenci arkada\u015f\u0131m ba\u015fvurularda bulunduk. Onlar da kay\u0131ts\u0131z kalmak yerine \u015fu anda a\u00e7\u0131l\u0131\u015f\u0131n\u0131 yapm\u0131\u015f oldu\u011fumuz yurdu bize kazand\u0131rd\u0131lar. Sadece yurtla yetinmediklerini g\u00f6r\u00fcyorum. 1,5 y\u0131ld\u0131r Mersin&#8217;deyim, \u00f6zellikle \u00fcniversitenin kap\u0131s\u0131ndaki Mahalle Mutfaklar\u0131, sahilde yeni a\u00e7\u0131lan k\u00fct\u00fcphaneler, spor kurslar\u0131, sahalar, Mersin sahilinin bozulmam\u0131\u015f olmas\u0131 her \u015fekilde Mersin B\u00fcy\u00fck\u015fehir Belediyesi&#8217;nin \u00f6\u011frencisine \u00f6nem verdi\u011fini g\u00f6rd\u00fck&#8221; dedi.<\/p>\n<p>Konu\u015fmalar\u0131n ard\u0131ndan Akdeniz Renkli Eller Kad\u0131n Giri\u015fimi \u00dcretim ve \u0130\u015fletme Kooperatifi \u00fcyeleri Ba\u015fkan Se\u00e7er&#8217;e kendi \u00fcrettikleri \u00fcr\u00fcnleri takdim etti. Ba\u015fkan Se\u00e7er, protokol \u00fcyeleri ve \u00f6\u011frencilerle birlikte a\u00e7\u0131l\u0131\u015f kurdelesini keserek yurdu gezdi. Yurtta konaklayan \u00f6\u011frencilerle sohbet eden Ba\u015fkan Se\u00e7er, e\u011fitim hayatlar\u0131nda \u00f6\u011frencilere ba\u015far\u0131lar diledi. \u00d6\u011frenciler de b\u00f6yle bir yurdu kendilerine kazand\u0131rd\u0131\u011f\u0131 i\u00e7in Ba\u015fkan Se\u00e7er&#8217;e te\u015fekk\u00fcr etti.<\/p>\n","protected":false},"excerpt":{"rendered":"<p>Mersin B\u00fcy\u00fck\u015fehir Belediyesi, Ba\u015fkan Vahap Se\u00e7er \u00f6nc\u00fcl\u00fc\u011f\u00fcnde \u00f6\u011frenci dostu belediyecilik anlay\u0131\u015f\u0131yla ger\u00e7ekle\u015ftirdi\u011fi hizmetlere ara vermeden devam ediyor. \u00d6\u011frencilerin ula\u015f\u0131m, beslenme ve bar\u0131nma gibi temel sorunlar\u0131n\u0131n \u00e7\u00f6z\u00fcm\u00fc i\u00e7in hayata ge\u00e7irdi\u011fi sosyal &hellip; <a href=\"https:\/\/akdenizolaygazetesi.com\/?p=23235\" class=\"more-link\">Devam\u0131n\u0131 Oku&#8230;<\/a><\/p>\n","protected":false},"author":2,"featured_media":23236,"comment_status":"open","ping_status":"open","sticky":false,"template":"","format":"standard","meta":[],"categories":[34,1,2,3],"tags":[],"_links":{"self":[{"href":"https:\/\/akdenizolaygazetesi.com\/index.php?rest_route=\/wp\/v2\/posts\/23235"}],"collection":[{"href":"https:\/\/akdenizolaygazetesi.com\/index.php?rest_route=\/wp\/v2\/posts"}],"about":[{"href":"https:\/\/akdenizolaygazetesi.com\/index.php?rest_route=\/wp\/v2\/types\/post"}],"author":[{"embeddable":true,"href":"https:\/\/akdenizolaygazetesi.com\/index.php?rest_route=\/wp\/v2\/users\/2"}],"replies":[{"embeddable":true,"href":"https:\/\/akdenizolaygazetesi.com\/index.php?rest_route=%2Fwp%2Fv2%2Fcomments&post=23235"}],"version-history":[{"count":1,"href":"https:\/\/akdenizolaygazetesi.com\/index.php?rest_route=\/wp\/v2\/posts\/23235\/revisions"}],"predecessor-version":[{"id":23237,"href":"https:\/\/akdenizolaygazetesi.com\/index.php?rest_route=\/wp\/v2\/posts\/23235\/revisions\/23237"}],"wp:featuredmedia":[{"embeddable":true,"href":"https:\/\/akdenizolaygazetesi.com\/index.php?rest_route=\/wp\/v2\/media\/23236"}],"wp:attachment":[{"href":"https:\/\/akdenizolaygazetesi.com\/index.php?rest_route=%2Fwp%2Fv2%2Fmedia&parent=23235"}],"wp:term":[{"taxonomy":"category","embeddable":true,"href":"https:\/\/akdenizolaygazetesi.com\/index.php?rest_route=%2Fwp%2Fv2%2Fcategories&post=23235"},{"taxonomy":"post_tag","embeddable":true,"href":"https:\/\/akdenizolaygazetesi.com\/index.php?rest_route=%2Fwp%2Fv2%2Ftags&post=23235"}],"curies":[{"name":"wp","href":"https:\/\/api.w.org\/{rel}","templated":true}]}}